{"id":6808,"date":"2023-09-29T13:05:01","date_gmt":"2023-09-29T18:05:01","guid":{"rendered":"https:\/\/www.redttu.edu.co\/es\/?p=6808"},"modified":"2023-09-29T13:05:01","modified_gmt":"2023-09-29T18:05:01","slug":"instituciones-del-capitulo-eje-cafetero-recibieron-reconocimiento-especial-de-la-redttu-con-ocasion-de-la-celebracion-de-sus-aniversarios-de-fundacion","status":"publish","type":"post","link":"https:\/\/www.redttu.edu.co\/es\/instituciones-del-capitulo-eje-cafetero-recibieron-reconocimiento-especial-de-la-redttu-con-ocasion-de-la-celebracion-de-sus-aniversarios-de-fundacion\/","title":{"rendered":"INSTITUCIONES DEL CAP\u00cdTULO EJE CAFETERO RECIBIERON RECONOCIMIENTO ESPECIAL DE LA REDTTU CON OCASI\u00d3N   DE LA CELEBRACI\u00d3N DE SUS ANIVERSARIOS DE FUNDACI\u00d3N"},"content":{"rendered":"<p><div class=\"fusion-fullwidth fullwidth-box fusion-builder-row-1 fusion-flex-container has-pattern-background has-mask-background nonhundred-percent-fullwidth non-hundred-percent-height-scrolling\" style=\"--awb-border-radius-top-left:0px;--awb-border-radius-top-right:0px;--awb-border-radius-bottom-right:0px;--awb-border-radius-bottom-left:0px;--awb-flex-wrap:wrap;\" ><div class=\"fusion-builder-row fusion-row fusion-flex-align-items-flex-start fusion-flex-content-wrap\" style=\"max-width:1144px;margin-left: calc(-4% \/ 2 );margin-right: calc(-4% \/ 2 );\"><div class=\"fusion-layout-column fusion_builder_column fusion-builder-column-0 fusion_builder_column_1_4 1_4 fusion-flex-column\" style=\"--awb-bg-size:cover;--awb-width-large:25%;--awb-margin-top-large:0px;--awb-spacing-right-large:7.68%;--awb-margin-bottom-large:20px;--awb-spacing-left-large:7.68%;--awb-width-medium:100%;--awb-order-medium:0;--awb-spacing-right-medium:1.92%;--awb-spacing-left-medium:1.92%;--awb-width-small:100%;--awb-order-small:0;--awb-spacing-right-small:1.92%;--awb-spacing-left-small:1.92%;\"><div class=\"fusion-column-wrapper fusion-column-has-shadow fusion-flex-justify-content-flex-start fusion-content-layout-column\"><\/div><\/div><div class=\"fusion-layout-column fusion_builder_column fusion-builder-column-1 fusion_builder_column_1_4 1_4 fusion-flex-column\" style=\"--awb-bg-size:cover;--awb-width-large:25%;--awb-margin-top-large:0px;--awb-spacing-right-large:7.68%;--awb-margin-bottom-large:20px;--awb-spacing-left-large:7.68%;--awb-width-medium:100%;--awb-order-medium:0;--awb-spacing-right-medium:1.92%;--awb-spacing-left-medium:1.92%;--awb-width-small:100%;--awb-order-small:0;--awb-spacing-right-small:1.92%;--awb-spacing-left-small:1.92%;\"><div class=\"fusion-column-wrapper fusion-column-has-shadow fusion-flex-justify-content-flex-start fusion-content-layout-column\"><\/div><\/div><div class=\"fusion-layout-column fusion_builder_column fusion-builder-column-2 fusion_builder_column_1_4 1_4 fusion-flex-column\" style=\"--awb-bg-size:cover;--awb-width-large:25%;--awb-margin-top-large:0px;--awb-spacing-right-large:7.68%;--awb-margin-bottom-large:20px;--awb-spacing-left-large:7.68%;--awb-width-medium:100%;--awb-order-medium:0;--awb-spacing-right-medium:1.92%;--awb-spacing-left-medium:1.92%;--awb-width-small:100%;--awb-order-small:0;--awb-spacing-right-small:1.92%;--awb-spacing-left-small:1.92%;\"><div class=\"fusion-column-wrapper fusion-column-has-shadow fusion-flex-justify-content-flex-start fusion-content-layout-column\"><\/div><\/div><div class=\"fusion-layout-column fusion_builder_column fusion-builder-column-3 fusion_builder_column_1_4 1_4 fusion-flex-column\" style=\"--awb-bg-size:cover;--awb-width-large:25%;--awb-margin-top-large:0px;--awb-spacing-right-large:7.68%;--awb-margin-bottom-large:20px;--awb-spacing-left-large:7.68%;--awb-width-medium:100%;--awb-order-medium:0;--awb-spacing-right-medium:1.92%;--awb-spacing-left-medium:1.92%;--awb-width-small:100%;--awb-order-small:0;--awb-spacing-right-small:1.92%;--awb-spacing-left-small:1.92%;\"><div class=\"fusion-column-wrapper fusion-column-has-shadow fusion-flex-justify-content-flex-start fusion-content-layout-column\"><div class=\"fusion-image-element \" style=\"--awb-caption-title-font-family:var(--h2_typography-font-family);--awb-caption-title-font-weight:var(--h2_typography-font-weight);--awb-caption-title-font-style:var(--h2_typography-font-style);--awb-caption-title-size:var(--h2_typography-font-size);--awb-caption-title-transform:var(--h2_typography-text-transform);--awb-caption-title-line-height:var(--h2_typography-line-height);--awb-caption-title-letter-spacing:var(--h2_typography-letter-spacing);\"><span class=\" fusion-imageframe imageframe-none imageframe-1 hover-type-none\"><img decoding=\"async\" width=\"173\" height=\"79\" alt=\"Logo REDTTU\" title=\"Logo REDTTU\" src=\"https:\/\/www.redttu.edu.co\/es\/wp-content\/uploads\/2019\/03\/logo_x2.jpg\" class=\"img-responsive wp-image-3289\"\/><\/span><\/div><\/div><\/div><\/div><\/div><div class=\"fusion-fullwidth fullwidth-box fusion-builder-row-2 fusion-flex-container has-pattern-background has-mask-background nonhundred-percent-fullwidth non-hundred-percent-height-scrolling\" style=\"--awb-border-radius-top-left:0px;--awb-border-radius-top-right:0px;--awb-border-radius-bottom-right:0px;--awb-border-radius-bottom-left:0px;--awb-flex-wrap:wrap;\" ><div class=\"fusion-builder-row fusion-row fusion-flex-align-items-flex-start fusion-flex-content-wrap\" style=\"max-width:1144px;margin-left: calc(-4% \/ 2 );margin-right: calc(-4% \/ 2 );\"><div class=\"fusion-layout-column fusion_builder_column fusion-builder-column-4 fusion_builder_column_1_3 1_3 fusion-flex-column\" style=\"--awb-bg-size:cover;--awb-width-large:33.333333333333%;--awb-margin-top-large:0px;--awb-spacing-right-large:5.76%;--awb-margin-bottom-large:20px;--awb-spacing-left-large:5.76%;--awb-width-medium:100%;--awb-order-medium:0;--awb-spacing-right-medium:1.92%;--awb-spacing-left-medium:1.92%;--awb-width-small:100%;--awb-order-small:0;--awb-spacing-right-small:1.92%;--awb-spacing-left-small:1.92%;\"><div class=\"fusion-column-wrapper fusion-column-has-shadow fusion-flex-justify-content-flex-start fusion-content-layout-column\"><\/div><\/div><div class=\"fusion-layout-column fusion_builder_column fusion-builder-column-5 fusion_builder_column_1_3 1_3 fusion-flex-column\" style=\"--awb-bg-size:cover;--awb-width-large:33.333333333333%;--awb-margin-top-large:0px;--awb-spacing-right-large:5.76%;--awb-margin-bottom-large:20px;--awb-spacing-left-large:5.76%;--awb-width-medium:100%;--awb-order-medium:0;--awb-spacing-right-medium:1.92%;--awb-spacing-left-medium:1.92%;--awb-width-small:100%;--awb-order-small:0;--awb-spacing-right-small:1.92%;--awb-spacing-left-small:1.92%;\"><div class=\"fusion-column-wrapper fusion-column-has-shadow fusion-flex-justify-content-flex-start fusion-content-layout-column\"><div class=\"fusion-image-element \" style=\"--awb-caption-title-font-family:var(--h2_typography-font-family);--awb-caption-title-font-weight:var(--h2_typography-font-weight);--awb-caption-title-font-style:var(--h2_typography-font-style);--awb-caption-title-size:var(--h2_typography-font-size);--awb-caption-title-transform:var(--h2_typography-text-transform);--awb-caption-title-line-height:var(--h2_typography-line-height);--awb-caption-title-letter-spacing:var(--h2_typography-letter-spacing);\"><span class=\" fusion-imageframe imageframe-none imageframe-2 hover-type-none\"><img decoding=\"async\" width=\"256\" height=\"363\" alt=\"Flash News\" title=\"Flash News\" src=\"https:\/\/www.redttu.edu.co\/es\/wp-content\/uploads\/2019\/10\/Adobe_Post_20190930_1711220.jpg\" class=\"img-responsive wp-image-4283\"\/><\/span><\/div><\/div><\/div><div class=\"fusion-layout-column fusion_builder_column fusion-builder-column-6 fusion_builder_column_1_3 1_3 fusion-flex-column\" style=\"--awb-bg-size:cover;--awb-width-large:33.333333333333%;--awb-margin-top-large:0px;--awb-spacing-right-large:5.76%;--awb-margin-bottom-large:20px;--awb-spacing-left-large:5.76%;--awb-width-medium:100%;--awb-order-medium:0;--awb-spacing-right-medium:1.92%;--awb-spacing-left-medium:1.92%;--awb-width-small:100%;--awb-order-small:0;--awb-spacing-right-small:1.92%;--awb-spacing-left-small:1.92%;\"><div class=\"fusion-column-wrapper fusion-column-has-shadow fusion-flex-justify-content-flex-start fusion-content-layout-column\"><\/div><\/div><\/div><\/div><div class=\"fusion-fullwidth fullwidth-box fusion-builder-row-3 fusion-flex-container has-pattern-background has-mask-background nonhundred-percent-fullwidth non-hundred-percent-height-scrolling\" style=\"--awb-border-radius-top-left:0px;--awb-border-radius-top-right:0px;--awb-border-radius-bottom-right:0px;--awb-border-radius-bottom-left:0px;--awb-flex-wrap:wrap;\" ><div class=\"fusion-builder-row fusion-row fusion-flex-align-items-flex-start fusion-flex-content-wrap\" style=\"max-width:1144px;margin-left: calc(-4% \/ 2 );margin-right: calc(-4% \/ 2 );\"><div class=\"fusion-layout-column fusion_builder_column fusion-builder-column-7 fusion_builder_column_1_1 1_1 fusion-flex-column\" style=\"--awb-bg-size:cover;--awb-width-large:100%;--awb-margin-top-large:0px;--awb-spacing-right-large:1.92%;--awb-margin-bottom-large:20px;--awb-spacing-left-large:1.92%;--awb-width-medium:100%;--awb-order-medium:0;--awb-spacing-right-medium:1.92%;--awb-spacing-left-medium:1.92%;--awb-width-small:100%;--awb-order-small:0;--awb-spacing-right-small:1.92%;--awb-spacing-left-small:1.92%;\"><div class=\"fusion-column-wrapper fusion-column-has-shadow fusion-flex-justify-content-flex-start fusion-content-layout-column\"><div class=\"fusion-title title fusion-title-1 fusion-title-text fusion-title-size-one\"><div class=\"title-sep-container title-sep-container-left fusion-no-large-visibility fusion-no-medium-visibility fusion-no-small-visibility\"><div class=\"title-sep sep-double sep-solid\" style=\"border-color:#e0dede;\"><\/div><\/div><span class=\"awb-title-spacer fusion-no-large-visibility fusion-no-medium-visibility fusion-no-small-visibility\"><\/span><h1 class=\"fusion-title-heading title-heading-left fusion-responsive-typography-calculated\" style=\"margin:0;--fontSize:34;line-height:1.41;\"><h1><b>INSTITUCIONES DEL CAP\u00cdTULO EJE CAFETERO RECIBIERON RECONOCIMIENTO ESPECIAL DE LA REDTTU CON OCASI\u00d3N\u00a0 DE LA CELEBRACI\u00d3N DE SUS ANIVERSARIOS DE FUNDACI\u00d3N<\/b><\/h1><\/h1><span class=\"awb-title-spacer\"><\/span><div class=\"title-sep-container title-sep-container-right\"><div class=\"title-sep sep-double sep-solid\" style=\"border-color:#e0dede;\"><\/div><\/div><\/div><\/div><\/div><\/div><\/div><div class=\"fusion-fullwidth fullwidth-box fusion-builder-row-4 fusion-flex-container has-pattern-background has-mask-background nonhundred-percent-fullwidth non-hundred-percent-height-scrolling\" style=\"--awb-border-radius-top-left:0px;--awb-border-radius-top-right:0px;--awb-border-radius-bottom-right:0px;--awb-border-radius-bottom-left:0px;--awb-flex-wrap:wrap;\" ><div class=\"fusion-builder-row fusion-row fusion-flex-align-items-flex-start fusion-flex-content-wrap\" style=\"max-width:1144px;margin-left: calc(-4% \/ 2 );margin-right: calc(-4% \/ 2 );\"><div class=\"fusion-layout-column fusion_builder_column fusion-builder-column-8 fusion_builder_column_1_1 1_1 fusion-flex-column\" style=\"--awb-bg-size:cover;--awb-width-large:100%;--awb-margin-top-large:0px;--awb-spacing-right-large:1.92%;--awb-margin-bottom-large:20px;--awb-spacing-left-large:1.92%;--awb-width-medium:100%;--awb-order-medium:0;--awb-spacing-right-medium:1.92%;--awb-spacing-left-medium:1.92%;--awb-width-small:100%;--awb-order-small:0;--awb-spacing-right-small:1.92%;--awb-spacing-left-small:1.92%;\"><div class=\"fusion-column-wrapper fusion-column-has-shadow fusion-flex-justify-content-flex-start fusion-content-layout-column\"><div class=\"fusion-image-element \" style=\"text-align:center;--awb-caption-title-font-family:var(--h2_typography-font-family);--awb-caption-title-font-weight:var(--h2_typography-font-weight);--awb-caption-title-font-style:var(--h2_typography-font-style);--awb-caption-title-size:var(--h2_typography-font-size);--awb-caption-title-transform:var(--h2_typography-text-transform);--awb-caption-title-line-height:var(--h2_typography-line-height);--awb-caption-title-letter-spacing:var(--h2_typography-letter-spacing);\"><span class=\" fusion-imageframe imageframe-none imageframe-3 hover-type-none\"><img decoding=\"async\" width=\"1206\" height=\"647\" alt=\"En la Fotograf\u00eda: Rector del Tecnol\u00f3gico de Antioquia, Leonardo Garc\u00eda Botero\" title=\"En la Fotograf\u00eda: Rector del Tecnol\u00f3gico de Antioquia, Leonardo Garc\u00eda Botero\" src=\"https:\/\/www.redttu.edu.co\/es\/wp-content\/uploads\/2023\/09\/Captura-de-pantalla-2023-09-29-a-las-12.28.35-p.m.png\" class=\"img-responsive wp-image-6810\" srcset=\"https:\/\/www.redttu.edu.co\/es\/wp-content\/uploads\/2023\/09\/Captura-de-pantalla-2023-09-29-a-las-12.28.35-p.m-200x107.png 200w, https:\/\/www.redttu.edu.co\/es\/wp-content\/uploads\/2023\/09\/Captura-de-pantalla-2023-09-29-a-las-12.28.35-p.m-400x215.png 400w, https:\/\/www.redttu.edu.co\/es\/wp-content\/uploads\/2023\/09\/Captura-de-pantalla-2023-09-29-a-las-12.28.35-p.m-600x322.png 600w, https:\/\/www.redttu.edu.co\/es\/wp-content\/uploads\/2023\/09\/Captura-de-pantalla-2023-09-29-a-las-12.28.35-p.m-800x429.png 800w, https:\/\/www.redttu.edu.co\/es\/wp-content\/uploads\/2023\/09\/Captura-de-pantalla-2023-09-29-a-las-12.28.35-p.m-1200x644.png 1200w, https:\/\/www.redttu.edu.co\/es\/wp-content\/uploads\/2023\/09\/Captura-de-pantalla-2023-09-29-a-las-12.28.35-p.m.png 1206w\" sizes=\"(max-width: 1024px) 100vw, (max-width: 640px) 100vw, 1200px\" \/><\/span><\/div><\/div><\/div><\/div><\/div><div class=\"fusion-fullwidth fullwidth-box fusion-builder-row-5 fusion-flex-container has-pattern-background has-mask-background nonhundred-percent-fullwidth non-hundred-percent-height-scrolling\" style=\"--awb-border-radius-top-left:0px;--awb-border-radius-top-right:0px;--awb-border-radius-bottom-right:0px;--awb-border-radius-bottom-left:0px;--awb-flex-wrap:wrap;\" ><div class=\"fusion-builder-row fusion-row fusion-flex-align-items-flex-start fusion-flex-content-wrap\" style=\"max-width:1144px;margin-left: calc(-4% \/ 2 );margin-right: calc(-4% \/ 2 );\"><div class=\"fusion-layout-column fusion_builder_column fusion-builder-column-9 fusion_builder_column_1_1 1_1 fusion-flex-column\" style=\"--awb-bg-size:cover;--awb-width-large:100%;--awb-margin-top-large:0px;--awb-spacing-right-large:1.92%;--awb-margin-bottom-large:20px;--awb-spacing-left-large:1.92%;--awb-width-medium:100%;--awb-order-medium:0;--awb-spacing-right-medium:1.92%;--awb-spacing-left-medium:1.92%;--awb-width-small:100%;--awb-order-small:0;--awb-spacing-right-small:1.92%;--awb-spacing-left-small:1.92%;\"><div class=\"fusion-column-wrapper fusion-column-has-shadow fusion-flex-justify-content-flex-start fusion-content-layout-column\"><div class=\"fusion-text fusion-text-1\"><p style=\"text-align: left;\"><span style=\"color: #000000;\"><b>Medell\u00edn, 20 de Septiembre de 2023<\/b><\/span><\/p>\n<p style=\"text-align: left;\"><span style=\"color: #000000;\"><b>El Tecnol\u00f3gico de Antioquia:\u00a0 40 A\u00f1os de Excelencia Educativa<\/b><\/span><\/p>\n<p style=\"text-align: justify;\"><span style=\"font-weight: 400; color: #000000;\">El Tecnol\u00f3gico de Antioquia conmemor\u00f3 sus 40 a\u00f1os de trayectoria acad\u00e9mica el pasado 20 de septiembre en el Centro de Convenciones Plaza Mayor. La velada cont\u00f3 con la asistencia de representantes de diversos sectores de la comunidad educativa e invitados especiales.<\/span><\/p>\n<p style=\"text-align: justify;\"><span style=\"color: #000000;\"><span style=\"font-weight: 400;\">El evento inici\u00f3 con una interpretaci\u00f3n a capela de los himnos Nacional, Antioque\u00f1o y del Tecnol\u00f3gico de Antioquia por parte del grupo de la<\/span><em><strong> Cl\u00e1sica L\u00edrica del TdeA<\/strong><\/em><span style=\"font-weight: 400;\"><em><strong>.<\/strong><\/em> A lo largo de la noche, se recrearon situaciones humor\u00edsticas y breves relatos que ilustraron la historia institucional, desde los desaf\u00edos iniciales como Centro Educacional Femenino de Antioquia -CEFA- hasta la reubicaci\u00f3n en la sede de Robledo. Durante\u00a0 la ceremonia el rector del Tecnol\u00f3gico de Antioquia, Leonardo Garc\u00eda Botero, subray\u00f3 la relevancia de la colaboraci\u00f3n y el trabajo en equipo en la direcci\u00f3n de un proyecto universitario. En su discurso, expres\u00f3: \u00ab<\/span><i><span style=\"font-weight: 400;\">El Tecnol\u00f3gico de Antioquia lo componen aquellos que forjaron sus cimientos, los que forman parte de \u00e9l en el presente y aquellos que lo guiar\u00e1n hacia el futuro. Todos nosotros compartimos un compromiso ineludible: la generaci\u00f3n y construcci\u00f3n del conocimiento, la b\u00fasqueda constante de la excelencia y la formaci\u00f3n de ciudadanos ejemplares para una sociedad responsable<\/span><\/i><span style=\"font-weight: 400;\">\u00ab.<\/span><\/span><\/p>\n<\/div><\/div><\/div><\/div><\/div><div class=\"fusion-fullwidth fullwidth-box fusion-builder-row-6 fusion-flex-container has-pattern-background has-mask-background nonhundred-percent-fullwidth non-hundred-percent-height-scrolling\" style=\"--awb-border-radius-top-left:0px;--awb-border-radius-top-right:0px;--awb-border-radius-bottom-right:0px;--awb-border-radius-bottom-left:0px;--awb-flex-wrap:wrap;\" ><div class=\"fusion-builder-row fusion-row fusion-flex-align-items-flex-start fusion-flex-content-wrap\" style=\"max-width:1144px;margin-left: calc(-4% \/ 2 );margin-right: calc(-4% \/ 2 );\"><div class=\"fusion-layout-column fusion_builder_column fusion-builder-column-10 fusion_builder_column_1_1 1_1 fusion-flex-column\" style=\"--awb-bg-size:cover;--awb-width-large:100%;--awb-margin-top-large:0px;--awb-spacing-right-large:1.92%;--awb-margin-bottom-large:20px;--awb-spacing-left-large:1.92%;--awb-width-medium:100%;--awb-order-medium:0;--awb-spacing-right-medium:1.92%;--awb-spacing-left-medium:1.92%;--awb-width-small:100%;--awb-order-small:0;--awb-spacing-right-small:1.92%;--awb-spacing-left-small:1.92%;\"><div class=\"fusion-column-wrapper fusion-column-has-shadow fusion-flex-justify-content-flex-start fusion-content-layout-column\"><div class=\"fusion-image-element \" style=\"text-align:center;--awb-caption-title-font-family:var(--h2_typography-font-family);--awb-caption-title-font-weight:var(--h2_typography-font-weight);--awb-caption-title-font-style:var(--h2_typography-font-style);--awb-caption-title-size:var(--h2_typography-font-size);--awb-caption-title-transform:var(--h2_typography-text-transform);--awb-caption-title-line-height:var(--h2_typography-line-height);--awb-caption-title-letter-spacing:var(--h2_typography-letter-spacing);\"><span class=\" fusion-imageframe imageframe-none imageframe-4 hover-type-none\"><img decoding=\"async\" width=\"1113\" height=\"729\" alt=\"En la Fotograf\u00eda: Rector del Tecnol\u00f3gico de Antioquia, Leonardo Garc\u00eda Botero, en su discurso durante la Gala de Celebraci\u00f3n del Cuadrag\u00e9simo aniversario de la fundaci\u00f3n del TdeA.\" title=\"En la Fotograf\u00eda: Rector del Tecnol\u00f3gico de Antioquia, Leonardo Garc\u00eda Botero, en su discurso durante la Gala de Celebraci\u00f3n del Cuadrag\u00e9simo aniversario de la fundaci\u00f3n del TdeA.\" src=\"https:\/\/www.redttu.edu.co\/es\/wp-content\/uploads\/2023\/09\/Captura-de-pantalla-2023-09-29-a-las-12.45.39-p.m.png\" class=\"img-responsive wp-image-6813\" srcset=\"https:\/\/www.redttu.edu.co\/es\/wp-content\/uploads\/2023\/09\/Captura-de-pantalla-2023-09-29-a-las-12.45.39-p.m-200x131.png 200w, https:\/\/www.redttu.edu.co\/es\/wp-content\/uploads\/2023\/09\/Captura-de-pantalla-2023-09-29-a-las-12.45.39-p.m-400x262.png 400w, https:\/\/www.redttu.edu.co\/es\/wp-content\/uploads\/2023\/09\/Captura-de-pantalla-2023-09-29-a-las-12.45.39-p.m-600x393.png 600w, https:\/\/www.redttu.edu.co\/es\/wp-content\/uploads\/2023\/09\/Captura-de-pantalla-2023-09-29-a-las-12.45.39-p.m-800x524.png 800w, https:\/\/www.redttu.edu.co\/es\/wp-content\/uploads\/2023\/09\/Captura-de-pantalla-2023-09-29-a-las-12.45.39-p.m.png 1113w\" sizes=\"(max-width: 1024px) 100vw, (max-width: 640px) 100vw, 1113px\" \/><\/span><\/div><\/div><\/div><\/div><\/div><div class=\"fusion-fullwidth fullwidth-box fusion-builder-row-7 fusion-flex-container has-pattern-background has-mask-background nonhundred-percent-fullwidth non-hundred-percent-height-scrolling\" style=\"--awb-border-radius-top-left:0px;--awb-border-radius-top-right:0px;--awb-border-radius-bottom-right:0px;--awb-border-radius-bottom-left:0px;--awb-flex-wrap:wrap;\" ><div class=\"fusion-builder-row fusion-row fusion-flex-align-items-flex-start fusion-flex-content-wrap\" style=\"max-width:1144px;margin-left: calc(-4% \/ 2 );margin-right: calc(-4% \/ 2 );\"><div class=\"fusion-layout-column fusion_builder_column fusion-builder-column-11 fusion_builder_column_1_1 1_1 fusion-flex-column\" style=\"--awb-bg-size:cover;--awb-width-large:100%;--awb-margin-top-large:0px;--awb-spacing-right-large:1.92%;--awb-margin-bottom-large:20px;--awb-spacing-left-large:1.92%;--awb-width-medium:100%;--awb-order-medium:0;--awb-spacing-right-medium:1.92%;--awb-spacing-left-medium:1.92%;--awb-width-small:100%;--awb-order-small:0;--awb-spacing-right-small:1.92%;--awb-spacing-left-small:1.92%;\"><div class=\"fusion-column-wrapper fusion-column-has-shadow fusion-flex-justify-content-flex-start fusion-content-layout-column\"><div class=\"fusion-text fusion-text-2\"><p style=\"text-align: justify;\"><span style=\"color: #000000;\">Se rindi\u00f3 un homenaje a exrectores y destacadas personalidades que han contribuido al crecimiento y prestigio de esta instituci\u00f3n desde el a\u00f1o 1983. Entre los honrados se destaca a Olga Osorio de Cuervo, rectora fundadora, quien rememor\u00f3 los albores del Tecnol\u00f3gico de Antioquia, y los exrectores Libardo Alvarez y Lorenzo Portocarrero. La Secretaria de Educaci\u00f3n Departamental, M\u00f3nica Quiroz Viana, hizo hincapi\u00e9 en la magnitud de la relevancia del Tecnol\u00f3gico de Antioquia como un patrimonio invaluable del Departamento de Antioquia y extendi\u00f3 su sincero agradecimiento a todos aquellos que han posibilitado la celebraci\u00f3n de cuatro d\u00e9cadas de historia acad\u00e9mica.<\/span><\/p>\n<\/div><\/div><\/div><\/div><\/div><div class=\"fusion-fullwidth fullwidth-box fusion-builder-row-8 fusion-flex-container has-pattern-background has-mask-background nonhundred-percent-fullwidth non-hundred-percent-height-scrolling\" style=\"--awb-border-radius-top-left:0px;--awb-border-radius-top-right:0px;--awb-border-radius-bottom-right:0px;--awb-border-radius-bottom-left:0px;--awb-flex-wrap:wrap;\" ><div class=\"fusion-builder-row fusion-row fusion-flex-align-items-flex-start fusion-flex-content-wrap\" style=\"max-width:1144px;margin-left: calc(-4% \/ 2 );margin-right: calc(-4% \/ 2 );\"><div class=\"fusion-layout-column fusion_builder_column fusion-builder-column-12 fusion_builder_column_1_1 1_1 fusion-flex-column\" style=\"--awb-bg-size:cover;--awb-width-large:100%;--awb-margin-top-large:0px;--awb-spacing-right-large:1.92%;--awb-margin-bottom-large:20px;--awb-spacing-left-large:1.92%;--awb-width-medium:100%;--awb-order-medium:0;--awb-spacing-right-medium:1.92%;--awb-spacing-left-medium:1.92%;--awb-width-small:100%;--awb-order-small:0;--awb-spacing-right-small:1.92%;--awb-spacing-left-small:1.92%;\"><div class=\"fusion-column-wrapper fusion-column-has-shadow fusion-flex-justify-content-flex-start fusion-content-layout-column\"><div class=\"fusion-image-element \" style=\"text-align:center;--awb-caption-title-font-family:var(--h2_typography-font-family);--awb-caption-title-font-weight:var(--h2_typography-font-weight);--awb-caption-title-font-style:var(--h2_typography-font-style);--awb-caption-title-size:var(--h2_typography-font-size);--awb-caption-title-transform:var(--h2_typography-text-transform);--awb-caption-title-line-height:var(--h2_typography-line-height);--awb-caption-title-letter-spacing:var(--h2_typography-letter-spacing);\"><span class=\" fusion-imageframe imageframe-none imageframe-5 hover-type-none\"><img decoding=\"async\" width=\"1138\" height=\"764\" alt=\"En la fotograf\u00eda: Olga Osorio de Cuervo exrectora y fundadora del TdeA con el rector Leonardo Garcia\" title=\"En la fotograf\u00eda: Olga Osorio de Cuervo exrectora y fundadora del TdeA con el rector Leonardo Garcia\" src=\"https:\/\/www.redttu.edu.co\/es\/wp-content\/uploads\/2023\/09\/Captura-de-pantalla-2023-09-29-a-las-12.48.03-p.m.png\" class=\"img-responsive wp-image-6814\" srcset=\"https:\/\/www.redttu.edu.co\/es\/wp-content\/uploads\/2023\/09\/Captura-de-pantalla-2023-09-29-a-las-12.48.03-p.m-200x134.png 200w, https:\/\/www.redttu.edu.co\/es\/wp-content\/uploads\/2023\/09\/Captura-de-pantalla-2023-09-29-a-las-12.48.03-p.m-400x269.png 400w, https:\/\/www.redttu.edu.co\/es\/wp-content\/uploads\/2023\/09\/Captura-de-pantalla-2023-09-29-a-las-12.48.03-p.m-600x403.png 600w, https:\/\/www.redttu.edu.co\/es\/wp-content\/uploads\/2023\/09\/Captura-de-pantalla-2023-09-29-a-las-12.48.03-p.m-800x537.png 800w, https:\/\/www.redttu.edu.co\/es\/wp-content\/uploads\/2023\/09\/Captura-de-pantalla-2023-09-29-a-las-12.48.03-p.m.png 1138w\" sizes=\"(max-width: 1024px) 100vw, (max-width: 640px) 100vw, 1138px\" \/><\/span><\/div><\/div><\/div><\/div><\/div><div class=\"fusion-fullwidth fullwidth-box fusion-builder-row-9 fusion-flex-container has-pattern-background has-mask-background nonhundred-percent-fullwidth non-hundred-percent-height-scrolling\" style=\"--awb-border-radius-top-left:0px;--awb-border-radius-top-right:0px;--awb-border-radius-bottom-right:0px;--awb-border-radius-bottom-left:0px;--awb-flex-wrap:wrap;\" ><div class=\"fusion-builder-row fusion-row fusion-flex-align-items-flex-start fusion-flex-content-wrap\" style=\"max-width:1144px;margin-left: calc(-4% \/ 2 );margin-right: calc(-4% \/ 2 );\"><div class=\"fusion-layout-column fusion_builder_column fusion-builder-column-13 fusion_builder_column_1_1 1_1 fusion-flex-column\" style=\"--awb-bg-size:cover;--awb-width-large:100%;--awb-margin-top-large:0px;--awb-spacing-right-large:1.92%;--awb-margin-bottom-large:20px;--awb-spacing-left-large:1.92%;--awb-width-medium:100%;--awb-order-medium:0;--awb-spacing-right-medium:1.92%;--awb-spacing-left-medium:1.92%;--awb-width-small:100%;--awb-order-small:0;--awb-spacing-right-small:1.92%;--awb-spacing-left-small:1.92%;\"><div class=\"fusion-column-wrapper fusion-column-has-shadow fusion-flex-justify-content-flex-start fusion-content-layout-column\"><div class=\"fusion-text fusion-text-3\"><p style=\"text-align: justify;\"><span style=\"color: #000000;\"><span style=\"font-weight: 400;\">La ceremonia alcanz\u00f3 su punto culminante con la entrega de condecoraciones y distinciones, entre las que se destaca la \u00ab<\/span><i><span style=\"font-weight: 400;\">Orden de Aniversario<\/span><\/i><span style=\"font-weight: 400;\">\u00ab, otorgada a ex rectores y distinguidos miembros de la comunidad educativa. La RedTTU rindi\u00f3 un homenaje especial a la instituci\u00f3n, resaltando su compromiso continuo con la modernizaci\u00f3n de la misi\u00f3n institucional y el trabajo conjunto de la comunidad educativa liderada por el rector Leonardo Garcia, vicepresidente del Consejo Directivo de Rectores. La placa de homenaje\u00a0 firmada por el presidente Gustavo Rubio Lozano y el director ejecutivo Felipe Ortiz, tambi\u00e9n expresa: \u201c<\/span><i><span style=\"font-weight: 400;\">En esta hist\u00f3rica efem\u00e9rides, recordamos cuatro d\u00e9cadas de\u00a0<\/span><\/i><i><span style=\"font-weight: 400;\">incansable dedicaci\u00f3n a la educaci\u00f3n superior y a la innovaci\u00f3n tecnol\u00f3gica y cient\u00edfica. Desde sus inicios, el TdeA ha sido un permanente faro de conocimiento, semillero de talentos y un factor catalizador de progreso para Antioquia y el pa\u00eds.<\/span><\/i><span style=\"font-weight: 400;\">\u201d<\/span><\/span><\/p>\n<\/div><\/div><\/div><\/div><\/div><div class=\"fusion-fullwidth fullwidth-box fusion-builder-row-10 fusion-flex-container has-pattern-background has-mask-background nonhundred-percent-fullwidth non-hundred-percent-height-scrolling\" style=\"--awb-border-radius-top-left:0px;--awb-border-radius-top-right:0px;--awb-border-radius-bottom-right:0px;--awb-border-radius-bottom-left:0px;--awb-flex-wrap:wrap;\" ><div class=\"fusion-builder-row fusion-row fusion-flex-align-items-flex-start fusion-flex-content-wrap\" style=\"max-width:1144px;margin-left: calc(-4% \/ 2 );margin-right: calc(-4% \/ 2 );\"><div class=\"fusion-layout-column fusion_builder_column fusion-builder-column-14 fusion_builder_column_1_1 1_1 fusion-flex-column\" style=\"--awb-bg-size:cover;--awb-width-large:100%;--awb-margin-top-large:0px;--awb-spacing-right-large:1.92%;--awb-margin-bottom-large:20px;--awb-spacing-left-large:1.92%;--awb-width-medium:100%;--awb-order-medium:0;--awb-spacing-right-medium:1.92%;--awb-spacing-left-medium:1.92%;--awb-width-small:100%;--awb-order-small:0;--awb-spacing-right-small:1.92%;--awb-spacing-left-small:1.92%;\"><div class=\"fusion-column-wrapper fusion-column-has-shadow fusion-flex-justify-content-flex-start fusion-content-layout-column\"><div class=\"fusion-image-element \" style=\"text-align:center;--awb-caption-title-font-family:var(--h2_typography-font-family);--awb-caption-title-font-weight:var(--h2_typography-font-weight);--awb-caption-title-font-style:var(--h2_typography-font-style);--awb-caption-title-size:var(--h2_typography-font-size);--awb-caption-title-transform:var(--h2_typography-text-transform);--awb-caption-title-line-height:var(--h2_typography-line-height);--awb-caption-title-letter-spacing:var(--h2_typography-letter-spacing);\"><span class=\" fusion-imageframe imageframe-none imageframe-6 hover-type-none\"><img decoding=\"async\" width=\"1172\" height=\"765\" alt=\"En la Fotograf\u00eda: Felipe Ortiz, director ejecutivo le hace entrega al rector Leonardo Garc\u00eda Botero del Tecnol\u00f3gico de Antioquia, el reconocimiento otorgado por la RedTTU.\" title=\"En la Fotograf\u00eda: Felipe Ortiz, director ejecutivo le hace entrega al rector Leonardo Garc\u00eda Botero del Tecnol\u00f3gico de Antioquia, el reconocimiento otorgado por la RedTTU.\" src=\"https:\/\/www.redttu.edu.co\/es\/wp-content\/uploads\/2023\/09\/Captura-de-pantalla-2023-09-29-a-las-12.49.41-p.m.png\" class=\"img-responsive wp-image-6815\" srcset=\"https:\/\/www.redttu.edu.co\/es\/wp-content\/uploads\/2023\/09\/Captura-de-pantalla-2023-09-29-a-las-12.49.41-p.m-200x131.png 200w, https:\/\/www.redttu.edu.co\/es\/wp-content\/uploads\/2023\/09\/Captura-de-pantalla-2023-09-29-a-las-12.49.41-p.m-400x261.png 400w, https:\/\/www.redttu.edu.co\/es\/wp-content\/uploads\/2023\/09\/Captura-de-pantalla-2023-09-29-a-las-12.49.41-p.m-600x392.png 600w, https:\/\/www.redttu.edu.co\/es\/wp-content\/uploads\/2023\/09\/Captura-de-pantalla-2023-09-29-a-las-12.49.41-p.m-800x522.png 800w, https:\/\/www.redttu.edu.co\/es\/wp-content\/uploads\/2023\/09\/Captura-de-pantalla-2023-09-29-a-las-12.49.41-p.m.png 1172w\" sizes=\"(max-width: 1024px) 100vw, (max-width: 640px) 100vw, 1172px\" \/><\/span><\/div><\/div><\/div><\/div><\/div><div class=\"fusion-fullwidth fullwidth-box fusion-builder-row-11 fusion-flex-container has-pattern-background has-mask-background nonhundred-percent-fullwidth non-hundred-percent-height-scrolling\" style=\"--awb-border-radius-top-left:0px;--awb-border-radius-top-right:0px;--awb-border-radius-bottom-right:0px;--awb-border-radius-bottom-left:0px;--awb-flex-wrap:wrap;\" ><div class=\"fusion-builder-row fusion-row fusion-flex-align-items-flex-start fusion-flex-content-wrap\" style=\"max-width:1144px;margin-left: calc(-4% \/ 2 );margin-right: calc(-4% \/ 2 );\"><div class=\"fusion-layout-column fusion_builder_column fusion-builder-column-15 fusion_builder_column_1_1 1_1 fusion-flex-column\" style=\"--awb-bg-size:cover;--awb-width-large:100%;--awb-margin-top-large:0px;--awb-spacing-right-large:1.92%;--awb-margin-bottom-large:20px;--awb-spacing-left-large:1.92%;--awb-width-medium:100%;--awb-order-medium:0;--awb-spacing-right-medium:1.92%;--awb-spacing-left-medium:1.92%;--awb-width-small:100%;--awb-order-small:0;--awb-spacing-right-small:1.92%;--awb-spacing-left-small:1.92%;\"><div class=\"fusion-column-wrapper fusion-column-has-shadow fusion-flex-justify-content-flex-start fusion-content-layout-column\"><div class=\"fusion-text fusion-text-4\"><p style=\"text-align: justify;\"><span style=\"color: #000000;\">El TdeA y por su intermedio el rector Leonardo Garc\u00eda recibi\u00f3 reconocimientos por parte de la Gobernaci\u00f3n de Antioquia, la Asamblea Departamental, ACIET y el Polit\u00e9cnico Colombiano Jaime Isaza Cadavid. Estos honores subrayan su dedicaci\u00f3n y contribuci\u00f3n excepcionales a la educaci\u00f3n y el desarrollo de la regi\u00f3n. Los 40 a\u00f1os de existencia del Tecnol\u00f3gico de Antioquia representan una rica y profunda historia de logros y dedicaci\u00f3n, que contin\u00faa sirviendo de fuente de inspiraci\u00f3n inagotable para la comunidad educativa, en la construcci\u00f3n de un futuro radiante para la educaci\u00f3n superior p\u00fablica de Antioquia.<\/span><\/p>\n<\/div><\/div><\/div><\/div><\/div><div class=\"fusion-fullwidth fullwidth-box fusion-builder-row-12 fusion-flex-container has-pattern-background has-mask-background nonhundred-percent-fullwidth non-hundred-percent-height-scrolling\" style=\"--awb-border-radius-top-left:0px;--awb-border-radius-top-right:0px;--awb-border-radius-bottom-right:0px;--awb-border-radius-bottom-left:0px;--awb-flex-wrap:wrap;\" ><div class=\"fusion-builder-row fusion-row fusion-flex-align-items-flex-start fusion-flex-content-wrap\" style=\"max-width:1144px;margin-left: calc(-4% \/ 2 );margin-right: calc(-4% \/ 2 );\"><div class=\"fusion-layout-column fusion_builder_column fusion-builder-column-16 fusion_builder_column_1_3 1_3 fusion-flex-column\" style=\"--awb-bg-size:cover;--awb-width-large:33.333333333333%;--awb-margin-top-large:0px;--awb-spacing-right-large:5.76%;--awb-margin-bottom-large:20px;--awb-spacing-left-large:5.76%;--awb-width-medium:100%;--awb-order-medium:0;--awb-spacing-right-medium:1.92%;--awb-spacing-left-medium:1.92%;--awb-width-small:100%;--awb-order-small:0;--awb-spacing-right-small:1.92%;--awb-spacing-left-small:1.92%;\"><div class=\"fusion-column-wrapper fusion-column-has-shadow fusion-flex-justify-content-flex-start fusion-content-layout-column\"><div class=\"fusion-image-element \" style=\"text-align:center;--awb-caption-title-font-family:var(--h2_typography-font-family);--awb-caption-title-font-weight:var(--h2_typography-font-weight);--awb-caption-title-font-style:var(--h2_typography-font-style);--awb-caption-title-size:var(--h2_typography-font-size);--awb-caption-title-transform:var(--h2_typography-text-transform);--awb-caption-title-line-height:var(--h2_typography-line-height);--awb-caption-title-letter-spacing:var(--h2_typography-letter-spacing);\"><span class=\" fusion-imageframe imageframe-none imageframe-7 hover-type-none\"><img decoding=\"async\" width=\"1002\" height=\"635\" alt=\"En las Fotograf\u00edas: de Izq a der. Vocalistas Cl\u00e1sica L\u00edrica del TdeA. rector Poli JIC Jairo Osorio, rector TdeA Leonardo Garc\u00eda M\u00f3nica Quiroz, Secretaria de Educaci\u00f3n de Antioquia, rector TdeA Leonardo Garc\u00eda y exrectora y fundadora del TdeA Olga Osorio de Cuervo\" title=\"En las Fotograf\u00edas: de Izq a der. Vocalistas Cl\u00e1sica L\u00edrica del TdeA. rector Poli JIC Jairo Osorio, rector TdeA Leonardo Garc\u00eda M\u00f3nica Quiroz, Secretaria de Educaci\u00f3n de Antioquia, rector TdeA Leonardo Garc\u00eda y exrectora y fundadora del TdeA Olga Osorio de Cuervo\" src=\"https:\/\/www.redttu.edu.co\/es\/wp-content\/uploads\/2023\/09\/Captura-de-pantalla-2023-09-29-a-las-12.52.03-p.m.png\" class=\"img-responsive wp-image-6816\" srcset=\"https:\/\/www.redttu.edu.co\/es\/wp-content\/uploads\/2023\/09\/Captura-de-pantalla-2023-09-29-a-las-12.52.03-p.m-200x127.png 200w, https:\/\/www.redttu.edu.co\/es\/wp-content\/uploads\/2023\/09\/Captura-de-pantalla-2023-09-29-a-las-12.52.03-p.m-400x253.png 400w, https:\/\/www.redttu.edu.co\/es\/wp-content\/uploads\/2023\/09\/Captura-de-pantalla-2023-09-29-a-las-12.52.03-p.m-600x380.png 600w, https:\/\/www.redttu.edu.co\/es\/wp-content\/uploads\/2023\/09\/Captura-de-pantalla-2023-09-29-a-las-12.52.03-p.m-800x507.png 800w, https:\/\/www.redttu.edu.co\/es\/wp-content\/uploads\/2023\/09\/Captura-de-pantalla-2023-09-29-a-las-12.52.03-p.m.png 1002w\" sizes=\"(max-width: 1024px) 100vw, (max-width: 640px) 100vw, 400px\" \/><\/span><\/div><\/div><\/div><div class=\"fusion-layout-column fusion_builder_column fusion-builder-column-17 fusion_builder_column_1_3 1_3 fusion-flex-column\" style=\"--awb-bg-size:cover;--awb-width-large:33.333333333333%;--awb-margin-top-large:0px;--awb-spacing-right-large:5.76%;--awb-margin-bottom-large:20px;--awb-spacing-left-large:5.76%;--awb-width-medium:100%;--awb-order-medium:0;--awb-spacing-right-medium:1.92%;--awb-spacing-left-medium:1.92%;--awb-width-small:100%;--awb-order-small:0;--awb-spacing-right-small:1.92%;--awb-spacing-left-small:1.92%;\"><div class=\"fusion-column-wrapper fusion-column-has-shadow fusion-flex-justify-content-flex-start fusion-content-layout-column\"><div class=\"fusion-image-element \" style=\"text-align:center;--awb-caption-title-font-family:var(--h2_typography-font-family);--awb-caption-title-font-weight:var(--h2_typography-font-weight);--awb-caption-title-font-style:var(--h2_typography-font-style);--awb-caption-title-size:var(--h2_typography-font-size);--awb-caption-title-transform:var(--h2_typography-text-transform);--awb-caption-title-line-height:var(--h2_typography-line-height);--awb-caption-title-letter-spacing:var(--h2_typography-letter-spacing);\"><span class=\" fusion-imageframe imageframe-none imageframe-8 hover-type-none\"><img decoding=\"async\" width=\"925\" height=\"683\" alt=\"En las Fotograf\u00edas: de Izq a der. Vocalistas Cl\u00e1sica L\u00edrica del TdeA. rector Poli JIC Jairo Osorio, rector TdeA Leonardo Garc\u00eda M\u00f3nica Quiroz, Secretaria de Educaci\u00f3n de Antioquia, rector TdeA Leonardo Garc\u00eda y exrectora y fundadora del TdeA Olga Osorio de Cuervo\" title=\"En las Fotograf\u00edas: de Izq a der. Vocalistas Cl\u00e1sica L\u00edrica del TdeA. rector Poli JIC Jairo Osorio, rector TdeA Leonardo Garc\u00eda M\u00f3nica Quiroz, Secretaria de Educaci\u00f3n de Antioquia, rector TdeA Leonardo Garc\u00eda y exrectora y fundadora del TdeA Olga Osorio de Cuervo\" src=\"https:\/\/www.redttu.edu.co\/es\/wp-content\/uploads\/2023\/09\/Captura-de-pantalla-2023-09-29-a-las-12.53.26-p.m.png\" class=\"img-responsive wp-image-6817\" srcset=\"https:\/\/www.redttu.edu.co\/es\/wp-content\/uploads\/2023\/09\/Captura-de-pantalla-2023-09-29-a-las-12.53.26-p.m-200x148.png 200w, https:\/\/www.redttu.edu.co\/es\/wp-content\/uploads\/2023\/09\/Captura-de-pantalla-2023-09-29-a-las-12.53.26-p.m-400x295.png 400w, https:\/\/www.redttu.edu.co\/es\/wp-content\/uploads\/2023\/09\/Captura-de-pantalla-2023-09-29-a-las-12.53.26-p.m-600x443.png 600w, https:\/\/www.redttu.edu.co\/es\/wp-content\/uploads\/2023\/09\/Captura-de-pantalla-2023-09-29-a-las-12.53.26-p.m-800x591.png 800w, https:\/\/www.redttu.edu.co\/es\/wp-content\/uploads\/2023\/09\/Captura-de-pantalla-2023-09-29-a-las-12.53.26-p.m.png 925w\" sizes=\"(max-width: 1024px) 100vw, (max-width: 640px) 100vw, 400px\" \/><\/span><\/div><\/div><\/div><div class=\"fusion-layout-column fusion_builder_column fusion-builder-column-18 fusion_builder_column_1_3 1_3 fusion-flex-column\" style=\"--awb-bg-size:cover;--awb-width-large:33.333333333333%;--awb-margin-top-large:0px;--awb-spacing-right-large:5.76%;--awb-margin-bottom-large:20px;--awb-spacing-left-large:5.76%;--awb-width-medium:100%;--awb-order-medium:0;--awb-spacing-right-medium:1.92%;--awb-spacing-left-medium:1.92%;--awb-width-small:100%;--awb-order-small:0;--awb-spacing-right-small:1.92%;--awb-spacing-left-small:1.92%;\"><div class=\"fusion-column-wrapper fusion-column-has-shadow fusion-flex-justify-content-flex-start fusion-content-layout-column\"><div class=\"fusion-image-element \" style=\"text-align:center;--awb-caption-title-font-family:var(--h2_typography-font-family);--awb-caption-title-font-weight:var(--h2_typography-font-weight);--awb-caption-title-font-style:var(--h2_typography-font-style);--awb-caption-title-size:var(--h2_typography-font-size);--awb-caption-title-transform:var(--h2_typography-text-transform);--awb-caption-title-line-height:var(--h2_typography-line-height);--awb-caption-title-letter-spacing:var(--h2_typography-letter-spacing);\"><span class=\" fusion-imageframe imageframe-none imageframe-9 hover-type-none\"><img decoding=\"async\" width=\"906\" height=\"709\" alt=\"En las Fotograf\u00edas: de Izq a der. Vocalistas Cl\u00e1sica L\u00edrica del TdeA. rector Poli JIC Jairo Osorio, rector TdeA Leonardo Garc\u00eda M\u00f3nica Quiroz, Secretaria de Educaci\u00f3n de Antioquia, rector TdeA Leonardo Garc\u00eda y exrectora y fundadora del TdeA Olga Osorio de Cuervo\" title=\"En las Fotograf\u00edas: de Izq a der. Vocalistas Cl\u00e1sica L\u00edrica del TdeA. rector Poli JIC Jairo Osorio, rector TdeA Leonardo Garc\u00eda M\u00f3nica Quiroz, Secretaria de Educaci\u00f3n de Antioquia, rector TdeA Leonardo Garc\u00eda y exrectora y fundadora del TdeA Olga Osorio de Cuervo\" src=\"https:\/\/www.redttu.edu.co\/es\/wp-content\/uploads\/2023\/09\/Captura-de-pantalla-2023-09-29-a-las-12.54.26-p.m.png\" class=\"img-responsive wp-image-6818\" srcset=\"https:\/\/www.redttu.edu.co\/es\/wp-content\/uploads\/2023\/09\/Captura-de-pantalla-2023-09-29-a-las-12.54.26-p.m-200x157.png 200w, https:\/\/www.redttu.edu.co\/es\/wp-content\/uploads\/2023\/09\/Captura-de-pantalla-2023-09-29-a-las-12.54.26-p.m-400x313.png 400w, https:\/\/www.redttu.edu.co\/es\/wp-content\/uploads\/2023\/09\/Captura-de-pantalla-2023-09-29-a-las-12.54.26-p.m-600x470.png 600w, https:\/\/www.redttu.edu.co\/es\/wp-content\/uploads\/2023\/09\/Captura-de-pantalla-2023-09-29-a-las-12.54.26-p.m-800x626.png 800w, https:\/\/www.redttu.edu.co\/es\/wp-content\/uploads\/2023\/09\/Captura-de-pantalla-2023-09-29-a-las-12.54.26-p.m.png 906w\" sizes=\"(max-width: 1024px) 100vw, (max-width: 640px) 100vw, 400px\" \/><\/span><\/div><\/div><\/div><\/div><\/div><div class=\"fusion-fullwidth fullwidth-box fusion-builder-row-13 fusion-flex-container has-pattern-background has-mask-background nonhundred-percent-fullwidth non-hundred-percent-height-scrolling\" style=\"--awb-border-radius-top-left:0px;--awb-border-radius-top-right:0px;--awb-border-radius-bottom-right:0px;--awb-border-radius-bottom-left:0px;--awb-flex-wrap:wrap;\" ><div class=\"fusion-builder-row fusion-row fusion-flex-align-items-flex-start fusion-flex-content-wrap\" style=\"max-width:1144px;margin-left: calc(-4% \/ 2 );margin-right: calc(-4% \/ 2 );\"><div class=\"fusion-layout-column fusion_builder_column fusion-builder-column-19 fusion_builder_column_1_1 1_1 fusion-flex-column\" style=\"--awb-bg-size:cover;--awb-width-large:100%;--awb-margin-top-large:0px;--awb-spacing-right-large:1.92%;--awb-margin-bottom-large:20px;--awb-spacing-left-large:1.92%;--awb-width-medium:100%;--awb-order-medium:0;--awb-spacing-right-medium:1.92%;--awb-spacing-left-medium:1.92%;--awb-width-small:100%;--awb-order-small:0;--awb-spacing-right-small:1.92%;--awb-spacing-left-small:1.92%;\"><div class=\"fusion-column-wrapper fusion-column-has-shadow fusion-flex-justify-content-flex-start fusion-content-layout-column\"><div class=\"fusion-image-element \" style=\"text-align:center;--awb-caption-title-font-family:var(--h2_typography-font-family);--awb-caption-title-font-weight:var(--h2_typography-font-weight);--awb-caption-title-font-style:var(--h2_typography-font-style);--awb-caption-title-size:var(--h2_typography-font-size);--awb-caption-title-transform:var(--h2_typography-text-transform);--awb-caption-title-line-height:var(--h2_typography-line-height);--awb-caption-title-letter-spacing:var(--h2_typography-letter-spacing);\"><span class=\" fusion-imageframe imageframe-none imageframe-10 hover-type-none\"><img decoding=\"async\" width=\"1030\" height=\"717\" alt=\"En la fotograf\u00eda: Juan Carlos Mej\u00eda, rector del Tecnol\u00f3gico de Artes D\u00e9bora Arango, presidiendo la conmemoraci\u00f3n del vig\u00e9simo aniversario de fundaci\u00f3n de la instituci\u00f3n.\" title=\"En la fotograf\u00eda: Juan Carlos Mej\u00eda, rector del Tecnol\u00f3gico de Artes D\u00e9bora Arango, presidiendo la conmemoraci\u00f3n del vig\u00e9simo aniversario de fundaci\u00f3n de la instituci\u00f3n.\" src=\"https:\/\/www.redttu.edu.co\/es\/wp-content\/uploads\/2023\/09\/Captura-de-pantalla-2023-09-29-a-las-12.55.46-p.m.png\" class=\"img-responsive wp-image-6819\" srcset=\"https:\/\/www.redttu.edu.co\/es\/wp-content\/uploads\/2023\/09\/Captura-de-pantalla-2023-09-29-a-las-12.55.46-p.m-200x139.png 200w, https:\/\/www.redttu.edu.co\/es\/wp-content\/uploads\/2023\/09\/Captura-de-pantalla-2023-09-29-a-las-12.55.46-p.m-400x278.png 400w, https:\/\/www.redttu.edu.co\/es\/wp-content\/uploads\/2023\/09\/Captura-de-pantalla-2023-09-29-a-las-12.55.46-p.m-600x418.png 600w, https:\/\/www.redttu.edu.co\/es\/wp-content\/uploads\/2023\/09\/Captura-de-pantalla-2023-09-29-a-las-12.55.46-p.m-800x557.png 800w, https:\/\/www.redttu.edu.co\/es\/wp-content\/uploads\/2023\/09\/Captura-de-pantalla-2023-09-29-a-las-12.55.46-p.m.png 1030w\" sizes=\"(max-width: 1024px) 100vw, (max-width: 640px) 100vw, 1030px\" \/><\/span><\/div><\/div><\/div><\/div><\/div><div class=\"fusion-fullwidth fullwidth-box fusion-builder-row-14 fusion-flex-container has-pattern-background has-mask-background nonhundred-percent-fullwidth non-hundred-percent-height-scrolling\" style=\"--awb-border-radius-top-left:0px;--awb-border-radius-top-right:0px;--awb-border-radius-bottom-right:0px;--awb-border-radius-bottom-left:0px;--awb-flex-wrap:wrap;\" ><div class=\"fusion-builder-row fusion-row fusion-flex-align-items-flex-start fusion-flex-content-wrap\" style=\"max-width:1144px;margin-left: calc(-4% \/ 2 );margin-right: calc(-4% \/ 2 );\"><div class=\"fusion-layout-column fusion_builder_column fusion-builder-column-20 fusion_builder_column_1_1 1_1 fusion-flex-column\" style=\"--awb-bg-size:cover;--awb-width-large:100%;--awb-margin-top-large:0px;--awb-spacing-right-large:1.92%;--awb-margin-bottom-large:20px;--awb-spacing-left-large:1.92%;--awb-width-medium:100%;--awb-order-medium:0;--awb-spacing-right-medium:1.92%;--awb-spacing-left-medium:1.92%;--awb-width-small:100%;--awb-order-small:0;--awb-spacing-right-small:1.92%;--awb-spacing-left-small:1.92%;\"><div class=\"fusion-column-wrapper fusion-column-has-shadow fusion-flex-justify-content-flex-start fusion-content-layout-column\"><div class=\"fusion-title title fusion-title-2 fusion-title-text fusion-title-size-one\"><div class=\"title-sep-container title-sep-container-left fusion-no-large-visibility fusion-no-medium-visibility fusion-no-small-visibility\"><div class=\"title-sep sep-double sep-solid\" style=\"border-color:#e0dede;\"><\/div><\/div><span class=\"awb-title-spacer fusion-no-large-visibility fusion-no-medium-visibility fusion-no-small-visibility\"><\/span><h1 class=\"fusion-title-heading title-heading-left fusion-responsive-typography-calculated\" style=\"margin:0;--fontSize:34;line-height:1.41;\"><p style=\"text-align: left;\"><span style=\"color: #000000;\"><b>Envigado, 22 de septiembre de 2023<\/b><\/span><\/p>\n<p style=\"text-align: left;\"><span style=\"color: #000000;\"><b>Tecnol\u00f3gico de Artes D\u00e9bora Arango: 20 A\u00f1os de Creatividad y Compromiso<\/b><\/span><\/p>\n<p style=\"text-align: justify;\"><span style=\"font-weight: 400; color: #000000;\">El Tecnol\u00f3gico de Artes D\u00e9bora Arango celebr\u00f3 con entusiasmo su vig\u00e9simo aniversario como instituci\u00f3n de educaci\u00f3n superior, marcando dos d\u00e9cadas de inspiraci\u00f3n, creatividad y compromiso con la formaci\u00f3n art\u00edstica y cultural en el pa\u00eds. La celebraci\u00f3n protocolaria tuvo lugar el viernes 22 de septiembre, con la presencia de los miembros\u00a0 del Consejo Directivo, invitados especiales\u00a0 y la comunidad acad\u00e9mica.\u00a0<\/span><\/p><\/h1><span class=\"awb-title-spacer\"><\/span><div class=\"title-sep-container title-sep-container-right\"><div class=\"title-sep sep-double sep-solid\" style=\"border-color:#e0dede;\"><\/div><\/div><\/div><\/div><\/div><\/div><\/div><div class=\"fusion-fullwidth fullwidth-box fusion-builder-row-15 fusion-flex-container has-pattern-background has-mask-background nonhundred-percent-fullwidth non-hundred-percent-height-scrolling\" style=\"--awb-border-radius-top-left:0px;--awb-border-radius-top-right:0px;--awb-border-radius-bottom-right:0px;--awb-border-radius-bottom-left:0px;--awb-flex-wrap:wrap;\" ><div class=\"fusion-builder-row fusion-row fusion-flex-align-items-flex-start fusion-flex-content-wrap\" style=\"max-width:1144px;margin-left: calc(-4% \/ 2 );margin-right: calc(-4% \/ 2 );\"><div class=\"fusion-layout-column fusion_builder_column fusion-builder-column-21 fusion_builder_column_1_1 1_1 fusion-flex-column\" style=\"--awb-bg-size:cover;--awb-width-large:100%;--awb-margin-top-large:0px;--awb-spacing-right-large:1.92%;--awb-margin-bottom-large:20px;--awb-spacing-left-large:1.92%;--awb-width-medium:100%;--awb-order-medium:0;--awb-spacing-right-medium:1.92%;--awb-spacing-left-medium:1.92%;--awb-width-small:100%;--awb-order-small:0;--awb-spacing-right-small:1.92%;--awb-spacing-left-small:1.92%;\"><div class=\"fusion-column-wrapper fusion-column-has-shadow fusion-flex-justify-content-flex-start fusion-content-layout-column\"><div class=\"fusion-image-element \" style=\"text-align:center;--awb-caption-title-font-family:var(--h2_typography-font-family);--awb-caption-title-font-weight:var(--h2_typography-font-weight);--awb-caption-title-font-style:var(--h2_typography-font-style);--awb-caption-title-size:var(--h2_typography-font-size);--awb-caption-title-transform:var(--h2_typography-text-transform);--awb-caption-title-line-height:var(--h2_typography-line-height);--awb-caption-title-letter-spacing:var(--h2_typography-letter-spacing);\"><span class=\" fusion-imageframe imageframe-none imageframe-11 hover-type-none\"><img decoding=\"async\" width=\"838\" height=\"603\" alt=\"En la fotograf\u00eda: De izq. a der. Jorge Humberto Arboleda Garz\u00f3n, representante del sector productivo; Estefan\u00eda Aguilar Osorio, representante de los estudiantes ; Juan Carlos Mej\u00eda Giraldo, rector D\u00e9bora Arango ; Diego Mauricio Tafur Arcila, designado de la Presidencia de la Rep\u00fablica y Jhonatan Andr\u00e9s Betancur , representante de las directivas acad\u00e9micas.\" title=\"En la fotograf\u00eda: De izq. a der. Jorge Humberto Arboleda Garz\u00f3n, representante del sector productivo; Estefan\u00eda Aguilar Osorio, representante de los estudiantes ; Juan Carlos Mej\u00eda Giraldo, rector D\u00e9bora Arango ; Diego Mauricio Tafur Arcila, designado de la Presidencia de la Rep\u00fablica y Jhonatan Andr\u00e9s Betancur , representante de las directivas acad\u00e9micas.\" src=\"https:\/\/www.redttu.edu.co\/es\/wp-content\/uploads\/2023\/09\/Captura-de-pantalla-2023-09-29-a-las-12.58.10-p.m.png\" class=\"img-responsive wp-image-6820\" srcset=\"https:\/\/www.redttu.edu.co\/es\/wp-content\/uploads\/2023\/09\/Captura-de-pantalla-2023-09-29-a-las-12.58.10-p.m-200x144.png 200w, https:\/\/www.redttu.edu.co\/es\/wp-content\/uploads\/2023\/09\/Captura-de-pantalla-2023-09-29-a-las-12.58.10-p.m-400x288.png 400w, https:\/\/www.redttu.edu.co\/es\/wp-content\/uploads\/2023\/09\/Captura-de-pantalla-2023-09-29-a-las-12.58.10-p.m-600x432.png 600w, https:\/\/www.redttu.edu.co\/es\/wp-content\/uploads\/2023\/09\/Captura-de-pantalla-2023-09-29-a-las-12.58.10-p.m-800x576.png 800w, https:\/\/www.redttu.edu.co\/es\/wp-content\/uploads\/2023\/09\/Captura-de-pantalla-2023-09-29-a-las-12.58.10-p.m.png 838w\" sizes=\"(max-width: 1024px) 100vw, (max-width: 640px) 100vw, 838px\" \/><\/span><\/div><\/div><\/div><\/div><\/div><div class=\"fusion-fullwidth fullwidth-box fusion-builder-row-16 fusion-flex-container has-pattern-background has-mask-background nonhundred-percent-fullwidth non-hundred-percent-height-scrolling\" style=\"--awb-border-radius-top-left:0px;--awb-border-radius-top-right:0px;--awb-border-radius-bottom-right:0px;--awb-border-radius-bottom-left:0px;--awb-flex-wrap:wrap;\" ><div class=\"fusion-builder-row fusion-row fusion-flex-align-items-flex-start fusion-flex-content-wrap\" style=\"max-width:1144px;margin-left: calc(-4% \/ 2 );margin-right: calc(-4% \/ 2 );\"><div class=\"fusion-layout-column fusion_builder_column fusion-builder-column-22 fusion_builder_column_1_1 1_1 fusion-flex-column\" style=\"--awb-bg-size:cover;--awb-width-large:100%;--awb-margin-top-large:0px;--awb-spacing-right-large:1.92%;--awb-margin-bottom-large:20px;--awb-spacing-left-large:1.92%;--awb-width-medium:100%;--awb-order-medium:0;--awb-spacing-right-medium:1.92%;--awb-spacing-left-medium:1.92%;--awb-width-small:100%;--awb-order-small:0;--awb-spacing-right-small:1.92%;--awb-spacing-left-small:1.92%;\"><div class=\"fusion-column-wrapper fusion-column-has-shadow fusion-flex-justify-content-flex-start fusion-content-layout-column\"><div class=\"fusion-text fusion-text-5\"><p style=\"text-align: justify;\"><span style=\"color: #000000;\"><span style=\"font-weight: 400;\">El rector Juan Carlos Mej\u00eda Giraldo, expres\u00f3 su gratitud y visi\u00f3n en estas palabras: \u00ab<\/span><i><span style=\"font-weight: 400;\">El Tecnol\u00f3gico de Artes D\u00e9bora Arango ha sido un pionero en el pa\u00eds y ha mantenido una constante evoluci\u00f3n para mantenerse a la vanguardia en la educaci\u00f3n art\u00edstica. Esperamos que estos primeros 20 a\u00f1os sean el preludio de otras dos d\u00e9cadas dedicadas a dejar una huella indeleble en la vida de nuestro municipio, nuestra regi\u00f3n y nuestro pa\u00eds<\/span><\/i><span style=\"font-weight: 400;\">\u00ab.<\/span><\/span><\/p>\n<p style=\"text-align: justify;\"><span style=\"font-weight: 400; color: #000000;\">El Tecnol\u00f3gico de Artes D\u00e9bora Arango, ha estado presente en Envigado desde 1994, cuando comenz\u00f3 su trayectoria en la educaci\u00f3n asociada a la Casa de la Cultura Miguel Uribe Restrepo, en el a\u00f1o 2003 fue reconocida por acuerdo del Concejo Municipal de Envigado como establecimiento p\u00fablico de educaci\u00f3n superior del orden municipal, desde entonces ha evolucionado para ofrecer una educaci\u00f3n de calidad en artes y cultura. La instituci\u00f3n se enfoca en formar personas cr\u00edticas, creativas y sensibles, comprometidas con la construcci\u00f3n de espacios acad\u00e9micos, productivos, sociales y ambientales en los niveles T\u00e9cnico Profesional, Tecnol\u00f3gico y Profesional Universitario, con la perspectiva de las econom\u00edas creativas y culturales.<\/span><\/p>\n<p style=\"text-align: justify;\"><span style=\"font-weight: 400; color: #000000;\">Desde 2022, el Tecnol\u00f3gico de Artes D\u00e9bora Arango es Instituci\u00f3n Redefinida, lo que le permite ofrecer siete nuevos programas en el ciclo profesional universitario y especializaciones universitarias. Actualmente, la instituci\u00f3n cuenta con 5 facultades que ofrecen 15 programas t\u00e9cnicos profesionales y tecnol\u00f3gicos en ciclos proped\u00e9uticos con registros calificados. Tambi\u00e9n est\u00e1 a la espera de recibir el primer registro calificado para el programa Profesional Universitario en Pr\u00e1cticas Musicales Populares.<\/span><\/p>\n<p style=\"text-align: justify;\"><span style=\"font-weight: 400; color: #000000;\">Durante la celebraci\u00f3n, la instituci\u00f3n fue distinguida con un reconocimiento especial por parte de la RedTTU, que se materializ\u00f3 en una placa conmemorativa firmada por el presidente Gustavo Rubio Lozano y el director ejecutivo Felipe Ortiz, que reza as\u00ed:\u00a0<\/span><\/p>\n<p style=\"text-align: center;\"><span style=\"color: #000000;\"><span style=\"font-weight: 400;\">\u201c<\/span><i><span style=\"font-weight: 400;\">Nos unimos con respeto y admiraci\u00f3n para celebrar dos d\u00e9cadas de logros notables en el Tecnol\u00f3gico de Artes D\u00e9bora Arango, que desde su fundaci\u00f3n ha sido un referente de excelencia acad\u00e9mica e insigne en el mundo de las artes.<\/span><\/i><\/span><\/p>\n<p style=\"text-align: center;\"><span style=\"color: #000000;\"><i><span style=\"font-weight: 400;\">El Tecnol\u00f3gico de Artes D\u00e9bora Arango ha inspirado a generaciones de artistas colombianos promoviendo la apreciaci\u00f3n de la belleza y la creatividad art\u00edstica en todas sus expresiones.\u00a0<\/span><\/i><\/span><\/p>\n<p style=\"text-align: center;\"><span style=\"color: #000000;\"><i><span style=\"font-weight: 400;\">Destacamos las excelsas virtudes que distinguen al rector Juan Carlos Mej\u00eda Giraldo, reflejadas en el liderazgo con que ha conducido el desarrollo y la modernizaci\u00f3n de la instituci\u00f3n de educaci\u00f3n superior p\u00fablica\u201d.<\/span><\/i><\/span><\/p>\n<\/div><\/div><\/div><\/div><\/div><div class=\"fusion-fullwidth fullwidth-box fusion-builder-row-17 fusion-flex-container has-pattern-background has-mask-background nonhundred-percent-fullwidth non-hundred-percent-height-scrolling\" style=\"--awb-border-radius-top-left:0px;--awb-border-radius-top-right:0px;--awb-border-radius-bottom-right:0px;--awb-border-radius-bottom-left:0px;--awb-flex-wrap:wrap;\" ><div class=\"fusion-builder-row fusion-row fusion-flex-align-items-flex-start fusion-flex-content-wrap\" style=\"max-width:1144px;margin-left: calc(-4% \/ 2 );margin-right: calc(-4% \/ 2 );\"><div class=\"fusion-layout-column fusion_builder_column fusion-builder-column-23 fusion_builder_column_1_1 1_1 fusion-flex-column\" style=\"--awb-bg-size:cover;--awb-width-large:100%;--awb-margin-top-large:0px;--awb-spacing-right-large:1.92%;--awb-margin-bottom-large:20px;--awb-spacing-left-large:1.92%;--awb-width-medium:100%;--awb-order-medium:0;--awb-spacing-right-medium:1.92%;--awb-spacing-left-medium:1.92%;--awb-width-small:100%;--awb-order-small:0;--awb-spacing-right-small:1.92%;--awb-spacing-left-small:1.92%;\"><div class=\"fusion-column-wrapper fusion-column-has-shadow fusion-flex-justify-content-flex-start fusion-content-layout-column\"><div class=\"fusion-image-element \" style=\"text-align:center;--awb-caption-title-font-family:var(--h2_typography-font-family);--awb-caption-title-font-weight:var(--h2_typography-font-weight);--awb-caption-title-font-style:var(--h2_typography-font-style);--awb-caption-title-size:var(--h2_typography-font-size);--awb-caption-title-transform:var(--h2_typography-text-transform);--awb-caption-title-line-height:var(--h2_typography-line-height);--awb-caption-title-letter-spacing:var(--h2_typography-letter-spacing);\"><span class=\" fusion-imageframe imageframe-none imageframe-12 hover-type-none\"><img decoding=\"async\" width=\"462\" height=\"339\" alt=\"En la fotograf\u00eda el rector Juan Carlos Mejia recibe de manos de Jorge Humberto Arboleda Garz\u00f3n, representante del Sector Productivo ante el Consejo Directivo del Tecnol\u00f3gico de Artes D\u00e9bora Arango, el reconocimiento otorgado por la RedTTU\" title=\"En la fotograf\u00eda el rector Juan Carlos Mejia recibe de manos de Jorge Humberto Arboleda Garz\u00f3n, representante del Sector Productivo ante el Consejo Directivo del Tecnol\u00f3gico de Artes D\u00e9bora Arango, el reconocimiento otorgado por la RedTTU\" src=\"https:\/\/www.redttu.edu.co\/es\/wp-content\/uploads\/2023\/09\/Captura-de-pantalla-2023-09-29-a-las-1.01.11-p.m.png\" class=\"img-responsive wp-image-6821\" srcset=\"https:\/\/www.redttu.edu.co\/es\/wp-content\/uploads\/2023\/09\/Captura-de-pantalla-2023-09-29-a-las-1.01.11-p.m-200x147.png 200w, https:\/\/www.redttu.edu.co\/es\/wp-content\/uploads\/2023\/09\/Captura-de-pantalla-2023-09-29-a-las-1.01.11-p.m-400x294.png 400w, https:\/\/www.redttu.edu.co\/es\/wp-content\/uploads\/2023\/09\/Captura-de-pantalla-2023-09-29-a-las-1.01.11-p.m.png 462w\" sizes=\"(max-width: 1024px) 100vw, (max-width: 640px) 100vw, 462px\" \/><\/span><\/div><\/div><\/div><\/div><\/div><div class=\"fusion-fullwidth fullwidth-box fusion-builder-row-18 fusion-flex-container has-pattern-background has-mask-background nonhundred-percent-fullwidth non-hundred-percent-height-scrolling\" style=\"--awb-border-radius-top-left:0px;--awb-border-radius-top-right:0px;--awb-border-radius-bottom-right:0px;--awb-border-radius-bottom-left:0px;--awb-flex-wrap:wrap;\" ><div class=\"fusion-builder-row fusion-row fusion-flex-align-items-flex-start fusion-flex-content-wrap\" style=\"max-width:1144px;margin-left: calc(-4% \/ 2 );margin-right: calc(-4% \/ 2 );\"><div class=\"fusion-layout-column fusion_builder_column fusion-builder-column-24 fusion_builder_column_1_1 1_1 fusion-flex-column\" style=\"--awb-bg-size:cover;--awb-width-large:100%;--awb-margin-top-large:0px;--awb-spacing-right-large:1.92%;--awb-margin-bottom-large:20px;--awb-spacing-left-large:1.92%;--awb-width-medium:100%;--awb-order-medium:0;--awb-spacing-right-medium:1.92%;--awb-spacing-left-medium:1.92%;--awb-width-small:100%;--awb-order-small:0;--awb-spacing-right-small:1.92%;--awb-spacing-left-small:1.92%;\"><div class=\"fusion-column-wrapper fusion-column-has-shadow fusion-flex-justify-content-flex-start fusion-content-layout-column\"><div class=\"fusion-text fusion-text-6\"><p style=\"text-align: justify;\"><span style=\"color: #000000;\">Este vig\u00e9simo aniversario representa un hito en la historia de la instituci\u00f3n, que mira hacia el futuro con determinaci\u00f3n para seguir dejando una marca perdurable en la comunidad y la vida cultural de Colombia.<\/span><\/p>\n<\/div><\/div><\/div><\/div><\/div><div class=\"fusion-fullwidth fullwidth-box fusion-builder-row-19 fusion-flex-container has-pattern-background has-mask-background nonhundred-percent-fullwidth non-hundred-percent-height-scrolling\" style=\"--awb-border-radius-top-left:0px;--awb-border-radius-top-right:0px;--awb-border-radius-bottom-right:0px;--awb-border-radius-bottom-left:0px;--awb-flex-wrap:wrap;\" ><div class=\"fusion-builder-row fusion-row fusion-flex-align-items-flex-start fusion-flex-content-wrap\" style=\"max-width:1144px;margin-left: calc(-4% \/ 2 );margin-right: calc(-4% \/ 2 );\"><div class=\"fusion-layout-column fusion_builder_column fusion-builder-column-25 fusion_builder_column_1_4 1_4 fusion-flex-column\" style=\"--awb-bg-size:cover;--awb-width-large:25%;--awb-margin-top-large:0px;--awb-spacing-right-large:7.68%;--awb-margin-bottom-large:20px;--awb-spacing-left-large:7.68%;--awb-width-medium:100%;--awb-order-medium:0;--awb-spacing-right-medium:1.92%;--awb-spacing-left-medium:1.92%;--awb-width-small:100%;--awb-order-small:0;--awb-spacing-right-small:1.92%;--awb-spacing-left-small:1.92%;\"><div class=\"fusion-column-wrapper fusion-column-has-shadow fusion-flex-justify-content-flex-start fusion-content-layout-column\"><\/div><\/div><div class=\"fusion-layout-column fusion_builder_column fusion-builder-column-26 fusion_builder_column_1_4 1_4 fusion-flex-column\" style=\"--awb-bg-size:cover;--awb-width-large:25%;--awb-margin-top-large:0px;--awb-spacing-right-large:7.68%;--awb-margin-bottom-large:20px;--awb-spacing-left-large:7.68%;--awb-width-medium:100%;--awb-order-medium:0;--awb-spacing-right-medium:1.92%;--awb-spacing-left-medium:1.92%;--awb-width-small:100%;--awb-order-small:0;--awb-spacing-right-small:1.92%;--awb-spacing-left-small:1.92%;\"><div class=\"fusion-column-wrapper fusion-column-has-shadow fusion-flex-justify-content-flex-start fusion-content-layout-column\"><\/div><\/div><div class=\"fusion-layout-column fusion_builder_column fusion-builder-column-27 fusion_builder_column_1_4 1_4 fusion-flex-column\" style=\"--awb-bg-size:cover;--awb-width-large:25%;--awb-margin-top-large:0px;--awb-spacing-right-large:7.68%;--awb-margin-bottom-large:20px;--awb-spacing-left-large:7.68%;--awb-width-medium:100%;--awb-order-medium:0;--awb-spacing-right-medium:1.92%;--awb-spacing-left-medium:1.92%;--awb-width-small:100%;--awb-order-small:0;--awb-spacing-right-small:1.92%;--awb-spacing-left-small:1.92%;\"><div class=\"fusion-column-wrapper fusion-column-has-shadow fusion-flex-justify-content-flex-start fusion-content-layout-column\"><\/div><\/div><div class=\"fusion-layout-column fusion_builder_column fusion-builder-column-28 fusion_builder_column_1_4 1_4 fusion-flex-column\" style=\"--awb-bg-size:cover;--awb-width-large:25%;--awb-margin-top-large:0px;--awb-spacing-right-large:7.68%;--awb-margin-bottom-large:20px;--awb-spacing-left-large:7.68%;--awb-width-medium:100%;--awb-order-medium:0;--awb-spacing-right-medium:1.92%;--awb-spacing-left-medium:1.92%;--awb-width-small:100%;--awb-order-small:0;--awb-spacing-right-small:1.92%;--awb-spacing-left-small:1.92%;\"><div class=\"fusion-column-wrapper fusion-column-has-shadow fusion-flex-justify-content-flex-start fusion-content-layout-column\"><div class=\"fusion-image-element \" style=\"text-align:center;--awb-caption-title-font-family:var(--h2_typography-font-family);--awb-caption-title-font-weight:var(--h2_typography-font-weight);--awb-caption-title-font-style:var(--h2_typography-font-style);--awb-caption-title-size:var(--h2_typography-font-size);--awb-caption-title-transform:var(--h2_typography-text-transform);--awb-caption-title-line-height:var(--h2_typography-line-height);--awb-caption-title-letter-spacing:var(--h2_typography-letter-spacing);\"><span class=\" fusion-imageframe imageframe-none imageframe-13 hover-type-none\"><img decoding=\"async\" width=\"173\" height=\"79\" alt=\"Logo REDTTU\" title=\"Logo REDTTU\" src=\"https:\/\/www.redttu.edu.co\/es\/wp-content\/uploads\/2019\/03\/logo_x2.jpg\" class=\"img-responsive wp-image-3289\"\/><\/span><\/div><div class=\"fusion-text fusion-text-7\"><p style=\"text-align: center;\"><span style=\"font-weight: 400; color: #000000;\">Karen Forero P\u00e1ez<\/span><\/p>\n<p style=\"text-align: center;\"><span style=\"font-weight: 400; color: #000000;\">Comunicaciones REDTTU<\/span><\/p>\n<p style=\"text-align: center;\"><span style=\"font-weight: 400; color: #000000;\">comunicaciones@redttu.edu.co<\/span><\/p>\n<\/div><\/div><\/div><\/div><\/div><\/p>\n","protected":false},"excerpt":{"rendered":"","protected":false},"author":1,"featured_media":6812,"comment_status":"closed","ping_status":"closed","sticky":false,"template":"","format":"standard","meta":{"footnotes":""},"categories":[20],"tags":[1187,1150,409,1157,1199,1184,1168,1192,1153,1161,1158,1106,93,925,1166,1142,1205,1154,1151,249,1188,1200,1174,1171,1189,1160,1185,1183,1193,83,533,1033,873,922,1172,853,1169,1203,1170,1167,1198,648,1156,1159,1202,1155,1177,1201,1178,1204,1110,1084,1180,1176,1181,1173,1191,334,1197,1182,1175,1196,1194,1165,1190,1163,28,1179,1162,335,1186,1195,1164,1152,1206],"class_list":["post-6808","post","type-post","status-publish","format-standard","has-post-thumbnail","hentry","category-noticias","tag-20-anos","tag-40-anos","tag-aciet","tag-antioqueno","tag-apreciacion-de-la-belleza","tag-asamblea-departamental","tag-busqueda-constante-de-la-excelencia","tag-calidad-en-artes-y-cultura","tag-centro-de-convenciones-plaza-mayor","tag-centro-educacional-femenino-de-antioquia","tag-clasica-lirica-del-tdea","tag-colaboracion","tag-colombia","tag-compromiso","tag-compromiso-ineludible","tag-comunicaciones-redttu","tag-comunidad","tag-comunidad-educativa","tag-conmemoracion","tag-consejo-directivo","tag-creatividad","tag-creatividad-artistica","tag-crecimiento","tag-cuadragesimo-aniversario","tag-cultural","tag-desafios-iniciales","tag-desarrollo-de-la-region","tag-director-ejecutivo-felipe-ortiz","tag-economias-creativas-y-culturales","tag-educacion-superior","tag-educacion-superior-publica","tag-evolucion","tag-excelencia-academica","tag-excelencia-educativa","tag-exrectores","tag-formacion-artistica","tag-formacion-de-ciudadanos-ejemplares","tag-futuro","tag-gala-de-celebracion","tag-generacion-y-construccion-del-conocimiento","tag-generaciones-de-artistas-colombianos","tag-gobernacion-de-antioquia","tag-himnos-nacional","tag-historia-institucional","tag-hito","tag-invitados-especiales","tag-libardo-alvarez","tag-liderazgo","tag-lorenzo-portocarrero","tag-marca-perdurable","tag-mision-institucional","tag-modernizacion","tag-monica-quiroz-viana","tag-olga-osorio-de-cuervo","tag-orden-de-aniversario","tag-personalidades","tag-pionero","tag-politecnico-colombiano-jaime-isaza-cadavid","tag-practicas-musicales-populares","tag-presidente-gustavo-rubio-lozano","tag-prestigio","tag-profesional-universitario","tag-programas-tecnicos-profesionales","tag-proyecto-universitario","tag-rector-juan-carlos-mejia-giraldo","tag-rector-leonardo-garcia-botero","tag-redttu","tag-secretaria-de-educacion-departamental","tag-sede-de-robledo","tag-tecnologico-de-antioquia","tag-tecnologico-de-artes-debora-arango","tag-tecnologicos","tag-trabajo-en-equipo","tag-trayectoria-academica","tag-vida-cultural"],"_links":{"self":[{"href":"https:\/\/www.redttu.edu.co\/es\/wp-json\/wp\/v2\/posts\/6808","targetHints":{"allow":["GET"]}}],"collection":[{"href":"https:\/\/www.redttu.edu.co\/es\/wp-json\/wp\/v2\/posts"}],"about":[{"href":"https:\/\/www.redttu.edu.co\/es\/wp-json\/wp\/v2\/types\/post"}],"author":[{"embeddable":true,"href":"https:\/\/www.redttu.edu.co\/es\/wp-json\/wp\/v2\/users\/1"}],"replies":[{"embeddable":true,"href":"https:\/\/www.redttu.edu.co\/es\/wp-json\/wp\/v2\/comments?post=6808"}],"version-history":[{"count":3,"href":"https:\/\/www.redttu.edu.co\/es\/wp-json\/wp\/v2\/posts\/6808\/revisions"}],"predecessor-version":[{"id":6823,"href":"https:\/\/www.redttu.edu.co\/es\/wp-json\/wp\/v2\/posts\/6808\/revisions\/6823"}],"wp:featuredmedia":[{"embeddable":true,"href":"https:\/\/www.redttu.edu.co\/es\/wp-json\/wp\/v2\/media\/6812"}],"wp:attachment":[{"href":"https:\/\/www.redttu.edu.co\/es\/wp-json\/wp\/v2\/media?parent=6808"}],"wp:term":[{"taxonomy":"category","embeddable":true,"href":"https:\/\/www.redttu.edu.co\/es\/wp-json\/wp\/v2\/categories?post=6808"},{"taxonomy":"post_tag","embeddable":true,"href":"https:\/\/www.redttu.edu.co\/es\/wp-json\/wp\/v2\/tags?post=6808"}],"curies":[{"name":"wp","href":"https:\/\/api.w.org\/{rel}","templated":true}]}}