{"id":6782,"date":"2023-08-29T13:07:35","date_gmt":"2023-08-29T18:07:35","guid":{"rendered":"https:\/\/www.redttu.edu.co\/es\/?p=6782"},"modified":"2023-08-29T13:10:28","modified_gmt":"2023-08-29T18:10:28","slug":"consejo-directivo-de-rectores-avances-en-compromisos-de-asamblea-con-plan-estrategico-informe-de-matriculas-y-mapa-de-identificacion-y-localizacion-territorial-de-la-oferta-academica-de-las-ittu","status":"publish","type":"post","link":"https:\/\/www.redttu.edu.co\/es\/consejo-directivo-de-rectores-avances-en-compromisos-de-asamblea-con-plan-estrategico-informe-de-matriculas-y-mapa-de-identificacion-y-localizacion-territorial-de-la-oferta-academica-de-las-ittu\/","title":{"rendered":"CONSEJO DIRECTIVO DE RECTORES: AVANCES EN COMPROMISOS DE ASAMBLEA CON PLAN ESTRAT\u00c9GICO, INFORME DE MATR\u00cdCULAS Y MAPA DE IDENTIFICACI\u00d3N Y LOCALIZACI\u00d3N TERRITORIAL DE LA OFERTA ACAD\u00c9MICA DE LAS ITTU"},"content":{"rendered":"<p><div class=\"fusion-fullwidth fullwidth-box fusion-builder-row-1 fusion-flex-container has-pattern-background has-mask-background nonhundred-percent-fullwidth non-hundred-percent-height-scrolling\" style=\"--awb-border-radius-top-left:0px;--awb-border-radius-top-right:0px;--awb-border-radius-bottom-right:0px;--awb-border-radius-bottom-left:0px;--awb-flex-wrap:wrap;\" ><div class=\"fusion-builder-row fusion-row fusion-flex-align-items-flex-start fusion-flex-content-wrap\" style=\"max-width:1144px;margin-left: calc(-4% \/ 2 );margin-right: calc(-4% \/ 2 );\"><div class=\"fusion-layout-column fusion_builder_column fusion-builder-column-0 fusion_builder_column_1_4 1_4 fusion-flex-column\" style=\"--awb-bg-size:cover;--awb-width-large:25%;--awb-margin-top-large:0px;--awb-spacing-right-large:7.68%;--awb-margin-bottom-large:20px;--awb-spacing-left-large:7.68%;--awb-width-medium:100%;--awb-order-medium:0;--awb-spacing-right-medium:1.92%;--awb-spacing-left-medium:1.92%;--awb-width-small:100%;--awb-order-small:0;--awb-spacing-right-small:1.92%;--awb-spacing-left-small:1.92%;\"><div class=\"fusion-column-wrapper fusion-column-has-shadow fusion-flex-justify-content-flex-start fusion-content-layout-column\"><\/div><\/div><div class=\"fusion-layout-column fusion_builder_column fusion-builder-column-1 fusion_builder_column_1_4 1_4 fusion-flex-column\" style=\"--awb-bg-size:cover;--awb-width-large:25%;--awb-margin-top-large:0px;--awb-spacing-right-large:7.68%;--awb-margin-bottom-large:20px;--awb-spacing-left-large:7.68%;--awb-width-medium:100%;--awb-order-medium:0;--awb-spacing-right-medium:1.92%;--awb-spacing-left-medium:1.92%;--awb-width-small:100%;--awb-order-small:0;--awb-spacing-right-small:1.92%;--awb-spacing-left-small:1.92%;\"><div class=\"fusion-column-wrapper fusion-column-has-shadow fusion-flex-justify-content-flex-start fusion-content-layout-column\"><\/div><\/div><div class=\"fusion-layout-column fusion_builder_column fusion-builder-column-2 fusion_builder_column_1_4 1_4 fusion-flex-column\" style=\"--awb-bg-size:cover;--awb-width-large:25%;--awb-margin-top-large:0px;--awb-spacing-right-large:7.68%;--awb-margin-bottom-large:20px;--awb-spacing-left-large:7.68%;--awb-width-medium:100%;--awb-order-medium:0;--awb-spacing-right-medium:1.92%;--awb-spacing-left-medium:1.92%;--awb-width-small:100%;--awb-order-small:0;--awb-spacing-right-small:1.92%;--awb-spacing-left-small:1.92%;\"><div class=\"fusion-column-wrapper fusion-column-has-shadow fusion-flex-justify-content-flex-start fusion-content-layout-column\"><\/div><\/div><div class=\"fusion-layout-column fusion_builder_column fusion-builder-column-3 fusion_builder_column_1_4 1_4 fusion-flex-column\" style=\"--awb-bg-size:cover;--awb-width-large:25%;--awb-margin-top-large:0px;--awb-spacing-right-large:7.68%;--awb-margin-bottom-large:20px;--awb-spacing-left-large:7.68%;--awb-width-medium:100%;--awb-order-medium:0;--awb-spacing-right-medium:1.92%;--awb-spacing-left-medium:1.92%;--awb-width-small:100%;--awb-order-small:0;--awb-spacing-right-small:1.92%;--awb-spacing-left-small:1.92%;\"><div class=\"fusion-column-wrapper fusion-column-has-shadow fusion-flex-justify-content-flex-start fusion-content-layout-column\"><div class=\"fusion-image-element \" style=\"--awb-caption-title-font-family:var(--h2_typography-font-family);--awb-caption-title-font-weight:var(--h2_typography-font-weight);--awb-caption-title-font-style:var(--h2_typography-font-style);--awb-caption-title-size:var(--h2_typography-font-size);--awb-caption-title-transform:var(--h2_typography-text-transform);--awb-caption-title-line-height:var(--h2_typography-line-height);--awb-caption-title-letter-spacing:var(--h2_typography-letter-spacing);\"><span class=\" fusion-imageframe imageframe-none imageframe-2 hover-type-none\"><img decoding=\"async\" width=\"861\" height=\"394\" alt=\"Logo REDTTU\" title=\"Logo REDTTU\" src=\"https:\/\/www.redttu.edu.co\/es\/wp-content\/uploads\/2019\/02\/logo_x2.png\" class=\"img-responsive wp-image-3242\"\/><\/span><\/div><\/div><\/div><\/div><\/div><div class=\"fusion-fullwidth fullwidth-box fusion-builder-row-2 fusion-flex-container has-pattern-background has-mask-background nonhundred-percent-fullwidth non-hundred-percent-height-scrolling\" style=\"--awb-border-radius-top-left:0px;--awb-border-radius-top-right:0px;--awb-border-radius-bottom-right:0px;--awb-border-radius-bottom-left:0px;--awb-flex-wrap:wrap;\" ><div class=\"fusion-builder-row fusion-row fusion-flex-align-items-flex-start fusion-flex-content-wrap\" style=\"max-width:1144px;margin-left: calc(-4% \/ 2 );margin-right: calc(-4% \/ 2 );\"><div class=\"fusion-layout-column fusion_builder_column fusion-builder-column-4 fusion_builder_column_1_3 1_3 fusion-flex-column\" style=\"--awb-bg-size:cover;--awb-width-large:33.333333333333%;--awb-margin-top-large:0px;--awb-spacing-right-large:5.76%;--awb-margin-bottom-large:20px;--awb-spacing-left-large:5.76%;--awb-width-medium:100%;--awb-order-medium:0;--awb-spacing-right-medium:1.92%;--awb-spacing-left-medium:1.92%;--awb-width-small:100%;--awb-order-small:0;--awb-spacing-right-small:1.92%;--awb-spacing-left-small:1.92%;\"><div class=\"fusion-column-wrapper fusion-column-has-shadow fusion-flex-justify-content-flex-start fusion-content-layout-column\"><\/div><\/div><div class=\"fusion-layout-column fusion_builder_column fusion-builder-column-5 fusion_builder_column_1_3 1_3 fusion-flex-column\" style=\"--awb-bg-size:cover;--awb-width-large:33.333333333333%;--awb-margin-top-large:0px;--awb-spacing-right-large:5.76%;--awb-margin-bottom-large:20px;--awb-spacing-left-large:5.76%;--awb-width-medium:100%;--awb-order-medium:0;--awb-spacing-right-medium:1.92%;--awb-spacing-left-medium:1.92%;--awb-width-small:100%;--awb-order-small:0;--awb-spacing-right-small:1.92%;--awb-spacing-left-small:1.92%;\"><div class=\"fusion-column-wrapper fusion-column-has-shadow fusion-flex-justify-content-flex-start fusion-content-layout-column\"><div class=\"fusion-image-element \" style=\"--awb-caption-title-font-family:var(--h2_typography-font-family);--awb-caption-title-font-weight:var(--h2_typography-font-weight);--awb-caption-title-font-style:var(--h2_typography-font-style);--awb-caption-title-size:var(--h2_typography-font-size);--awb-caption-title-transform:var(--h2_typography-text-transform);--awb-caption-title-line-height:var(--h2_typography-line-height);--awb-caption-title-letter-spacing:var(--h2_typography-letter-spacing);\"><span class=\" fusion-imageframe imageframe-none imageframe-3 hover-type-none\"><img decoding=\"async\" width=\"256\" height=\"363\" alt=\"Flash News\" title=\"Flash News\" src=\"https:\/\/www.redttu.edu.co\/es\/wp-content\/uploads\/2019\/10\/Adobe_Post_20190930_1711220.jpg\" class=\"img-responsive wp-image-4283\"\/><\/span><\/div><\/div><\/div><div class=\"fusion-layout-column fusion_builder_column fusion-builder-column-6 fusion_builder_column_1_3 1_3 fusion-flex-column\" style=\"--awb-bg-size:cover;--awb-width-large:33.333333333333%;--awb-margin-top-large:0px;--awb-spacing-right-large:5.76%;--awb-margin-bottom-large:20px;--awb-spacing-left-large:5.76%;--awb-width-medium:100%;--awb-order-medium:0;--awb-spacing-right-medium:1.92%;--awb-spacing-left-medium:1.92%;--awb-width-small:100%;--awb-order-small:0;--awb-spacing-right-small:1.92%;--awb-spacing-left-small:1.92%;\"><div class=\"fusion-column-wrapper fusion-column-has-shadow fusion-flex-justify-content-flex-start fusion-content-layout-column\"><\/div><\/div><\/div><\/div><div class=\"fusion-fullwidth fullwidth-box fusion-builder-row-3 fusion-flex-container has-pattern-background has-mask-background nonhundred-percent-fullwidth non-hundred-percent-height-scrolling\" style=\"--awb-border-radius-top-left:0px;--awb-border-radius-top-right:0px;--awb-border-radius-bottom-right:0px;--awb-border-radius-bottom-left:0px;--awb-flex-wrap:wrap;\" ><div class=\"fusion-builder-row fusion-row fusion-flex-align-items-flex-start fusion-flex-content-wrap\" style=\"max-width:1144px;margin-left: calc(-4% \/ 2 );margin-right: calc(-4% \/ 2 );\"><div class=\"fusion-layout-column fusion_builder_column fusion-builder-column-7 fusion_builder_column_1_1 1_1 fusion-flex-column\" style=\"--awb-bg-size:cover;--awb-width-large:100%;--awb-margin-top-large:0px;--awb-spacing-right-large:1.92%;--awb-margin-bottom-large:20px;--awb-spacing-left-large:1.92%;--awb-width-medium:100%;--awb-order-medium:0;--awb-spacing-right-medium:1.92%;--awb-spacing-left-medium:1.92%;--awb-width-small:100%;--awb-order-small:0;--awb-spacing-right-small:1.92%;--awb-spacing-left-small:1.92%;\"><div class=\"fusion-column-wrapper fusion-column-has-shadow fusion-flex-justify-content-flex-start fusion-content-layout-column\"><div class=\"fusion-title title fusion-title-1 fusion-title-text fusion-title-size-one\"><div class=\"title-sep-container title-sep-container-left fusion-no-large-visibility fusion-no-medium-visibility fusion-no-small-visibility\"><div class=\"title-sep sep-double sep-solid\" style=\"border-color:#e0dede;\"><\/div><\/div><span class=\"awb-title-spacer fusion-no-large-visibility fusion-no-medium-visibility fusion-no-small-visibility\"><\/span><h1 class=\"fusion-title-heading title-heading-left fusion-responsive-typography-calculated\" style=\"margin:0;--fontSize:34;line-height:1.41;\"><h1><b>CONSEJO DIRECTIVO DE RECTORES: AVANCES EN COMPROMISOS DE ASAMBLEA CON PLAN ESTRAT\u00c9GICO, INFORME DE MATR\u00cdCULAS Y MAPA DE IDENTIFICACI\u00d3N Y LOCALIZACI\u00d3N TERRITORIAL DE LA OFERTA ACAD\u00c9MICA DE LAS ITTU\u00a0 <\/b><\/h1><\/h1><span class=\"awb-title-spacer\"><\/span><div class=\"title-sep-container title-sep-container-right\"><div class=\"title-sep sep-double sep-solid\" style=\"border-color:#e0dede;\"><\/div><\/div><\/div><\/div><\/div><\/div><\/div><div class=\"fusion-fullwidth fullwidth-box fusion-builder-row-4 fusion-flex-container has-pattern-background has-mask-background nonhundred-percent-fullwidth non-hundred-percent-height-scrolling\" style=\"--awb-border-radius-top-left:0px;--awb-border-radius-top-right:0px;--awb-border-radius-bottom-right:0px;--awb-border-radius-bottom-left:0px;--awb-flex-wrap:wrap;\" ><div class=\"fusion-builder-row fusion-row fusion-flex-align-items-flex-start fusion-flex-content-wrap\" style=\"max-width:1144px;margin-left: calc(-4% \/ 2 );margin-right: calc(-4% \/ 2 );\"><div class=\"fusion-layout-column fusion_builder_column fusion-builder-column-8 fusion_builder_column_1_1 1_1 fusion-flex-column\" style=\"--awb-bg-size:cover;--awb-width-large:100%;--awb-margin-top-large:0px;--awb-spacing-right-large:1.92%;--awb-margin-bottom-large:20px;--awb-spacing-left-large:1.92%;--awb-width-medium:100%;--awb-order-medium:0;--awb-spacing-right-medium:1.92%;--awb-spacing-left-medium:1.92%;--awb-width-small:100%;--awb-order-small:0;--awb-spacing-right-small:1.92%;--awb-spacing-left-small:1.92%;\"><div class=\"fusion-column-wrapper fusion-column-has-shadow fusion-flex-justify-content-flex-start fusion-content-layout-column\"><div class=\"fusion-text fusion-text-1\"><p style=\"text-align: justify;\"><span style=\"color: #000000;\"><strong>Bogot\u00e1, 23 de Agosto de 2023<\/strong><\/span><\/p>\n<p style=\"text-align: justify;\"><span style=\"color: #000000;\">La RedTTU avanza en la ejecuci\u00f3n de los compromisos establecidos en la Asamblea General los cuales fueron presentados en la sesi\u00f3n del Consejo Directivo realizada en el Hotel Capital<\/span><\/p>\n<p style=\"text-align: justify;\"><span style=\"color: #000000;\">El encuentro fue instalado por el presidente del Consejo Directivo, rector Gustavo Rubio del ITA, quien resalt\u00f3 la importancia de la colaboraci\u00f3n y la visi\u00f3n compartida entre las 30 instituciones afiliadas respecto del fortalecimiento de la misi\u00f3n institucional de la RedTTU. La agenda contempl\u00f3 puntos cruciales, desarrollados a lo largo de la jornada. Destacamos la presentaci\u00f3n del informe de matr\u00edculas correspondiente al periodo 2018\/2022 que hace parte del \"Sistema de Indicadores RedTTU\" a cargo del equipo t\u00e9cnico externo integrado por el economista Arturo Trujillo y la ingeniera Valentina Alvarado. <\/span><br \/>\n<span style=\"color: #000000;\">A continuaci\u00f3n el asesor externo de la RedTTU Gabriel Rueda candidato a doctor en Ciencias Sociales y Humanas, quien present\u00f3 el primer documento de avance con la formulaci\u00f3n de las 7 l\u00edneas estrat\u00e9gicas y objetivos del \"Plan Estrat\u00e9gico RedTTU 2023-2033\".<\/span><\/p>\n<p style=\"text-align: justify;\"><span style=\"color: #000000;\">La exposici\u00f3n del nuevo mapa de \"Identificaci\u00f3n y Localizaci\u00f3n Territorial de la Oferta Acad\u00e9mica de las IES Oficiales 2023\" estuvo a cargo de la Coordinadora de Comunicaciones RedTTU, Karen Forero.<\/span><\/p>\n<p style=\"text-align: justify;\"><span style=\"color: #000000;\">Posteriormente, el consejo directivo con la presencia de los rectores Gustavo Rubio, Leonardo Garc\u00eda, Omar Lengerke, Oscar Porras, Arcesio Castro, Leonardo P\u00e9rez y Luis Alfonso P\u00e9rez, m\u00e1s la participaci\u00f3n virtual del rector Juan Carlos Urriago y el acompa\u00f1amiento del director ejecutivo de la REDTTU, Felipe Ortiz, terminaron de preparar la audiencia con la Ministra de Educaci\u00f3n Nacional, Aurora Vergara, programada para el mediod\u00eda.<\/span><\/p>\n<\/div><\/div><\/div><\/div><\/div><div class=\"fusion-fullwidth fullwidth-box fusion-builder-row-5 fusion-flex-container has-pattern-background has-mask-background nonhundred-percent-fullwidth non-hundred-percent-height-scrolling\" style=\"--awb-border-radius-top-left:0px;--awb-border-radius-top-right:0px;--awb-border-radius-bottom-right:0px;--awb-border-radius-bottom-left:0px;--awb-flex-wrap:wrap;\" ><div class=\"fusion-builder-row fusion-row fusion-flex-align-items-flex-start fusion-flex-content-wrap\" style=\"max-width:1144px;margin-left: calc(-4% \/ 2 );margin-right: calc(-4% \/ 2 );\"><div class=\"fusion-layout-column fusion_builder_column fusion-builder-column-9 fusion_builder_column_1_2 1_2 fusion-flex-column\" style=\"--awb-bg-size:cover;--awb-width-large:50%;--awb-margin-top-large:0px;--awb-spacing-right-large:3.84%;--awb-margin-bottom-large:20px;--awb-spacing-left-large:3.84%;--awb-width-medium:100%;--awb-order-medium:0;--awb-spacing-right-medium:1.92%;--awb-spacing-left-medium:1.92%;--awb-width-small:100%;--awb-order-small:0;--awb-spacing-right-small:1.92%;--awb-spacing-left-small:1.92%;\"><div class=\"fusion-column-wrapper fusion-column-has-shadow fusion-flex-justify-content-flex-start fusion-content-layout-column\"><div class=\"fusion-image-element \" style=\"--awb-caption-title-font-family:var(--h2_typography-font-family);--awb-caption-title-font-weight:var(--h2_typography-font-weight);--awb-caption-title-font-style:var(--h2_typography-font-style);--awb-caption-title-size:var(--h2_typography-font-size);--awb-caption-title-transform:var(--h2_typography-text-transform);--awb-caption-title-line-height:var(--h2_typography-line-height);--awb-caption-title-letter-spacing:var(--h2_typography-letter-spacing);\"><span class=\" fusion-imageframe imageframe-none imageframe-4 hover-type-none\"><img decoding=\"async\" width=\"518\" height=\"388\" alt=\"En las fotograf\u00edas: Valentina Alvarado, Arturo Trujillo y Gabriel Rueda miembros del Equipo T\u00e9cnico Externo RedTTU rector Oscar Porras, Unipaz; director ejecutivo Felipe Ortiz, Gustavo Rubio, rector ITA; Leonardo Garc\u00eda, rector TdeA; Arcesio Castro, rector IUB; Omar Lengerke, rector UTS y Leonardo P\u00e9rez, rector Infotep Hvg\" title=\"En las fotograf\u00edas: Valentina Alvarado, Arturo Trujillo y Gabriel Rueda miembros del Equipo T\u00e9cnico Externo RedTTU rector Oscar Porras, Unipaz; director ejecutivo Felipe Ortiz, Gustavo Rubio, rector ITA; Leonardo Garc\u00eda, rector TdeA; Arcesio Castro, rector IUB; Omar Lengerke, rector UTS y Leonardo P\u00e9rez, rector Infotep Hvg\" src=\"https:\/\/www.redttu.edu.co\/es\/wp-content\/uploads\/2023\/08\/Captura-de-pantalla-2023-08-29-a-las-12.59.49-p.m.png\" class=\"img-responsive wp-image-6785\" srcset=\"https:\/\/www.redttu.edu.co\/es\/wp-content\/uploads\/2023\/08\/Captura-de-pantalla-2023-08-29-a-las-12.59.49-p.m-200x150.png 200w, https:\/\/www.redttu.edu.co\/es\/wp-content\/uploads\/2023\/08\/Captura-de-pantalla-2023-08-29-a-las-12.59.49-p.m-400x300.png 400w, https:\/\/www.redttu.edu.co\/es\/wp-content\/uploads\/2023\/08\/Captura-de-pantalla-2023-08-29-a-las-12.59.49-p.m.png 518w\" sizes=\"(max-width: 1024px) 100vw, (max-width: 640px) 100vw, 518px\" \/><\/span><\/div><\/div><\/div><div class=\"fusion-layout-column fusion_builder_column fusion-builder-column-10 fusion_builder_column_1_2 1_2 fusion-flex-column\" style=\"--awb-bg-size:cover;--awb-width-large:50%;--awb-margin-top-large:0px;--awb-spacing-right-large:3.84%;--awb-margin-bottom-large:20px;--awb-spacing-left-large:3.84%;--awb-width-medium:100%;--awb-order-medium:0;--awb-spacing-right-medium:1.92%;--awb-spacing-left-medium:1.92%;--awb-width-small:100%;--awb-order-small:0;--awb-spacing-right-small:1.92%;--awb-spacing-left-small:1.92%;\"><div class=\"fusion-column-wrapper fusion-column-has-shadow fusion-flex-justify-content-flex-start fusion-content-layout-column\"><div class=\"fusion-image-element \" style=\"--awb-caption-title-font-family:var(--h2_typography-font-family);--awb-caption-title-font-weight:var(--h2_typography-font-weight);--awb-caption-title-font-style:var(--h2_typography-font-style);--awb-caption-title-size:var(--h2_typography-font-size);--awb-caption-title-transform:var(--h2_typography-text-transform);--awb-caption-title-line-height:var(--h2_typography-line-height);--awb-caption-title-letter-spacing:var(--h2_typography-letter-spacing);\"><span class=\" fusion-imageframe imageframe-none imageframe-5 hover-type-none\"><img decoding=\"async\" width=\"628\" height=\"393\" alt=\"En las fotograf\u00edas: Valentina Alvarado, Arturo Trujillo y Gabriel Rueda miembros del Equipo T\u00e9cnico Externo RedTTU rector Oscar Porras, Unipaz; director ejecutivo Felipe Ortiz, Gustavo Rubio, rector ITA; Leonardo Garc\u00eda, rector TdeA; Arcesio Castro, rector IUB; Omar Lengerke, rector UTS y Leonardo P\u00e9rez, rector Infotep Hvg\" title=\"En las fotograf\u00edas: Valentina Alvarado, Arturo Trujillo y Gabriel Rueda miembros del Equipo T\u00e9cnico Externo RedTTU rector Oscar Porras, Unipaz; director ejecutivo Felipe Ortiz, Gustavo Rubio, rector ITA; Leonardo Garc\u00eda, rector TdeA; Arcesio Castro, rector IUB; Omar Lengerke, rector UTS y Leonardo P\u00e9rez, rector Infotep Hvg\" src=\"https:\/\/www.redttu.edu.co\/es\/wp-content\/uploads\/2023\/08\/Captura-de-pantalla-2023-08-29-a-las-12.59.42-p.m.png\" class=\"img-responsive wp-image-6786\" srcset=\"https:\/\/www.redttu.edu.co\/es\/wp-content\/uploads\/2023\/08\/Captura-de-pantalla-2023-08-29-a-las-12.59.42-p.m-200x125.png 200w, https:\/\/www.redttu.edu.co\/es\/wp-content\/uploads\/2023\/08\/Captura-de-pantalla-2023-08-29-a-las-12.59.42-p.m-400x250.png 400w, https:\/\/www.redttu.edu.co\/es\/wp-content\/uploads\/2023\/08\/Captura-de-pantalla-2023-08-29-a-las-12.59.42-p.m-600x375.png 600w, https:\/\/www.redttu.edu.co\/es\/wp-content\/uploads\/2023\/08\/Captura-de-pantalla-2023-08-29-a-las-12.59.42-p.m.png 628w\" sizes=\"(max-width: 1024px) 100vw, (max-width: 640px) 100vw, 600px\" \/><\/span><\/div><\/div><\/div><\/div><\/div><div class=\"fusion-fullwidth fullwidth-box fusion-builder-row-6 fusion-flex-container has-pattern-background has-mask-background nonhundred-percent-fullwidth non-hundred-percent-height-scrolling\" style=\"--awb-border-radius-top-left:0px;--awb-border-radius-top-right:0px;--awb-border-radius-bottom-right:0px;--awb-border-radius-bottom-left:0px;--awb-flex-wrap:wrap;\" ><div class=\"fusion-builder-row fusion-row fusion-flex-align-items-flex-start fusion-flex-content-wrap\" style=\"max-width:1144px;margin-left: calc(-4% \/ 2 );margin-right: calc(-4% \/ 2 );\"><div class=\"fusion-layout-column fusion_builder_column fusion-builder-column-11 fusion_builder_column_1_1 1_1 fusion-flex-column\" style=\"--awb-bg-size:cover;--awb-width-large:100%;--awb-margin-top-large:0px;--awb-spacing-right-large:1.92%;--awb-margin-bottom-large:20px;--awb-spacing-left-large:1.92%;--awb-width-medium:100%;--awb-order-medium:0;--awb-spacing-right-medium:1.92%;--awb-spacing-left-medium:1.92%;--awb-width-small:100%;--awb-order-small:0;--awb-spacing-right-small:1.92%;--awb-spacing-left-small:1.92%;\"><div class=\"fusion-column-wrapper fusion-column-has-shadow fusion-flex-justify-content-flex-start fusion-content-layout-column\"><div class=\"fusion-text fusion-text-2\"><p style=\"text-align: justify;\"><span style=\"color: #000000;\">En relaci\u00f3n a los puntos estrat\u00e9gicos de los tres productos presentados, en el primero de ellos, el Sistema de Indicadores se enfoc\u00f3 en el \u201cInforme de matr\u00edcula de las Instituciones T\u00e9cnicas Profesionales, Tecnol\u00f3gicas y Universitarias P\u00fablicas\u201d, tanto en pregrado como en posgrado para el periodo de an\u00e1lisis 2018-2022. El informe comprende n\u00famero de matriculados por a\u00f1o y semestre; matriculados por a\u00f1o y metodolog\u00eda; matriculados por a\u00f1o y sexo; matriculados por departamentos; matriculados por a\u00f1o y car\u00e1cter de las IES; matriculados por a\u00f1o y nivel de formaci\u00f3n; matriculados por a\u00f1o y \u00e1rea de conocimiento, entre otros muchos elementos aportados por el an\u00e1lisis y que contribuyen a establecer unas herramientas comparativas y de medici\u00f3n que permiten actualizar las estad\u00edsticas del sector de la educaci\u00f3n superior, especificamente de las 30 ITTU.<\/span><\/p>\n<p>\u00a0<\/p>\n<\/div><\/div><\/div><\/div><\/div><div class=\"fusion-fullwidth fullwidth-box fusion-builder-row-7 fusion-flex-container has-pattern-background has-mask-background nonhundred-percent-fullwidth non-hundred-percent-height-scrolling\" style=\"--awb-border-radius-top-left:0px;--awb-border-radius-top-right:0px;--awb-border-radius-bottom-right:0px;--awb-border-radius-bottom-left:0px;--awb-flex-wrap:wrap;\" ><div class=\"fusion-builder-row fusion-row fusion-flex-align-items-flex-start fusion-flex-content-wrap\" style=\"max-width:1144px;margin-left: calc(-4% \/ 2 );margin-right: calc(-4% \/ 2 );\"><div class=\"fusion-layout-column fusion_builder_column fusion-builder-column-12 fusion_builder_column_1_2 1_2 fusion-flex-column\" style=\"--awb-bg-size:cover;--awb-width-large:50%;--awb-margin-top-large:0px;--awb-spacing-right-large:3.84%;--awb-margin-bottom-large:20px;--awb-spacing-left-large:3.84%;--awb-width-medium:100%;--awb-order-medium:0;--awb-spacing-right-medium:1.92%;--awb-spacing-left-medium:1.92%;--awb-width-small:100%;--awb-order-small:0;--awb-spacing-right-small:1.92%;--awb-spacing-left-small:1.92%;\"><div class=\"fusion-column-wrapper fusion-column-has-shadow fusion-flex-justify-content-flex-start fusion-content-layout-column\"><div class=\"fusion-image-element \" style=\"--awb-caption-title-font-family:var(--h2_typography-font-family);--awb-caption-title-font-weight:var(--h2_typography-font-weight);--awb-caption-title-font-style:var(--h2_typography-font-style);--awb-caption-title-size:var(--h2_typography-font-size);--awb-caption-title-transform:var(--h2_typography-text-transform);--awb-caption-title-line-height:var(--h2_typography-line-height);--awb-caption-title-letter-spacing:var(--h2_typography-letter-spacing);\"><span class=\" fusion-imageframe imageframe-none imageframe-6 hover-type-none\"><img decoding=\"async\" width=\"735\" height=\"429\" alt=\"En la fotograf\u00eda: Informe de matr\u00edculas ITTU 2018-2022 y Plan Estrat\u00e9gico RedTTU 2023-2033\" title=\"En la fotograf\u00eda: Informe de matr\u00edculas ITTU 2018-2022 y Plan Estrat\u00e9gico RedTTU 2023-2033\" src=\"https:\/\/www.redttu.edu.co\/es\/wp-content\/uploads\/2023\/08\/Captura-de-pantalla-2023-08-29-a-las-1.02.30-p.m.png\" class=\"img-responsive wp-image-6787\" srcset=\"https:\/\/www.redttu.edu.co\/es\/wp-content\/uploads\/2023\/08\/Captura-de-pantalla-2023-08-29-a-las-1.02.30-p.m-200x117.png 200w, https:\/\/www.redttu.edu.co\/es\/wp-content\/uploads\/2023\/08\/Captura-de-pantalla-2023-08-29-a-las-1.02.30-p.m-400x233.png 400w, https:\/\/www.redttu.edu.co\/es\/wp-content\/uploads\/2023\/08\/Captura-de-pantalla-2023-08-29-a-las-1.02.30-p.m-600x350.png 600w, https:\/\/www.redttu.edu.co\/es\/wp-content\/uploads\/2023\/08\/Captura-de-pantalla-2023-08-29-a-las-1.02.30-p.m.png 735w\" sizes=\"(max-width: 1024px) 100vw, (max-width: 640px) 100vw, 600px\" \/><\/span><\/div><\/div><\/div><div class=\"fusion-layout-column fusion_builder_column fusion-builder-column-13 fusion_builder_column_1_2 1_2 fusion-flex-column\" style=\"--awb-bg-size:cover;--awb-width-large:50%;--awb-margin-top-large:0px;--awb-spacing-right-large:3.84%;--awb-margin-bottom-large:20px;--awb-spacing-left-large:3.84%;--awb-width-medium:100%;--awb-order-medium:0;--awb-spacing-right-medium:1.92%;--awb-spacing-left-medium:1.92%;--awb-width-small:100%;--awb-order-small:0;--awb-spacing-right-small:1.92%;--awb-spacing-left-small:1.92%;\"><div class=\"fusion-column-wrapper fusion-column-has-shadow fusion-flex-justify-content-flex-start fusion-content-layout-column\"><div class=\"fusion-image-element \" style=\"--awb-caption-title-font-family:var(--h2_typography-font-family);--awb-caption-title-font-weight:var(--h2_typography-font-weight);--awb-caption-title-font-style:var(--h2_typography-font-style);--awb-caption-title-size:var(--h2_typography-font-size);--awb-caption-title-transform:var(--h2_typography-text-transform);--awb-caption-title-line-height:var(--h2_typography-line-height);--awb-caption-title-letter-spacing:var(--h2_typography-letter-spacing);\"><span class=\" fusion-imageframe imageframe-none imageframe-7 hover-type-none\"><img decoding=\"async\" width=\"749\" height=\"430\" alt=\"En la fotograf\u00eda: Informe de matr\u00edculas ITTU 2018-2022 y Plan Estrat\u00e9gico RedTTU 2023-2033\" title=\"En la fotograf\u00eda: Informe de matr\u00edculas ITTU 2018-2022 y Plan Estrat\u00e9gico RedTTU 2023-2033\" src=\"https:\/\/www.redttu.edu.co\/es\/wp-content\/uploads\/2023\/08\/Captura-de-pantalla-2023-08-29-a-las-1.02.19-p.m.png\" class=\"img-responsive wp-image-6788\" srcset=\"https:\/\/www.redttu.edu.co\/es\/wp-content\/uploads\/2023\/08\/Captura-de-pantalla-2023-08-29-a-las-1.02.19-p.m-200x115.png 200w, https:\/\/www.redttu.edu.co\/es\/wp-content\/uploads\/2023\/08\/Captura-de-pantalla-2023-08-29-a-las-1.02.19-p.m-400x230.png 400w, https:\/\/www.redttu.edu.co\/es\/wp-content\/uploads\/2023\/08\/Captura-de-pantalla-2023-08-29-a-las-1.02.19-p.m-600x344.png 600w, https:\/\/www.redttu.edu.co\/es\/wp-content\/uploads\/2023\/08\/Captura-de-pantalla-2023-08-29-a-las-1.02.19-p.m.png 749w\" sizes=\"(max-width: 1024px) 100vw, (max-width: 640px) 100vw, 600px\" \/><\/span><\/div><\/div><\/div><\/div><\/div><div class=\"fusion-fullwidth fullwidth-box fusion-builder-row-8 fusion-flex-container has-pattern-background has-mask-background nonhundred-percent-fullwidth non-hundred-percent-height-scrolling\" style=\"--awb-border-radius-top-left:0px;--awb-border-radius-top-right:0px;--awb-border-radius-bottom-right:0px;--awb-border-radius-bottom-left:0px;--awb-flex-wrap:wrap;\" ><div class=\"fusion-builder-row fusion-row fusion-flex-align-items-flex-start fusion-flex-content-wrap\" style=\"max-width:1144px;margin-left: calc(-4% \/ 2 );margin-right: calc(-4% \/ 2 );\"><div class=\"fusion-layout-column fusion_builder_column fusion-builder-column-14 fusion_builder_column_1_1 1_1 fusion-flex-column\" style=\"--awb-bg-size:cover;--awb-width-large:100%;--awb-margin-top-large:0px;--awb-spacing-right-large:1.92%;--awb-margin-bottom-large:20px;--awb-spacing-left-large:1.92%;--awb-width-medium:100%;--awb-order-medium:0;--awb-spacing-right-medium:1.92%;--awb-spacing-left-medium:1.92%;--awb-width-small:100%;--awb-order-small:0;--awb-spacing-right-small:1.92%;--awb-spacing-left-small:1.92%;\"><div class=\"fusion-column-wrapper fusion-column-has-shadow fusion-flex-justify-content-flex-start fusion-content-layout-column\"><div class=\"fusion-text fusion-text-3\"><p style=\"text-align: justify;\"><span style=\"color: #000000;\">El Plan Estrat\u00e9gico, por su parte, incorpor\u00f3 una introducci\u00f3n del plan, las primeras 7 l\u00edneas estrat\u00e9gicas con sus objetivos y acciones de corto plazo, mecanismos de validaci\u00f3n y el componente de seguimiento y evaluaci\u00f3n. Las 7 l\u00edneas estrat\u00e9gicas propuestas son: 1o. Reconceptualizaci\u00f3n de la formaci\u00f3n TyT; 2o. Fortalecimiento de la oferta y la misionalidad de las ITTU de la Red; 3o. Nuevo marco de las relaciones de la formaci\u00f3n TyT para su visibilidad y posicionamiento; 4o. Empleabilidad y posicionamiento de la formaci\u00f3n TyT; 5o. Financiamiento y estructura de gastos e inversi\u00f3n de la formaci\u00f3n TyT; 6o. La RedTTU y su apoyo estrat\u00e9gico transversal y 7o. Mejoramiento de la gesti\u00f3n administrativa de la Red.<\/span><\/p>\n<\/div><\/div><\/div><\/div><\/div><div class=\"fusion-fullwidth fullwidth-box fusion-builder-row-9 fusion-flex-container has-pattern-background has-mask-background nonhundred-percent-fullwidth non-hundred-percent-height-scrolling\" style=\"--awb-border-radius-top-left:0px;--awb-border-radius-top-right:0px;--awb-border-radius-bottom-right:0px;--awb-border-radius-bottom-left:0px;--awb-flex-wrap:wrap;\" ><div class=\"fusion-builder-row fusion-row fusion-flex-align-items-flex-start fusion-flex-content-wrap\" style=\"max-width:1144px;margin-left: calc(-4% \/ 2 );margin-right: calc(-4% \/ 2 );\"><div class=\"fusion-layout-column fusion_builder_column fusion-builder-column-15 fusion_builder_column_1_1 1_1 fusion-flex-column\" style=\"--awb-bg-size:cover;--awb-width-large:100%;--awb-margin-top-large:0px;--awb-spacing-right-large:1.92%;--awb-margin-bottom-large:20px;--awb-spacing-left-large:1.92%;--awb-width-medium:100%;--awb-order-medium:0;--awb-spacing-right-medium:1.92%;--awb-spacing-left-medium:1.92%;--awb-width-small:100%;--awb-order-small:0;--awb-spacing-right-small:1.92%;--awb-spacing-left-small:1.92%;\"><div class=\"fusion-column-wrapper fusion-column-has-shadow fusion-flex-justify-content-flex-start fusion-content-layout-column\"><div class=\"fusion-image-element \" style=\"text-align:center;--awb-caption-title-font-family:var(--h2_typography-font-family);--awb-caption-title-font-weight:var(--h2_typography-font-weight);--awb-caption-title-font-style:var(--h2_typography-font-style);--awb-caption-title-size:var(--h2_typography-font-size);--awb-caption-title-transform:var(--h2_typography-text-transform);--awb-caption-title-line-height:var(--h2_typography-line-height);--awb-caption-title-letter-spacing:var(--h2_typography-letter-spacing);\"><span class=\" fusion-imageframe imageframe-none imageframe-8 hover-type-none\"><img decoding=\"async\" width=\"669\" height=\"377\" alt=\"Visualizaci\u00f3n del Mapa\u201dIdentificaci\u00f3n y Localizaci\u00f3n Territorial de la Oferta Acad\u00e9mica de las 30 ITTU oficiales 2023\u201d\" title=\"Visualizaci\u00f3n del Mapa\u201dIdentificaci\u00f3n y Localizaci\u00f3n Territorial de la Oferta Acad\u00e9mica de las 30 ITTU oficiales 2023\u201d\" src=\"https:\/\/www.redttu.edu.co\/es\/wp-content\/uploads\/2023\/08\/Captura-de-pantalla-2023-08-29-a-las-1.04.36-p.m.png\" class=\"img-responsive wp-image-6789\" srcset=\"https:\/\/www.redttu.edu.co\/es\/wp-content\/uploads\/2023\/08\/Captura-de-pantalla-2023-08-29-a-las-1.04.36-p.m-200x113.png 200w, https:\/\/www.redttu.edu.co\/es\/wp-content\/uploads\/2023\/08\/Captura-de-pantalla-2023-08-29-a-las-1.04.36-p.m-400x225.png 400w, https:\/\/www.redttu.edu.co\/es\/wp-content\/uploads\/2023\/08\/Captura-de-pantalla-2023-08-29-a-las-1.04.36-p.m-600x338.png 600w, https:\/\/www.redttu.edu.co\/es\/wp-content\/uploads\/2023\/08\/Captura-de-pantalla-2023-08-29-a-las-1.04.36-p.m.png 669w\" sizes=\"(max-width: 1024px) 100vw, (max-width: 640px) 100vw, 669px\" \/><\/span><\/div><\/div><\/div><\/div><\/div><div class=\"fusion-fullwidth fullwidth-box fusion-builder-row-10 fusion-flex-container has-pattern-background has-mask-background nonhundred-percent-fullwidth non-hundred-percent-height-scrolling\" style=\"--awb-border-radius-top-left:0px;--awb-border-radius-top-right:0px;--awb-border-radius-bottom-right:0px;--awb-border-radius-bottom-left:0px;--awb-flex-wrap:wrap;\" ><div class=\"fusion-builder-row fusion-row fusion-flex-align-items-flex-start fusion-flex-content-wrap\" style=\"max-width:1144px;margin-left: calc(-4% \/ 2 );margin-right: calc(-4% \/ 2 );\"><div class=\"fusion-layout-column fusion_builder_column fusion-builder-column-16 fusion_builder_column_1_1 1_1 fusion-flex-column\" style=\"--awb-bg-size:cover;--awb-width-large:100%;--awb-margin-top-large:0px;--awb-spacing-right-large:1.92%;--awb-margin-bottom-large:20px;--awb-spacing-left-large:1.92%;--awb-width-medium:100%;--awb-order-medium:0;--awb-spacing-right-medium:1.92%;--awb-spacing-left-medium:1.92%;--awb-width-small:100%;--awb-order-small:0;--awb-spacing-right-small:1.92%;--awb-spacing-left-small:1.92%;\"><div class=\"fusion-column-wrapper fusion-column-has-shadow fusion-flex-justify-content-flex-start fusion-content-layout-column\"><div class=\"fusion-text fusion-text-4\"><p style=\"text-align: justify;\"><span style=\"color: #000000;\">En lo concerniente al mapa de \"Identificaci\u00f3n y Localizaci\u00f3n Territorial de la Oferta Acad\u00e9mica de las 30 ITTU oficiales 2023\", se destacan los seis (6) resultados que aporta el nuevo mapa de la RedTTU; 1o. Localizaci\u00f3n departamental de las ITTU 2o. Oferta acad\u00e9mica de las ITTU en los municipios 3o. <\/span><br \/>\n<span style=\"color: #000000;\">Actual oferta acad\u00e9mica de las ITTU 4o Oferta acad\u00e9mica por niveles de formaci\u00f3n 5o. Modalidad acad\u00e9mica de la oferta y 6o. Localizaci\u00f3n de la infraestructura f\u00edsica.<\/span><\/p>\n<p style=\"text-align: justify;\"><span style=\"color: #000000;\">La jornada concluy\u00f3 con un di\u00e1logo constructivo, y se proyectan futuros encuentros para el enriquecimiento de los tres productos presentados. El Consejo Directivo de Rectores REDTTU est\u00e1 demostrando su compromiso con el avance educativo y la consolidaci\u00f3n de estrategias que fortalezcan el sistema de educaci\u00f3n superior t\u00e9cnico y tecnol\u00f3gico del pa\u00eds.<\/span><\/p>\n<\/div><\/div><\/div><\/div><\/div><div class=\"fusion-fullwidth fullwidth-box fusion-builder-row-11 fusion-flex-container has-pattern-background has-mask-background nonhundred-percent-fullwidth non-hundred-percent-height-scrolling\" style=\"--awb-border-radius-top-left:0px;--awb-border-radius-top-right:0px;--awb-border-radius-bottom-right:0px;--awb-border-radius-bottom-left:0px;--awb-flex-wrap:wrap;\" ><div class=\"fusion-builder-row fusion-row fusion-flex-align-items-flex-start fusion-flex-content-wrap\" style=\"max-width:1144px;margin-left: calc(-4% \/ 2 );margin-right: calc(-4% \/ 2 );\"><div class=\"fusion-layout-column fusion_builder_column fusion-builder-column-17 fusion_builder_column_1_4 1_4 fusion-flex-column\" style=\"--awb-bg-size:cover;--awb-width-large:25%;--awb-margin-top-large:0px;--awb-spacing-right-large:7.68%;--awb-margin-bottom-large:20px;--awb-spacing-left-large:7.68%;--awb-width-medium:100%;--awb-order-medium:0;--awb-spacing-right-medium:1.92%;--awb-spacing-left-medium:1.92%;--awb-width-small:100%;--awb-order-small:0;--awb-spacing-right-small:1.92%;--awb-spacing-left-small:1.92%;\"><div class=\"fusion-column-wrapper fusion-column-has-shadow fusion-flex-justify-content-flex-start fusion-content-layout-column\"><\/div><\/div><div class=\"fusion-layout-column fusion_builder_column fusion-builder-column-18 fusion_builder_column_1_4 1_4 fusion-flex-column\" style=\"--awb-bg-size:cover;--awb-width-large:25%;--awb-margin-top-large:0px;--awb-spacing-right-large:7.68%;--awb-margin-bottom-large:20px;--awb-spacing-left-large:7.68%;--awb-width-medium:100%;--awb-order-medium:0;--awb-spacing-right-medium:1.92%;--awb-spacing-left-medium:1.92%;--awb-width-small:100%;--awb-order-small:0;--awb-spacing-right-small:1.92%;--awb-spacing-left-small:1.92%;\"><div class=\"fusion-column-wrapper fusion-column-has-shadow fusion-flex-justify-content-flex-start fusion-content-layout-column\"><\/div><\/div><div class=\"fusion-layout-column fusion_builder_column fusion-builder-column-19 fusion_builder_column_1_4 1_4 fusion-flex-column\" style=\"--awb-bg-size:cover;--awb-width-large:25%;--awb-margin-top-large:0px;--awb-spacing-right-large:7.68%;--awb-margin-bottom-large:20px;--awb-spacing-left-large:7.68%;--awb-width-medium:100%;--awb-order-medium:0;--awb-spacing-right-medium:1.92%;--awb-spacing-left-medium:1.92%;--awb-width-small:100%;--awb-order-small:0;--awb-spacing-right-small:1.92%;--awb-spacing-left-small:1.92%;\"><div class=\"fusion-column-wrapper fusion-column-has-shadow fusion-flex-justify-content-flex-start fusion-content-layout-column\"><\/div><\/div><div class=\"fusion-layout-column fusion_builder_column fusion-builder-column-20 fusion_builder_column_1_4 1_4 fusion-flex-column\" style=\"--awb-bg-size:cover;--awb-width-large:25%;--awb-margin-top-large:0px;--awb-spacing-right-large:7.68%;--awb-margin-bottom-large:20px;--awb-spacing-left-large:7.68%;--awb-width-medium:100%;--awb-order-medium:0;--awb-spacing-right-medium:1.92%;--awb-spacing-left-medium:1.92%;--awb-width-small:100%;--awb-order-small:0;--awb-spacing-right-small:1.92%;--awb-spacing-left-small:1.92%;\"><div class=\"fusion-column-wrapper fusion-column-has-shadow fusion-flex-justify-content-flex-start fusion-content-layout-column\"><div class=\"fusion-image-element \" style=\"text-align:right;--awb-caption-title-font-family:var(--h2_typography-font-family);--awb-caption-title-font-weight:var(--h2_typography-font-weight);--awb-caption-title-font-style:var(--h2_typography-font-style);--awb-caption-title-size:var(--h2_typography-font-size);--awb-caption-title-transform:var(--h2_typography-text-transform);--awb-caption-title-line-height:var(--h2_typography-line-height);--awb-caption-title-letter-spacing:var(--h2_typography-letter-spacing);\"><span class=\" fusion-imageframe imageframe-none imageframe-9 hover-type-none\"><img decoding=\"async\" width=\"173\" height=\"79\" alt=\"Logo REDTTU\" title=\"Logo REDTTU\" src=\"https:\/\/www.redttu.edu.co\/es\/wp-content\/uploads\/2019\/03\/logo_x2.jpg\" class=\"img-responsive wp-image-3289\"\/><\/span><\/div><div class=\"fusion-text fusion-text-5\"><p style=\"text-align: right;\"><span style=\"color: #000000;\">Karen Forero P\u00e1ez<\/span><br \/>\n<span style=\"color: #000000;\">Comunicaciones REDTTU<\/span><br \/>\n<span style=\"color: #000000;\">comunicaciones@redttu.edu.co<\/span><\/p>\n<\/div><\/div><\/div><\/div><\/div><\/p>\n","protected":false},"excerpt":{"rendered":"","protected":false},"author":1,"featured_media":6784,"comment_status":"closed","ping_status":"closed","sticky":false,"template":"","format":"standard","meta":{"footnotes":""},"categories":[20],"tags":[1113,1102,1091,1103,1106,249,1115,1114,1109,1117,1104,1092,1101,1099,1116,1108,74,1098,1100,1094,1093,1110,179,1112,1118,1105,385,1111,1097,1096,1095,1107],"class_list":["post-6782","post","type-post","status-publish","format-standard","has-post-thumbnail","hentry","category-noticias","tag-sistema-de-indicadores-redttu","tag-23-de-agosto-de-2023-redttu","tag-asamblea-con-plan-estrategico","tag-asamblea-general","tag-colaboracion","tag-consejo-directivo","tag-economista-arturo-trujillo","tag-equipo-tecnico-externo","tag-fortalecimiento","tag-gabriel-rueda","tag-hotel-capital-consejo-directivo","tag-informe-de-matriculas","tag-infotep-hvg-y-director-ejecutivo-felipe-ortiz-bogota","tag-infotep-san-juan-del-cesar-arcesio-castro","tag-ingeniera-valentina-alvarado-asesor-externo","tag-instituciones-afiliadas","tag-ita","tag-ita-luis-alfonso-perez","tag-iub-leonardo-perez","tag-izquierda-a-derecha","tag-mapa-de-identificacion-y-localizacion-territorial-de-la-oferta-academica-de-las-ittu","tag-mision-institucional","tag-omar-lengerke","tag-periodo-2018-2022","tag-plan-estrategico-redttu-2023-2033-mapa","tag-rector-gustavo-rubio","tag-rectores","tag-redttu-agenda","tag-tdea-gustavo-rubio","tag-unipaz-leonardo-garcia","tag-uts-oscar-porras","tag-vision-compartida"],"_links":{"self":[{"href":"https:\/\/www.redttu.edu.co\/es\/wp-json\/wp\/v2\/posts\/6782","targetHints":{"allow":["GET"]}}],"collection":[{"href":"https:\/\/www.redttu.edu.co\/es\/wp-json\/wp\/v2\/posts"}],"about":[{"href":"https:\/\/www.redttu.edu.co\/es\/wp-json\/wp\/v2\/types\/post"}],"author":[{"embeddable":true,"href":"https:\/\/www.redttu.edu.co\/es\/wp-json\/wp\/v2\/users\/1"}],"replies":[{"embeddable":true,"href":"https:\/\/www.redttu.edu.co\/es\/wp-json\/wp\/v2\/comments?post=6782"}],"version-history":[{"count":3,"href":"https:\/\/www.redttu.edu.co\/es\/wp-json\/wp\/v2\/posts\/6782\/revisions"}],"predecessor-version":[{"id":6792,"href":"https:\/\/www.redttu.edu.co\/es\/wp-json\/wp\/v2\/posts\/6782\/revisions\/6792"}],"wp:featuredmedia":[{"embeddable":true,"href":"https:\/\/www.redttu.edu.co\/es\/wp-json\/wp\/v2\/media\/6784"}],"wp:attachment":[{"href":"https:\/\/www.redttu.edu.co\/es\/wp-json\/wp\/v2\/media?parent=6782"}],"wp:term":[{"taxonomy":"category","embeddable":true,"href":"https:\/\/www.redttu.edu.co\/es\/wp-json\/wp\/v2\/categories?post=6782"},{"taxonomy":"post_tag","embeddable":true,"href":"https:\/\/www.redttu.edu.co\/es\/wp-json\/wp\/v2\/tags?post=6782"}],"curies":[{"name":"wp","href":"https:\/\/api.w.org\/{rel}","templated":true}]}}