{"id":6770,"date":"2023-08-28T10:43:27","date_gmt":"2023-08-28T15:43:27","guid":{"rendered":"https:\/\/www.redttu.edu.co\/es\/?p=6770"},"modified":"2023-08-28T14:47:58","modified_gmt":"2023-08-28T19:47:58","slug":"dialogo-con-la-ministra-y-viceministro-de-educacion-superior-e-formacion-tyt-frente-a-la-reforma-de-la-ley-30-92","status":"publish","type":"post","link":"https:\/\/www.redttu.edu.co\/es\/dialogo-con-la-ministra-y-viceministro-de-educacion-superior-e-formacion-tyt-frente-a-la-reforma-de-la-ley-30-92\/","title":{"rendered":"DI\u00c1LOGO CON LA MINISTRA Y VICEMINISTRO DE EDUCACI\u00d3N SUPERIOR (E): FORMACI\u00d3N TyT FRENTE A LA REFORMA DE LA LEY 30\/92"},"content":{"rendered":"<p><div class=\"fusion-fullwidth fullwidth-box fusion-builder-row-1 fusion-flex-container has-pattern-background has-mask-background nonhundred-percent-fullwidth non-hundred-percent-height-scrolling\" style=\"--awb-border-radius-top-left:0px;--awb-border-radius-top-right:0px;--awb-border-radius-bottom-right:0px;--awb-border-radius-bottom-left:0px;--awb-flex-wrap:wrap;\" ><div class=\"fusion-builder-row fusion-row fusion-flex-align-items-flex-start fusion-flex-content-wrap\" style=\"max-width:1144px;margin-left: calc(-4% \/ 2 );margin-right: calc(-4% \/ 2 );\"><div class=\"fusion-layout-column fusion_builder_column fusion-builder-column-0 fusion_builder_column_1_4 1_4 fusion-flex-column\" style=\"--awb-bg-size:cover;--awb-width-large:25%;--awb-margin-top-large:0px;--awb-spacing-right-large:7.68%;--awb-margin-bottom-large:20px;--awb-spacing-left-large:7.68%;--awb-width-medium:100%;--awb-order-medium:0;--awb-spacing-right-medium:1.92%;--awb-spacing-left-medium:1.92%;--awb-width-small:100%;--awb-order-small:0;--awb-spacing-right-small:1.92%;--awb-spacing-left-small:1.92%;\"><div class=\"fusion-column-wrapper fusion-column-has-shadow fusion-flex-justify-content-flex-start fusion-content-layout-column\"><div class=\"fusion-image-element \" style=\"--awb-caption-title-font-family:var(--h2_typography-font-family);--awb-caption-title-font-weight:var(--h2_typography-font-weight);--awb-caption-title-font-style:var(--h2_typography-font-style);--awb-caption-title-size:var(--h2_typography-font-size);--awb-caption-title-transform:var(--h2_typography-text-transform);--awb-caption-title-line-height:var(--h2_typography-line-height);--awb-caption-title-letter-spacing:var(--h2_typography-letter-spacing);\"><span class=\" fusion-imageframe imageframe-none imageframe-1 hover-type-none\"><img decoding=\"async\" width=\"173\" height=\"79\" alt=\"Logo REDTTU\" title=\"Logo REDTTU\" src=\"https:\/\/www.redttu.edu.co\/es\/wp-content\/uploads\/2019\/03\/logo_x2.jpg\" class=\"img-responsive wp-image-3289\"\/><\/span><\/div><\/div><\/div><div class=\"fusion-layout-column fusion_builder_column fusion-builder-column-1 fusion_builder_column_1_4 1_4 fusion-flex-column\" style=\"--awb-bg-size:cover;--awb-width-large:25%;--awb-margin-top-large:0px;--awb-spacing-right-large:7.68%;--awb-margin-bottom-large:20px;--awb-spacing-left-large:7.68%;--awb-width-medium:100%;--awb-order-medium:0;--awb-spacing-right-medium:1.92%;--awb-spacing-left-medium:1.92%;--awb-width-small:100%;--awb-order-small:0;--awb-spacing-right-small:1.92%;--awb-spacing-left-small:1.92%;\"><div class=\"fusion-column-wrapper fusion-column-has-shadow fusion-flex-justify-content-flex-start fusion-content-layout-column\"><\/div><\/div><div class=\"fusion-layout-column fusion_builder_column fusion-builder-column-2 fusion_builder_column_1_4 1_4 fusion-flex-column\" style=\"--awb-bg-size:cover;--awb-width-large:25%;--awb-margin-top-large:0px;--awb-spacing-right-large:7.68%;--awb-margin-bottom-large:20px;--awb-spacing-left-large:7.68%;--awb-width-medium:100%;--awb-order-medium:0;--awb-spacing-right-medium:1.92%;--awb-spacing-left-medium:1.92%;--awb-width-small:100%;--awb-order-small:0;--awb-spacing-right-small:1.92%;--awb-spacing-left-small:1.92%;\"><div class=\"fusion-column-wrapper fusion-column-has-shadow fusion-flex-justify-content-flex-start fusion-content-layout-column\"><\/div><\/div><div class=\"fusion-layout-column fusion_builder_column fusion-builder-column-3 fusion_builder_column_1_4 1_4 fusion-flex-column\" style=\"--awb-bg-size:cover;--awb-width-large:25%;--awb-margin-top-large:0px;--awb-spacing-right-large:7.68%;--awb-margin-bottom-large:20px;--awb-spacing-left-large:7.68%;--awb-width-medium:100%;--awb-order-medium:0;--awb-spacing-right-medium:1.92%;--awb-spacing-left-medium:1.92%;--awb-width-small:100%;--awb-order-small:0;--awb-spacing-right-small:1.92%;--awb-spacing-left-small:1.92%;\"><div class=\"fusion-column-wrapper fusion-column-has-shadow fusion-flex-justify-content-flex-start fusion-content-layout-column\"><div class=\"fusion-image-element \" style=\"--awb-caption-title-font-family:var(--h2_typography-font-family);--awb-caption-title-font-weight:var(--h2_typography-font-weight);--awb-caption-title-font-style:var(--h2_typography-font-style);--awb-caption-title-size:var(--h2_typography-font-size);--awb-caption-title-transform:var(--h2_typography-text-transform);--awb-caption-title-line-height:var(--h2_typography-line-height);--awb-caption-title-letter-spacing:var(--h2_typography-letter-spacing);\"><span class=\" fusion-imageframe imageframe-none imageframe-2 hover-type-none\"><img decoding=\"async\" width=\"725\" height=\"217\" title=\"Logo_Ministerio_de_Educacio\u0301n_de_Colombia_2022-2026\" src=\"https:\/\/www.redttu.edu.co\/es\/wp-content\/uploads\/2023\/08\/Logo_Ministerio_de_Educacion_de_Colombia_2022-2026.png\" alt class=\"img-responsive wp-image-6771\" srcset=\"https:\/\/www.redttu.edu.co\/es\/wp-content\/uploads\/2023\/08\/Logo_Ministerio_de_Educacion_de_Colombia_2022-2026-200x60.png 200w, https:\/\/www.redttu.edu.co\/es\/wp-content\/uploads\/2023\/08\/Logo_Ministerio_de_Educacion_de_Colombia_2022-2026-400x120.png 400w, https:\/\/www.redttu.edu.co\/es\/wp-content\/uploads\/2023\/08\/Logo_Ministerio_de_Educacion_de_Colombia_2022-2026-600x180.png 600w, https:\/\/www.redttu.edu.co\/es\/wp-content\/uploads\/2023\/08\/Logo_Ministerio_de_Educacion_de_Colombia_2022-2026.png 725w\" sizes=\"(max-width: 1024px) 100vw, (max-width: 640px) 100vw, 400px\" \/><\/span><\/div><\/div><\/div><\/div><\/div><div class=\"fusion-fullwidth fullwidth-box fusion-builder-row-2 fusion-flex-container has-pattern-background has-mask-background nonhundred-percent-fullwidth non-hundred-percent-height-scrolling\" style=\"--awb-border-radius-top-left:0px;--awb-border-radius-top-right:0px;--awb-border-radius-bottom-right:0px;--awb-border-radius-bottom-left:0px;--awb-flex-wrap:wrap;\" ><div class=\"fusion-builder-row fusion-row fusion-flex-align-items-flex-start fusion-flex-content-wrap\" style=\"max-width:1144px;margin-left: calc(-4% \/ 2 );margin-right: calc(-4% \/ 2 );\"><div class=\"fusion-layout-column fusion_builder_column fusion-builder-column-4 fusion_builder_column_1_1 1_1 fusion-flex-column\" style=\"--awb-bg-size:cover;--awb-width-large:100%;--awb-margin-top-large:0px;--awb-spacing-right-large:1.92%;--awb-margin-bottom-large:20px;--awb-spacing-left-large:1.92%;--awb-width-medium:100%;--awb-order-medium:0;--awb-spacing-right-medium:1.92%;--awb-spacing-left-medium:1.92%;--awb-width-small:100%;--awb-order-small:0;--awb-spacing-right-small:1.92%;--awb-spacing-left-small:1.92%;\"><div class=\"fusion-column-wrapper fusion-column-has-shadow fusion-flex-justify-content-flex-start fusion-content-layout-column\"><div class=\"fusion-image-element \" style=\"--awb-caption-title-font-family:var(--h2_typography-font-family);--awb-caption-title-font-weight:var(--h2_typography-font-weight);--awb-caption-title-font-style:var(--h2_typography-font-style);--awb-caption-title-size:var(--h2_typography-font-size);--awb-caption-title-transform:var(--h2_typography-text-transform);--awb-caption-title-line-height:var(--h2_typography-line-height);--awb-caption-title-letter-spacing:var(--h2_typography-letter-spacing);\"><span class=\" fusion-imageframe imageframe-none imageframe-3 hover-type-none\"><img decoding=\"async\" width=\"256\" height=\"363\" alt=\"Flash News\" title=\"Flash News\" src=\"https:\/\/www.redttu.edu.co\/es\/wp-content\/uploads\/2019\/10\/Adobe_Post_20190930_1711220.jpg\" class=\"img-responsive wp-image-4283\"\/><\/span><\/div><\/div><\/div><\/div><\/div><div class=\"fusion-fullwidth fullwidth-box fusion-builder-row-3 fusion-flex-container has-pattern-background has-mask-background nonhundred-percent-fullwidth non-hundred-percent-height-scrolling\" style=\"--awb-border-radius-top-left:0px;--awb-border-radius-top-right:0px;--awb-border-radius-bottom-right:0px;--awb-border-radius-bottom-left:0px;--awb-flex-wrap:wrap;\" ><div class=\"fusion-builder-row fusion-row fusion-flex-align-items-flex-start fusion-flex-content-wrap\" style=\"max-width:1144px;margin-left: calc(-4% \/ 2 );margin-right: calc(-4% \/ 2 );\"><div class=\"fusion-layout-column fusion_builder_column fusion-builder-column-5 fusion_builder_column_1_1 1_1 fusion-flex-column\" style=\"--awb-bg-size:cover;--awb-width-large:100%;--awb-margin-top-large:0px;--awb-spacing-right-large:1.92%;--awb-margin-bottom-large:20px;--awb-spacing-left-large:1.92%;--awb-width-medium:100%;--awb-order-medium:0;--awb-spacing-right-medium:1.92%;--awb-spacing-left-medium:1.92%;--awb-width-small:100%;--awb-order-small:0;--awb-spacing-right-small:1.92%;--awb-spacing-left-small:1.92%;\"><div class=\"fusion-column-wrapper fusion-column-has-shadow fusion-flex-justify-content-flex-start fusion-content-layout-column\"><div class=\"fusion-title title fusion-title-1 fusion-title-text fusion-title-size-one\"><div class=\"title-sep-container title-sep-container-left fusion-no-large-visibility fusion-no-medium-visibility fusion-no-small-visibility\"><div class=\"title-sep sep-double sep-solid\" style=\"border-color:#e0dede;\"><\/div><\/div><span class=\"awb-title-spacer fusion-no-large-visibility fusion-no-medium-visibility fusion-no-small-visibility\"><\/span><h1 class=\"fusion-title-heading title-heading-left fusion-responsive-typography-calculated\" style=\"margin:0;--fontSize:34;line-height:1.41;\"><h1><b>DI\u00c1LOGO CON LA MINISTRA Y VICEMINISTRO DE EDUCACI\u00d3N SUPERIOR (E): FORMACI\u00d3N TyT FRENTE A LA REFORMA DE LA LEY 30<\/b><b>\/92<\/b><\/h1><\/h1><span class=\"awb-title-spacer\"><\/span><div class=\"title-sep-container title-sep-container-right\"><div class=\"title-sep sep-double sep-solid\" style=\"border-color:#e0dede;\"><\/div><\/div><\/div><\/div><\/div><\/div><\/div><div class=\"fusion-fullwidth fullwidth-box fusion-builder-row-4 fusion-flex-container has-pattern-background has-mask-background nonhundred-percent-fullwidth non-hundred-percent-height-scrolling\" style=\"--awb-border-radius-top-left:0px;--awb-border-radius-top-right:0px;--awb-border-radius-bottom-right:0px;--awb-border-radius-bottom-left:0px;--awb-flex-wrap:wrap;\" ><div class=\"fusion-builder-row fusion-row fusion-flex-align-items-flex-start fusion-flex-content-wrap\" style=\"max-width:1144px;margin-left: calc(-4% \/ 2 );margin-right: calc(-4% \/ 2 );\"><div class=\"fusion-layout-column fusion_builder_column fusion-builder-column-6 fusion_builder_column_1_1 1_1 fusion-flex-column\" style=\"--awb-bg-size:cover;--awb-width-large:100%;--awb-margin-top-large:0px;--awb-spacing-right-large:1.92%;--awb-margin-bottom-large:20px;--awb-spacing-left-large:1.92%;--awb-width-medium:100%;--awb-order-medium:0;--awb-spacing-right-medium:1.92%;--awb-spacing-left-medium:1.92%;--awb-width-small:100%;--awb-order-small:0;--awb-spacing-right-small:1.92%;--awb-spacing-left-small:1.92%;\"><div class=\"fusion-column-wrapper fusion-column-has-shadow fusion-flex-justify-content-flex-start fusion-content-layout-column\"><div class=\"fusion-text fusion-text-1\"><p style=\"text-align: justify;\"><strong><span style=\"color: #000000;\">Bogot\u00e1, 23 de Agosto de 2023<\/span><\/strong><\/p>\n<p style=\"text-align: justify;\"><span style=\"color: #000000;\">Con la participaci\u00f3n de la ministra de educaci\u00f3n Aurora Vergara, el viceministro (E) de educaci\u00f3n superior Wilfer Valero, el director de fomento Hern\u00e1n Rodr\u00edguez, el director de calidad Jos\u00e9 Ignacio Morales, el subdirector de desarrollo sectorial Ferney Franco, la secretar\u00eda t\u00e9cnica del SUE y RedTTU Ana Milena Gualdr\u00f3n y el equipo de articulaci\u00f3n de la reforma a la ley 30\/92, Jos\u00e9 Dar\u00edo S\u00e1enz y Natalia Escobar, los rectores del Consejo Directivo, su presidente Gustavo Rubio, vicepresidente Leonardo Garc\u00eda y dem\u00e1s rectores miembros y el director ejecutivo se celebr\u00f3 una audiencia el mi\u00e9rcoles 23 alrededor de una agenda de trabajo que comprendi\u00f3 seis puntos de la mayor importancia para las ITTU en relaci\u00f3n con la pol\u00edtica p\u00fablica de educaci\u00f3n impulsada en este gobierno por el MEN.<\/span><\/p>\n<p style=\"text-align: justify;\"><span style=\"color: #000000;\">Aspectos tales como la b\u00fasqueda de la autonom\u00eda plena de las ITTU, en l\u00ednea con el \u201cSistema de Instituciones de Educaci\u00f3n Superior P\u00fablicas\u201d, que ha de sustituir el estrecho marco denominado SUE que hoy integra tan solo al 53% de las 64 IESP existentes en el pa\u00eds, resulta ser una de las m\u00e1s importantes reivindicaciones de justicia y equidad cuando se habla de actuar como un verdadero sistema de educaci\u00f3n superior p\u00fablica.<\/span><\/p>\n<p style=\"text-align: justify;\"><span style=\"color: #000000;\">El plan de implementaci\u00f3n de cobertura basado en la propuesta de la RedTTU, enfatiza la importancia de privilegiar tanto la nueva oferta acad\u00e9mica que guarde armon\u00eda con los ejes fundamentales del Plan Nacional de Desarrollo, como la tradicional oferta vigente, en los territorios PDET y en aquellos municipios y ciudades intermedias m\u00e1s necesitados de oportunidades de inclusi\u00f3n que favorezcan a la juventud que por largo tiempo han permanecido excluidos del sistema de educaci\u00f3n superior p\u00fablica y privada.<\/span><\/p>\n<\/div><\/div><\/div><\/div><\/div><div class=\"fusion-fullwidth fullwidth-box fusion-builder-row-5 fusion-flex-container has-pattern-background has-mask-background nonhundred-percent-fullwidth non-hundred-percent-height-scrolling\" style=\"--awb-border-radius-top-left:0px;--awb-border-radius-top-right:0px;--awb-border-radius-bottom-right:0px;--awb-border-radius-bottom-left:0px;--awb-flex-wrap:wrap;\" ><div class=\"fusion-builder-row fusion-row fusion-flex-align-items-flex-start fusion-flex-content-wrap\" style=\"max-width:1144px;margin-left: calc(-4% \/ 2 );margin-right: calc(-4% \/ 2 );\"><div class=\"fusion-layout-column fusion_builder_column fusion-builder-column-7 fusion_builder_column_1_1 1_1 fusion-flex-column\" style=\"--awb-bg-size:cover;--awb-width-large:100%;--awb-margin-top-large:0px;--awb-spacing-right-large:1.92%;--awb-margin-bottom-large:20px;--awb-spacing-left-large:1.92%;--awb-width-medium:100%;--awb-order-medium:0;--awb-spacing-right-medium:1.92%;--awb-spacing-left-medium:1.92%;--awb-width-small:100%;--awb-order-small:0;--awb-spacing-right-small:1.92%;--awb-spacing-left-small:1.92%;\"><div class=\"fusion-column-wrapper fusion-column-has-shadow fusion-flex-justify-content-flex-start fusion-content-layout-column\"><div class=\"fusion-image-element \" style=\"--awb-caption-title-font-family:var(--h2_typography-font-family);--awb-caption-title-font-weight:var(--h2_typography-font-weight);--awb-caption-title-font-style:var(--h2_typography-font-style);--awb-caption-title-size:var(--h2_typography-font-size);--awb-caption-title-transform:var(--h2_typography-text-transform);--awb-caption-title-line-height:var(--h2_typography-line-height);--awb-caption-title-letter-spacing:var(--h2_typography-letter-spacing);\"><span class=\" fusion-imageframe imageframe-none imageframe-4 hover-type-none\"><img decoding=\"async\" width=\"1600\" height=\"1066\" alt=\"Durante la audiencia la ministra y el viceministro se acompa\u00f1aron del director de calidad Jos\u00e9 Ignacio Morales, el director de fomento Hern\u00e1n Rodr\u00edguez, el subdirector de desarrollo sectorial Ferney Franco, la secretar\u00eda t\u00e9cnica del SUE y RedTTU Ana Milena Gualdr\u00f3n y el equipo de articulaci\u00f3n de la reforma a la ley 30\/92, Jos\u00e9 Dar\u00edo S\u00e1enz y Natalia Escobar\" title=\"Durante la audiencia la ministra y el viceministro se acompa\u00f1aron del director de calidad Jos\u00e9 Ignacio Morales, el director de fomento Hern\u00e1n Rodr\u00edguez, el subdirector de desarrollo sectorial Ferney Franco, la secretar\u00eda t\u00e9cnica del SUE y RedTTU Ana Milena Gualdr\u00f3n y el equipo de articulaci\u00f3n de la reforma a la ley 30\/92, Jos\u00e9 Dar\u00edo S\u00e1enz y Natalia Escobar\" src=\"https:\/\/www.redttu.edu.co\/es\/wp-content\/uploads\/2023\/08\/653480dc-9fa7-47b9-ad36-5ac0a299bccf.jpg\" class=\"img-responsive wp-image-6773\" srcset=\"https:\/\/www.redttu.edu.co\/es\/wp-content\/uploads\/2023\/08\/653480dc-9fa7-47b9-ad36-5ac0a299bccf-200x133.jpg 200w, https:\/\/www.redttu.edu.co\/es\/wp-content\/uploads\/2023\/08\/653480dc-9fa7-47b9-ad36-5ac0a299bccf-400x267.jpg 400w, https:\/\/www.redttu.edu.co\/es\/wp-content\/uploads\/2023\/08\/653480dc-9fa7-47b9-ad36-5ac0a299bccf-600x400.jpg 600w, https:\/\/www.redttu.edu.co\/es\/wp-content\/uploads\/2023\/08\/653480dc-9fa7-47b9-ad36-5ac0a299bccf-800x533.jpg 800w, https:\/\/www.redttu.edu.co\/es\/wp-content\/uploads\/2023\/08\/653480dc-9fa7-47b9-ad36-5ac0a299bccf-1200x800.jpg 1200w, https:\/\/www.redttu.edu.co\/es\/wp-content\/uploads\/2023\/08\/653480dc-9fa7-47b9-ad36-5ac0a299bccf.jpg 1600w\" sizes=\"(max-width: 1024px) 100vw, (max-width: 640px) 100vw, 1200px\" \/><\/span><\/div><\/div><\/div><\/div><\/div><div class=\"fusion-fullwidth fullwidth-box fusion-builder-row-6 fusion-flex-container has-pattern-background has-mask-background nonhundred-percent-fullwidth non-hundred-percent-height-scrolling\" style=\"--awb-border-radius-top-left:0px;--awb-border-radius-top-right:0px;--awb-border-radius-bottom-right:0px;--awb-border-radius-bottom-left:0px;--awb-flex-wrap:wrap;\" ><div class=\"fusion-builder-row fusion-row fusion-flex-align-items-flex-start fusion-flex-content-wrap\" style=\"max-width:1144px;margin-left: calc(-4% \/ 2 );margin-right: calc(-4% \/ 2 );\"><div class=\"fusion-layout-column fusion_builder_column fusion-builder-column-8 fusion_builder_column_1_1 1_1 fusion-flex-column\" style=\"--awb-bg-size:cover;--awb-width-large:100%;--awb-margin-top-large:0px;--awb-spacing-right-large:1.92%;--awb-margin-bottom-large:20px;--awb-spacing-left-large:1.92%;--awb-width-medium:100%;--awb-order-medium:0;--awb-spacing-right-medium:1.92%;--awb-spacing-left-medium:1.92%;--awb-width-small:100%;--awb-order-small:0;--awb-spacing-right-small:1.92%;--awb-spacing-left-small:1.92%;\"><div class=\"fusion-column-wrapper fusion-column-has-shadow fusion-flex-justify-content-flex-start fusion-content-layout-column\"><div class=\"fusion-text fusion-text-2\"><p style=\"text-align: justify;\"><span style=\"color: #000000;\">El programa de internacionalizaci\u00f3n para las ITTU se constituye en uno de los pilares m\u00e1s trascendentales a la hora de incorporar a nuestras instituciones al circuito internacional de las mejores pr\u00e1cticas, y al de los adelantos m\u00e1s avanzados en materia de formaci\u00f3n, calidad, curr\u00edculo, gobernanza, bienestar y otros servicios educativos.<\/span><\/p>\n<p style=\"text-align: left;\"><span style=\"color: #000000;\">La necesidad de construir desde el MEN un programa t\u00e9cnico y financiero que sirva a 23 ITTU en punto a la aprobaci\u00f3n de los registros calificados exigidos como requisito previo para iniciar su proceso de cambio de car\u00e1cter, la flexibilizaci\u00f3n de las condiciones institucionales, como la acreditaci\u00f3n en alta calidad de las instituciones que a\u00fan no han logrado culminar e incluso iniciar este proceso por las serias implicaciones de orden presupuestal y de formaci\u00f3n del talento humano del <\/span><span style=\"color: #000000;\">cuerpo docente. En cuanto a la asistencia t\u00e9cnica, insistimos en que \u00e9sta se preste a trav\u00e9s de las 7 ITTU acreditadas y reacreditadas en alta calidad, pues en ellas encontramos el soporte m\u00e1s calificado y el m\u00e1s amplio conocimiento de las caracter\u00edsticas que distinguen a las ITTU.<\/span><\/p>\n<p style=\"text-align: justify;\"><span style=\"color: #000000;\">El fortalecimiento de la infraestructura f\u00edsica y tecnol\u00f3gica de las ITTU pasa por el apoyo del convenio MEN-MINCIENCIAS, por la apertura de las convocatorias del MINCIENCIAS que estimule participaci\u00f3n de las ITTU, quienes desde 2019 han logrado que por lo menos 19 proyectos de investigaci\u00f3n hayan sido aprobados y ejecutados ejemplarmente por instituciones t\u00e9cnicas profesionales, tecnol\u00f3gicas e instituciones universitarias. Con fundamentaci\u00f3n en el conocimiento cient\u00edfico y tecnol\u00f3gico, las ITTU est\u00e1n en capacidad de llevar a cabo con \u00e9xito el desarrollo investigativo, mediante una mayor inversi\u00f3n en laboratorios y el mejoramiento de su capacidad instalada.<\/span><\/p>\n<\/div><\/div><\/div><\/div><\/div><div class=\"fusion-fullwidth fullwidth-box fusion-builder-row-7 fusion-flex-container has-pattern-background has-mask-background nonhundred-percent-fullwidth non-hundred-percent-height-scrolling\" style=\"--awb-border-radius-top-left:0px;--awb-border-radius-top-right:0px;--awb-border-radius-bottom-right:0px;--awb-border-radius-bottom-left:0px;--awb-flex-wrap:wrap;\" ><div class=\"fusion-builder-row fusion-row fusion-flex-align-items-flex-start fusion-flex-content-wrap\" style=\"max-width:1144px;margin-left: calc(-4% \/ 2 );margin-right: calc(-4% \/ 2 );\"><div class=\"fusion-layout-column fusion_builder_column fusion-builder-column-9 fusion_builder_column_1_1 1_1 fusion-flex-column\" style=\"--awb-bg-size:cover;--awb-width-large:100%;--awb-margin-top-large:0px;--awb-spacing-right-large:1.92%;--awb-margin-bottom-large:20px;--awb-spacing-left-large:1.92%;--awb-width-medium:100%;--awb-order-medium:0;--awb-spacing-right-medium:1.92%;--awb-spacing-left-medium:1.92%;--awb-width-small:100%;--awb-order-small:0;--awb-spacing-right-small:1.92%;--awb-spacing-left-small:1.92%;\"><div class=\"fusion-column-wrapper fusion-column-has-shadow fusion-flex-justify-content-flex-start fusion-content-layout-column\"><div class=\"fusion-image-element \" style=\"--awb-caption-title-font-family:var(--h2_typography-font-family);--awb-caption-title-font-weight:var(--h2_typography-font-weight);--awb-caption-title-font-style:var(--h2_typography-font-style);--awb-caption-title-size:var(--h2_typography-font-size);--awb-caption-title-transform:var(--h2_typography-text-transform);--awb-caption-title-line-height:var(--h2_typography-line-height);--awb-caption-title-letter-spacing:var(--h2_typography-letter-spacing);\"><span class=\" fusion-imageframe imageframe-none imageframe-5 hover-type-none\"><img decoding=\"async\" width=\"1599\" height=\"1066\" alt=\"De izq. a der. Felipe Ortiz, director ejecutivo RedTTU; Gustavo Rubio, presidente Red TTU y Aurora Vergara, Ministra de Educaci\u00f3n Nacional. La imagen es propiedad de Archivo del MEN\" title=\"De izq. a der. Felipe Ortiz, director ejecutivo RedTTU; Gustavo Rubio, presidente Red TTU y Aurora Vergara, Ministra  de Educaci\u00f3n Nacional. La imagen es propiedad de Archivo del MEN\" src=\"https:\/\/www.redttu.edu.co\/es\/wp-content\/uploads\/2023\/08\/290f80b3-aa5e-479f-8c72-dd5213913d5c.jpg\" class=\"img-responsive wp-image-6774\" srcset=\"https:\/\/www.redttu.edu.co\/es\/wp-content\/uploads\/2023\/08\/290f80b3-aa5e-479f-8c72-dd5213913d5c-200x133.jpg 200w, https:\/\/www.redttu.edu.co\/es\/wp-content\/uploads\/2023\/08\/290f80b3-aa5e-479f-8c72-dd5213913d5c-400x267.jpg 400w, https:\/\/www.redttu.edu.co\/es\/wp-content\/uploads\/2023\/08\/290f80b3-aa5e-479f-8c72-dd5213913d5c-600x400.jpg 600w, https:\/\/www.redttu.edu.co\/es\/wp-content\/uploads\/2023\/08\/290f80b3-aa5e-479f-8c72-dd5213913d5c-800x533.jpg 800w, https:\/\/www.redttu.edu.co\/es\/wp-content\/uploads\/2023\/08\/290f80b3-aa5e-479f-8c72-dd5213913d5c-1200x800.jpg 1200w, https:\/\/www.redttu.edu.co\/es\/wp-content\/uploads\/2023\/08\/290f80b3-aa5e-479f-8c72-dd5213913d5c.jpg 1599w\" sizes=\"(max-width: 1024px) 100vw, (max-width: 640px) 100vw, 1200px\" \/><\/span><\/div><\/div><\/div><\/div><\/div><div class=\"fusion-fullwidth fullwidth-box fusion-builder-row-8 fusion-flex-container has-pattern-background has-mask-background nonhundred-percent-fullwidth non-hundred-percent-height-scrolling\" style=\"--awb-border-radius-top-left:0px;--awb-border-radius-top-right:0px;--awb-border-radius-bottom-right:0px;--awb-border-radius-bottom-left:0px;--awb-flex-wrap:wrap;\" ><div class=\"fusion-builder-row fusion-row fusion-flex-align-items-flex-start fusion-flex-content-wrap\" style=\"max-width:1144px;margin-left: calc(-4% \/ 2 );margin-right: calc(-4% \/ 2 );\"><div class=\"fusion-layout-column fusion_builder_column fusion-builder-column-10 fusion_builder_column_1_1 1_1 fusion-flex-column\" style=\"--awb-bg-size:cover;--awb-width-large:100%;--awb-margin-top-large:0px;--awb-spacing-right-large:1.92%;--awb-margin-bottom-large:20px;--awb-spacing-left-large:1.92%;--awb-width-medium:100%;--awb-order-medium:0;--awb-spacing-right-medium:1.92%;--awb-spacing-left-medium:1.92%;--awb-width-small:100%;--awb-order-small:0;--awb-spacing-right-small:1.92%;--awb-spacing-left-small:1.92%;\"><div class=\"fusion-column-wrapper fusion-column-has-shadow fusion-flex-justify-content-flex-start fusion-content-layout-column\"><div class=\"fusion-text fusion-text-3\"><p style=\"text-align: justify;\"><span style=\"color: #000000;\">La afirmaci\u00f3n del compromiso de impulsar y fortalecer la formaci\u00f3n t\u00e9cnica y la formaci\u00f3n tecnol\u00f3gica como baluartes de la modernizaci\u00f3n, el progreso y el bienestar de la naci\u00f3n, surgen como un imperativo estrat\u00e9gico de profundo calado nacional, en momentos en que el pa\u00eds recorre un periodo de transformaciones que le concede prioridad a los cambios sociales, econ\u00f3micos y culturales, y en donde el sector productivo juega un papel muy destacado en el desarrollo empresarial del sector agr\u00edcola y agroindustrial, ambiental, de energ\u00edas renovables, hacia la soberan\u00eda alimentaria, el aumento del empleo, la masificaci\u00f3n de las TIC, todo ello en l\u00ednea con la pol\u00edtica de reindustrializaci\u00f3n que impulsa el ministro Germ\u00e1n Uma\u00f1a, y los planes en marcha de los ministerios de Agricultura, Trabajo, Cultura y MINTIC.<\/span><\/p>\n<p style=\"text-align: justify;\"><span style=\"color: #000000;\">La utilizaci\u00f3n de la habilitaci\u00f3n de facultades concedida a la ministra de educaci\u00f3n le permite transferir recursos adicionales a las ITTU para destinarlos de manera espec\u00edfica a los rubros de funcionamiento e inversi\u00f3n, que les permita jalonar los diferentes planes y programas inscritos en el proyecto \u201cLa universidad en tu territorio\u201d, el programa de gratuidad, los planes de fomento a la calidad, entre otros. Si las ITTU representamos entre el 18 y el 20 por ciento del total de la matr\u00edcula de las IES p\u00fablicas, en ese mismo orden debemos ser objeto de la financiaci\u00f3n que permita la sostenibilidad de la formaci\u00f3n t\u00e9cnica y la formaci\u00f3n tecnol\u00f3gica requerida por el pa\u00eds.<\/span><\/p>\n<\/div><\/div><\/div><\/div><\/div><div class=\"fusion-fullwidth fullwidth-box fusion-builder-row-9 fusion-flex-container has-pattern-background has-mask-background nonhundred-percent-fullwidth non-hundred-percent-height-scrolling\" style=\"--awb-border-radius-top-left:0px;--awb-border-radius-top-right:0px;--awb-border-radius-bottom-right:0px;--awb-border-radius-bottom-left:0px;--awb-flex-wrap:wrap;\" ><div class=\"fusion-builder-row fusion-row fusion-flex-align-items-flex-start fusion-flex-content-wrap\" style=\"max-width:1144px;margin-left: calc(-4% \/ 2 );margin-right: calc(-4% \/ 2 );\"><div class=\"fusion-layout-column fusion_builder_column fusion-builder-column-11 fusion_builder_column_1_3 1_3 fusion-flex-column\" style=\"--awb-bg-size:cover;--awb-width-large:33.333333333333%;--awb-margin-top-large:0px;--awb-spacing-right-large:5.76%;--awb-margin-bottom-large:20px;--awb-spacing-left-large:5.76%;--awb-width-medium:100%;--awb-order-medium:0;--awb-spacing-right-medium:1.92%;--awb-spacing-left-medium:1.92%;--awb-width-small:100%;--awb-order-small:0;--awb-spacing-right-small:1.92%;--awb-spacing-left-small:1.92%;\"><div class=\"fusion-column-wrapper fusion-column-has-shadow fusion-flex-justify-content-flex-start fusion-content-layout-column\"><div class=\"fusion-image-element \" style=\"--awb-caption-title-font-family:var(--h2_typography-font-family);--awb-caption-title-font-weight:var(--h2_typography-font-weight);--awb-caption-title-font-style:var(--h2_typography-font-style);--awb-caption-title-size:var(--h2_typography-font-size);--awb-caption-title-transform:var(--h2_typography-text-transform);--awb-caption-title-line-height:var(--h2_typography-line-height);--awb-caption-title-letter-spacing:var(--h2_typography-letter-spacing);\"><span class=\" fusion-imageframe imageframe-none imageframe-6 hover-type-none\"><img decoding=\"async\" width=\"1051\" height=\"697\" title=\"Captura de pantalla 2023-08-28 a la(s) 9.41.18 a.m.\" src=\"https:\/\/www.redttu.edu.co\/es\/wp-content\/uploads\/2023\/08\/Captura-de-pantalla-2023-08-28-a-las-9.41.18-a.m.png\" alt class=\"img-responsive wp-image-6775\" srcset=\"https:\/\/www.redttu.edu.co\/es\/wp-content\/uploads\/2023\/08\/Captura-de-pantalla-2023-08-28-a-las-9.41.18-a.m-200x133.png 200w, https:\/\/www.redttu.edu.co\/es\/wp-content\/uploads\/2023\/08\/Captura-de-pantalla-2023-08-28-a-las-9.41.18-a.m-400x265.png 400w, https:\/\/www.redttu.edu.co\/es\/wp-content\/uploads\/2023\/08\/Captura-de-pantalla-2023-08-28-a-las-9.41.18-a.m-600x398.png 600w, https:\/\/www.redttu.edu.co\/es\/wp-content\/uploads\/2023\/08\/Captura-de-pantalla-2023-08-28-a-las-9.41.18-a.m-800x531.png 800w, https:\/\/www.redttu.edu.co\/es\/wp-content\/uploads\/2023\/08\/Captura-de-pantalla-2023-08-28-a-las-9.41.18-a.m.png 1051w\" sizes=\"(max-width: 1024px) 100vw, (max-width: 640px) 100vw, 400px\" \/><\/span><\/div><\/div><\/div><div class=\"fusion-layout-column fusion_builder_column fusion-builder-column-12 fusion_builder_column_1_3 1_3 fusion-flex-column\" style=\"--awb-bg-size:cover;--awb-width-large:33.333333333333%;--awb-margin-top-large:0px;--awb-spacing-right-large:5.76%;--awb-margin-bottom-large:20px;--awb-spacing-left-large:5.76%;--awb-width-medium:100%;--awb-order-medium:0;--awb-spacing-right-medium:1.92%;--awb-spacing-left-medium:1.92%;--awb-width-small:100%;--awb-order-small:0;--awb-spacing-right-small:1.92%;--awb-spacing-left-small:1.92%;\"><div class=\"fusion-column-wrapper fusion-column-has-shadow fusion-flex-justify-content-flex-start fusion-content-layout-column\"><div class=\"fusion-image-element \" style=\"--awb-caption-title-font-family:var(--h2_typography-font-family);--awb-caption-title-font-weight:var(--h2_typography-font-weight);--awb-caption-title-font-style:var(--h2_typography-font-style);--awb-caption-title-size:var(--h2_typography-font-size);--awb-caption-title-transform:var(--h2_typography-text-transform);--awb-caption-title-line-height:var(--h2_typography-line-height);--awb-caption-title-letter-spacing:var(--h2_typography-letter-spacing);\"><span class=\" fusion-imageframe imageframe-none imageframe-7 hover-type-none\"><img decoding=\"async\" width=\"918\" height=\"612\" title=\"Captura de pantalla 2023-08-28 a la(s) 9.42.14 a.m.\" src=\"https:\/\/www.redttu.edu.co\/es\/wp-content\/uploads\/2023\/08\/Captura-de-pantalla-2023-08-28-a-las-9.42.14-a.m.png\" alt class=\"img-responsive wp-image-6776\" srcset=\"https:\/\/www.redttu.edu.co\/es\/wp-content\/uploads\/2023\/08\/Captura-de-pantalla-2023-08-28-a-las-9.42.14-a.m-200x133.png 200w, https:\/\/www.redttu.edu.co\/es\/wp-content\/uploads\/2023\/08\/Captura-de-pantalla-2023-08-28-a-las-9.42.14-a.m-400x267.png 400w, https:\/\/www.redttu.edu.co\/es\/wp-content\/uploads\/2023\/08\/Captura-de-pantalla-2023-08-28-a-las-9.42.14-a.m-600x400.png 600w, https:\/\/www.redttu.edu.co\/es\/wp-content\/uploads\/2023\/08\/Captura-de-pantalla-2023-08-28-a-las-9.42.14-a.m-800x533.png 800w, https:\/\/www.redttu.edu.co\/es\/wp-content\/uploads\/2023\/08\/Captura-de-pantalla-2023-08-28-a-las-9.42.14-a.m.png 918w\" sizes=\"(max-width: 1024px) 100vw, (max-width: 640px) 100vw, 400px\" \/><\/span><\/div><\/div><\/div><div class=\"fusion-layout-column fusion_builder_column fusion-builder-column-13 fusion_builder_column_1_3 1_3 fusion-flex-column\" style=\"--awb-bg-size:cover;--awb-width-large:33.333333333333%;--awb-margin-top-large:0px;--awb-spacing-right-large:5.76%;--awb-margin-bottom-large:20px;--awb-spacing-left-large:5.76%;--awb-width-medium:100%;--awb-order-medium:0;--awb-spacing-right-medium:1.92%;--awb-spacing-left-medium:1.92%;--awb-width-small:100%;--awb-order-small:0;--awb-spacing-right-small:1.92%;--awb-spacing-left-small:1.92%;\"><div class=\"fusion-column-wrapper fusion-column-has-shadow fusion-flex-justify-content-flex-start fusion-content-layout-column\"><div class=\"fusion-image-element \" style=\"--awb-caption-title-font-family:var(--h2_typography-font-family);--awb-caption-title-font-weight:var(--h2_typography-font-weight);--awb-caption-title-font-style:var(--h2_typography-font-style);--awb-caption-title-size:var(--h2_typography-font-size);--awb-caption-title-transform:var(--h2_typography-text-transform);--awb-caption-title-line-height:var(--h2_typography-line-height);--awb-caption-title-letter-spacing:var(--h2_typography-letter-spacing);\"><span class=\" fusion-imageframe imageframe-none imageframe-8 hover-type-none\"><img decoding=\"async\" width=\"987\" height=\"639\" title=\"Captura de pantalla 2023-08-28 a la(s) 9.42.54 a.m.\" src=\"https:\/\/www.redttu.edu.co\/es\/wp-content\/uploads\/2023\/08\/Captura-de-pantalla-2023-08-28-a-las-9.42.54-a.m.png\" alt class=\"img-responsive wp-image-6777\" srcset=\"https:\/\/www.redttu.edu.co\/es\/wp-content\/uploads\/2023\/08\/Captura-de-pantalla-2023-08-28-a-las-9.42.54-a.m-200x129.png 200w, https:\/\/www.redttu.edu.co\/es\/wp-content\/uploads\/2023\/08\/Captura-de-pantalla-2023-08-28-a-las-9.42.54-a.m-400x259.png 400w, https:\/\/www.redttu.edu.co\/es\/wp-content\/uploads\/2023\/08\/Captura-de-pantalla-2023-08-28-a-las-9.42.54-a.m-600x388.png 600w, https:\/\/www.redttu.edu.co\/es\/wp-content\/uploads\/2023\/08\/Captura-de-pantalla-2023-08-28-a-las-9.42.54-a.m-800x518.png 800w, https:\/\/www.redttu.edu.co\/es\/wp-content\/uploads\/2023\/08\/Captura-de-pantalla-2023-08-28-a-las-9.42.54-a.m.png 987w\" sizes=\"(max-width: 1024px) 100vw, (max-width: 640px) 100vw, 400px\" \/><\/span><\/div><\/div><\/div><\/div><\/div><div class=\"fusion-fullwidth fullwidth-box fusion-builder-row-10 fusion-flex-container has-pattern-background has-mask-background nonhundred-percent-fullwidth non-hundred-percent-height-scrolling\" style=\"--awb-border-radius-top-left:0px;--awb-border-radius-top-right:0px;--awb-border-radius-bottom-right:0px;--awb-border-radius-bottom-left:0px;--awb-flex-wrap:wrap;\" ><div class=\"fusion-builder-row fusion-row fusion-flex-align-items-flex-start fusion-flex-content-wrap\" style=\"max-width:1144px;margin-left: calc(-4% \/ 2 );margin-right: calc(-4% \/ 2 );\"><div class=\"fusion-layout-column fusion_builder_column fusion-builder-column-14 fusion_builder_column_1_2 1_2 fusion-flex-column\" style=\"--awb-bg-size:cover;--awb-width-large:50%;--awb-margin-top-large:0px;--awb-spacing-right-large:3.84%;--awb-margin-bottom-large:20px;--awb-spacing-left-large:3.84%;--awb-width-medium:100%;--awb-order-medium:0;--awb-spacing-right-medium:1.92%;--awb-spacing-left-medium:1.92%;--awb-width-small:100%;--awb-order-small:0;--awb-spacing-right-small:1.92%;--awb-spacing-left-small:1.92%;\"><div class=\"fusion-column-wrapper fusion-column-has-shadow fusion-flex-justify-content-flex-start fusion-content-layout-column\"><div class=\"fusion-image-element \" style=\"--awb-caption-title-font-family:var(--h2_typography-font-family);--awb-caption-title-font-weight:var(--h2_typography-font-weight);--awb-caption-title-font-style:var(--h2_typography-font-style);--awb-caption-title-size:var(--h2_typography-font-size);--awb-caption-title-transform:var(--h2_typography-text-transform);--awb-caption-title-line-height:var(--h2_typography-line-height);--awb-caption-title-letter-spacing:var(--h2_typography-letter-spacing);\"><span class=\" fusion-imageframe imageframe-none imageframe-9 hover-type-none\"><img decoding=\"async\" width=\"643\" height=\"403\" title=\"Captura de pantalla 2023-08-28 a la(s) 9.44.58 a.m.\" src=\"https:\/\/www.redttu.edu.co\/es\/wp-content\/uploads\/2023\/08\/Captura-de-pantalla-2023-08-28-a-las-9.44.58-a.m.png\" alt class=\"img-responsive wp-image-6779\" srcset=\"https:\/\/www.redttu.edu.co\/es\/wp-content\/uploads\/2023\/08\/Captura-de-pantalla-2023-08-28-a-las-9.44.58-a.m-200x125.png 200w, https:\/\/www.redttu.edu.co\/es\/wp-content\/uploads\/2023\/08\/Captura-de-pantalla-2023-08-28-a-las-9.44.58-a.m-400x251.png 400w, https:\/\/www.redttu.edu.co\/es\/wp-content\/uploads\/2023\/08\/Captura-de-pantalla-2023-08-28-a-las-9.44.58-a.m-600x376.png 600w, https:\/\/www.redttu.edu.co\/es\/wp-content\/uploads\/2023\/08\/Captura-de-pantalla-2023-08-28-a-las-9.44.58-a.m.png 643w\" sizes=\"(max-width: 1024px) 100vw, (max-width: 640px) 100vw, 600px\" \/><\/span><\/div><\/div><\/div><div class=\"fusion-layout-column fusion_builder_column fusion-builder-column-15 fusion_builder_column_1_2 1_2 fusion-flex-column\" style=\"--awb-bg-size:cover;--awb-width-large:50%;--awb-margin-top-large:0px;--awb-spacing-right-large:3.84%;--awb-margin-bottom-large:20px;--awb-spacing-left-large:3.84%;--awb-width-medium:100%;--awb-order-medium:0;--awb-spacing-right-medium:1.92%;--awb-spacing-left-medium:1.92%;--awb-width-small:100%;--awb-order-small:0;--awb-spacing-right-small:1.92%;--awb-spacing-left-small:1.92%;\"><div class=\"fusion-column-wrapper fusion-column-has-shadow fusion-flex-justify-content-flex-start fusion-content-layout-column\"><div class=\"fusion-image-element \" style=\"--awb-caption-title-font-family:var(--h2_typography-font-family);--awb-caption-title-font-weight:var(--h2_typography-font-weight);--awb-caption-title-font-style:var(--h2_typography-font-style);--awb-caption-title-size:var(--h2_typography-font-size);--awb-caption-title-transform:var(--h2_typography-text-transform);--awb-caption-title-line-height:var(--h2_typography-line-height);--awb-caption-title-letter-spacing:var(--h2_typography-letter-spacing);\"><span class=\" fusion-imageframe imageframe-none imageframe-10 hover-type-none\"><img decoding=\"async\" width=\"964\" height=\"720\" title=\"Captura de pantalla 2023-08-28 a la(s) 9.44.14 a.m.\" src=\"https:\/\/www.redttu.edu.co\/es\/wp-content\/uploads\/2023\/08\/Captura-de-pantalla-2023-08-28-a-las-9.44.14-a.m.png\" alt class=\"img-responsive wp-image-6778\" srcset=\"https:\/\/www.redttu.edu.co\/es\/wp-content\/uploads\/2023\/08\/Captura-de-pantalla-2023-08-28-a-las-9.44.14-a.m-200x149.png 200w, https:\/\/www.redttu.edu.co\/es\/wp-content\/uploads\/2023\/08\/Captura-de-pantalla-2023-08-28-a-las-9.44.14-a.m-400x299.png 400w, https:\/\/www.redttu.edu.co\/es\/wp-content\/uploads\/2023\/08\/Captura-de-pantalla-2023-08-28-a-las-9.44.14-a.m-600x448.png 600w, https:\/\/www.redttu.edu.co\/es\/wp-content\/uploads\/2023\/08\/Captura-de-pantalla-2023-08-28-a-las-9.44.14-a.m-800x598.png 800w, https:\/\/www.redttu.edu.co\/es\/wp-content\/uploads\/2023\/08\/Captura-de-pantalla-2023-08-28-a-las-9.44.14-a.m.png 964w\" sizes=\"(max-width: 1024px) 100vw, (max-width: 640px) 100vw, 600px\" \/><\/span><\/div><\/div><\/div><\/div><\/div><div class=\"fusion-fullwidth fullwidth-box fusion-builder-row-11 fusion-flex-container has-pattern-background has-mask-background nonhundred-percent-fullwidth non-hundred-percent-height-scrolling\" style=\"--awb-border-radius-top-left:0px;--awb-border-radius-top-right:0px;--awb-border-radius-bottom-right:0px;--awb-border-radius-bottom-left:0px;--awb-flex-wrap:wrap;\" ><div class=\"fusion-builder-row fusion-row fusion-flex-align-items-flex-start fusion-flex-content-wrap\" style=\"max-width:1144px;margin-left: calc(-4% \/ 2 );margin-right: calc(-4% \/ 2 );\"><div class=\"fusion-layout-column fusion_builder_column fusion-builder-column-16 fusion_builder_column_1_1 1_1 fusion-flex-column\" style=\"--awb-bg-size:cover;--awb-width-large:100%;--awb-margin-top-large:0px;--awb-spacing-right-large:1.92%;--awb-margin-bottom-large:20px;--awb-spacing-left-large:1.92%;--awb-width-medium:100%;--awb-order-medium:0;--awb-spacing-right-medium:1.92%;--awb-spacing-left-medium:1.92%;--awb-width-small:100%;--awb-order-small:0;--awb-spacing-right-small:1.92%;--awb-spacing-left-small:1.92%;\"><div class=\"fusion-column-wrapper fusion-column-has-shadow fusion-flex-justify-content-flex-start fusion-content-layout-column\"><div class=\"fusion-text fusion-text-4\"><p style=\"text-align: justify;\"><span style=\"color: #000000;\">Con el prop\u00f3sito de garantizar el cumplimiento de los compromisos adquiridos conjuntamente entre el MEN y la RedTTU, se constituyeron unos equipos de trabajo que tendr\u00e1n a su cargo el seguimiento y evaluaci\u00f3n de los resultados obtenidos durante las pr\u00f3ximas 19 semanas de 2023.<\/span><\/p>\n<p style=\"text-align: justify;\"><span style=\"color: #000000;\">Finalmente, el Consejo Directivo de Rectores le expres\u00f3 a la ministra Aurora Vergara y a su equipo de direcci\u00f3n, la firme determinaci\u00f3n de acompa\u00f1ar su gesti\u00f3n ministerial y le renov\u00f3 su confianza en apoyo a la construcci\u00f3n colectiva del proyecto de ley de reforma a la ley 30\/92 que consagre los acuerdos logrados con el Gobierno Nacional como con el Congreso de la Rep\u00fablica, y as\u00ed mismo al proyecto de ley<\/span><\/p>\n<p style=\"text-align: justify;\"><span style=\"color: #000000;\">estatutaria que eleva a la educaci\u00f3n como un derecho fundamental de los colombianos, entendiendo que hacen parte de una pol\u00edtica que aspira leg\u00edtimamente a interpretar las necesidades de los estudiantes, de la juventud excluida del sistema de educaci\u00f3n, de los docentes universitarios y de las ITTU, que en suma representan la esperanza por un mejor pa\u00eds.<\/span><\/p>\n<\/div><\/div><\/div><\/div><\/div><div class=\"fusion-fullwidth fullwidth-box fusion-builder-row-12 fusion-flex-container has-pattern-background has-mask-background nonhundred-percent-fullwidth non-hundred-percent-height-scrolling\" style=\"--awb-border-radius-top-left:0px;--awb-border-radius-top-right:0px;--awb-border-radius-bottom-right:0px;--awb-border-radius-bottom-left:0px;--awb-flex-wrap:wrap;\" ><div class=\"fusion-builder-row fusion-row fusion-flex-align-items-flex-start fusion-flex-content-wrap\" style=\"max-width:1144px;margin-left: calc(-4% \/ 2 );margin-right: calc(-4% \/ 2 );\"><div class=\"fusion-layout-column fusion_builder_column fusion-builder-column-17 fusion_builder_column_1_4 1_4 fusion-flex-column\" style=\"--awb-bg-size:cover;--awb-width-large:25%;--awb-margin-top-large:0px;--awb-spacing-right-large:7.68%;--awb-margin-bottom-large:20px;--awb-spacing-left-large:7.68%;--awb-width-medium:100%;--awb-order-medium:0;--awb-spacing-right-medium:1.92%;--awb-spacing-left-medium:1.92%;--awb-width-small:100%;--awb-order-small:0;--awb-spacing-right-small:1.92%;--awb-spacing-left-small:1.92%;\"><div class=\"fusion-column-wrapper fusion-column-has-shadow fusion-flex-justify-content-flex-start fusion-content-layout-column\"><\/div><\/div><div class=\"fusion-layout-column fusion_builder_column fusion-builder-column-18 fusion_builder_column_1_4 1_4 fusion-flex-column\" style=\"--awb-bg-size:cover;--awb-width-large:25%;--awb-margin-top-large:0px;--awb-spacing-right-large:7.68%;--awb-margin-bottom-large:20px;--awb-spacing-left-large:7.68%;--awb-width-medium:100%;--awb-order-medium:0;--awb-spacing-right-medium:1.92%;--awb-spacing-left-medium:1.92%;--awb-width-small:100%;--awb-order-small:0;--awb-spacing-right-small:1.92%;--awb-spacing-left-small:1.92%;\"><div class=\"fusion-column-wrapper fusion-column-has-shadow fusion-flex-justify-content-flex-start fusion-content-layout-column\"><\/div><\/div><div class=\"fusion-layout-column fusion_builder_column fusion-builder-column-19 fusion_builder_column_1_4 1_4 fusion-flex-column\" style=\"--awb-bg-size:cover;--awb-width-large:25%;--awb-margin-top-large:0px;--awb-spacing-right-large:7.68%;--awb-margin-bottom-large:20px;--awb-spacing-left-large:7.68%;--awb-width-medium:100%;--awb-order-medium:0;--awb-spacing-right-medium:1.92%;--awb-spacing-left-medium:1.92%;--awb-width-small:100%;--awb-order-small:0;--awb-spacing-right-small:1.92%;--awb-spacing-left-small:1.92%;\"><div class=\"fusion-column-wrapper fusion-column-has-shadow fusion-flex-justify-content-flex-start fusion-content-layout-column\"><\/div><\/div><div class=\"fusion-layout-column fusion_builder_column fusion-builder-column-20 fusion_builder_column_1_4 1_4 fusion-flex-column\" style=\"--awb-bg-size:cover;--awb-width-large:25%;--awb-margin-top-large:0px;--awb-spacing-right-large:7.68%;--awb-margin-bottom-large:20px;--awb-spacing-left-large:7.68%;--awb-width-medium:100%;--awb-order-medium:0;--awb-spacing-right-medium:1.92%;--awb-spacing-left-medium:1.92%;--awb-width-small:100%;--awb-order-small:0;--awb-spacing-right-small:1.92%;--awb-spacing-left-small:1.92%;\"><div class=\"fusion-column-wrapper fusion-column-has-shadow fusion-flex-justify-content-flex-start fusion-content-layout-column\"><div class=\"fusion-image-element \" style=\"--awb-caption-title-font-family:var(--h2_typography-font-family);--awb-caption-title-font-weight:var(--h2_typography-font-weight);--awb-caption-title-font-style:var(--h2_typography-font-style);--awb-caption-title-size:var(--h2_typography-font-size);--awb-caption-title-transform:var(--h2_typography-text-transform);--awb-caption-title-line-height:var(--h2_typography-line-height);--awb-caption-title-letter-spacing:var(--h2_typography-letter-spacing);\"><span class=\" fusion-imageframe imageframe-none imageframe-11 hover-type-none\"><img decoding=\"async\" width=\"173\" height=\"79\" alt=\"Logo REDTTU\" title=\"logo_x26448204115400049187.jpg\" src=\"https:\/\/www.redttu.edu.co\/es\/wp-content\/uploads\/2019\/04\/logo_x26448204115400049187.jpg\" class=\"img-responsive wp-image-3424\"\/><\/span><\/div><div class=\"fusion-text fusion-text-5\"><p style=\"text-align: right;\"><span style=\"color: #000000;\">Karen Forero P\u00e1ez<\/span><br \/>\n<span style=\"color: #000000;\">Comunicaciones REDTTU<\/span><br \/>\n<span style=\"color: #000000;\">comunicaciones@redttu.edu.co<\/span><\/p>\n<\/div><\/div><\/div><\/div><\/div><\/p>\n","protected":false},"excerpt":{"rendered":"","protected":false},"author":1,"featured_media":6772,"comment_status":"closed","ping_status":"closed","sticky":false,"template":"","format":"standard","meta":{"footnotes":""},"categories":[20],"tags":[117,1078,992,1081,93,1082,1088,1085,100,81,83,1090,121,1083,969,302,813,320,1089,1077,132,1084,1030,1079,1087,1086,254,28,988,116,1080,1076],"class_list":["post-6770","post","type-post","status-publish","format-standard","has-post-thumbnail","hentry","category-noticias","tag-acreditacion","tag-audiencia","tag-autonomia","tag-cobertura","tag-colombia","tag-convenio-men-minciencias","tag-derecho-fundamental","tag-desarrollo-empresarial","tag-docentes","tag-educacion","tag-educacion-superior","tag-esperanza","tag-estudiantes","tag-formacion-tecnica-y-tecnologica","tag-infraestructura","tag-internacionalizacion","tag-investigacion","tag-ittu","tag-juventud","tag-ley-30-92","tag-ministra","tag-modernizacion","tag-oferta-academica","tag-politica-publica","tag-proyecto-de-ley-estatutaria","tag-proyecto-de-reforma","tag-recursos","tag-redttu","tag-reforma","tag-registros-calificados","tag-sistema-de-educacion-superior-publicas","tag-viceministro"],"_links":{"self":[{"href":"https:\/\/www.redttu.edu.co\/es\/wp-json\/wp\/v2\/posts\/6770","targetHints":{"allow":["GET"]}}],"collection":[{"href":"https:\/\/www.redttu.edu.co\/es\/wp-json\/wp\/v2\/posts"}],"about":[{"href":"https:\/\/www.redttu.edu.co\/es\/wp-json\/wp\/v2\/types\/post"}],"author":[{"embeddable":true,"href":"https:\/\/www.redttu.edu.co\/es\/wp-json\/wp\/v2\/users\/1"}],"replies":[{"embeddable":true,"href":"https:\/\/www.redttu.edu.co\/es\/wp-json\/wp\/v2\/comments?post=6770"}],"version-history":[{"count":2,"href":"https:\/\/www.redttu.edu.co\/es\/wp-json\/wp\/v2\/posts\/6770\/revisions"}],"predecessor-version":[{"id":6781,"href":"https:\/\/www.redttu.edu.co\/es\/wp-json\/wp\/v2\/posts\/6770\/revisions\/6781"}],"wp:featuredmedia":[{"embeddable":true,"href":"https:\/\/www.redttu.edu.co\/es\/wp-json\/wp\/v2\/media\/6772"}],"wp:attachment":[{"href":"https:\/\/www.redttu.edu.co\/es\/wp-json\/wp\/v2\/media?parent=6770"}],"wp:term":[{"taxonomy":"category","embeddable":true,"href":"https:\/\/www.redttu.edu.co\/es\/wp-json\/wp\/v2\/categories?post=6770"},{"taxonomy":"post_tag","embeddable":true,"href":"https:\/\/www.redttu.edu.co\/es\/wp-json\/wp\/v2\/tags?post=6770"}],"curies":[{"name":"wp","href":"https:\/\/api.w.org\/{rel}","templated":true}]}}