{"id":6766,"date":"2023-08-18T12:55:30","date_gmt":"2023-08-18T17:55:30","guid":{"rendered":"https:\/\/www.redttu.edu.co\/es\/?p=6766"},"modified":"2023-08-18T12:55:30","modified_gmt":"2023-08-18T17:55:30","slug":"dialogo-democratico-infotep-organiza-ciclo-de-foros-con-candidatos-a-alcaldia-y-gobernacion","status":"publish","type":"post","link":"https:\/\/www.redttu.edu.co\/es\/dialogo-democratico-infotep-organiza-ciclo-de-foros-con-candidatos-a-alcaldia-y-gobernacion\/","title":{"rendered":"DI\u00c1LOGO DEMOCR\u00c1TICO: INFOTEP ORGANIZA CICLO DE FOROS CON CANDIDATOS A ALCALD\u00cdA Y GOBERNACI\u00d3N"},"content":{"rendered":"<p><div class=\"fusion-fullwidth fullwidth-box fusion-builder-row-1 fusion-flex-container has-pattern-background has-mask-background nonhundred-percent-fullwidth non-hundred-percent-height-scrolling\" style=\"--awb-border-radius-top-left:0px;--awb-border-radius-top-right:0px;--awb-border-radius-bottom-right:0px;--awb-border-radius-bottom-left:0px;--awb-flex-wrap:wrap;\" ><div class=\"fusion-builder-row fusion-row fusion-flex-align-items-flex-start fusion-flex-content-wrap\" style=\"max-width:1144px;margin-left: calc(-4% \/ 2 );margin-right: calc(-4% \/ 2 );\"><div class=\"fusion-layout-column fusion_builder_column fusion-builder-column-0 fusion_builder_column_1_4 1_4 fusion-flex-column\" style=\"--awb-bg-size:cover;--awb-width-large:25%;--awb-margin-top-large:0px;--awb-spacing-right-large:7.68%;--awb-margin-bottom-large:20px;--awb-spacing-left-large:7.68%;--awb-width-medium:100%;--awb-order-medium:0;--awb-spacing-right-medium:1.92%;--awb-spacing-left-medium:1.92%;--awb-width-small:100%;--awb-order-small:0;--awb-spacing-right-small:1.92%;--awb-spacing-left-small:1.92%;\"><div class=\"fusion-column-wrapper fusion-column-has-shadow fusion-flex-justify-content-flex-start fusion-content-layout-column\"><div class=\"fusion-image-element \" style=\"--awb-caption-title-font-family:var(--h2_typography-font-family);--awb-caption-title-font-weight:var(--h2_typography-font-weight);--awb-caption-title-font-style:var(--h2_typography-font-style);--awb-caption-title-size:var(--h2_typography-font-size);--awb-caption-title-transform:var(--h2_typography-text-transform);--awb-caption-title-line-height:var(--h2_typography-line-height);--awb-caption-title-letter-spacing:var(--h2_typography-letter-spacing);\"><span class=\" fusion-imageframe imageframe-none imageframe-1 hover-type-none\"><img decoding=\"async\" width=\"861\" height=\"394\" alt=\"Logo REDTTU\" title=\"Logo REDTTU\" src=\"https:\/\/www.redttu.edu.co\/es\/wp-content\/uploads\/2019\/02\/logo_x2.png\" class=\"img-responsive wp-image-3242\"\/><\/span><\/div><\/div><\/div><div class=\"fusion-layout-column fusion_builder_column fusion-builder-column-1 fusion_builder_column_1_4 1_4 fusion-flex-column\" style=\"--awb-bg-size:cover;--awb-width-large:25%;--awb-margin-top-large:0px;--awb-spacing-right-large:7.68%;--awb-margin-bottom-large:20px;--awb-spacing-left-large:7.68%;--awb-width-medium:100%;--awb-order-medium:0;--awb-spacing-right-medium:1.92%;--awb-spacing-left-medium:1.92%;--awb-width-small:100%;--awb-order-small:0;--awb-spacing-right-small:1.92%;--awb-spacing-left-small:1.92%;\"><div class=\"fusion-column-wrapper fusion-column-has-shadow fusion-flex-justify-content-flex-start fusion-content-layout-column\"><\/div><\/div><div class=\"fusion-layout-column fusion_builder_column fusion-builder-column-2 fusion_builder_column_1_4 1_4 fusion-flex-column\" style=\"--awb-bg-size:cover;--awb-width-large:25%;--awb-margin-top-large:0px;--awb-spacing-right-large:7.68%;--awb-margin-bottom-large:20px;--awb-spacing-left-large:7.68%;--awb-width-medium:100%;--awb-order-medium:0;--awb-spacing-right-medium:1.92%;--awb-spacing-left-medium:1.92%;--awb-width-small:100%;--awb-order-small:0;--awb-spacing-right-small:1.92%;--awb-spacing-left-small:1.92%;\"><div class=\"fusion-column-wrapper fusion-column-has-shadow fusion-flex-justify-content-flex-start fusion-content-layout-column\"><\/div><\/div><div class=\"fusion-layout-column fusion_builder_column fusion-builder-column-3 fusion_builder_column_1_4 1_4 fusion-flex-column\" style=\"--awb-bg-size:cover;--awb-width-large:25%;--awb-margin-top-large:0px;--awb-spacing-right-large:7.68%;--awb-margin-bottom-large:20px;--awb-spacing-left-large:7.68%;--awb-width-medium:100%;--awb-order-medium:0;--awb-spacing-right-medium:1.92%;--awb-spacing-left-medium:1.92%;--awb-width-small:100%;--awb-order-small:0;--awb-spacing-right-small:1.92%;--awb-spacing-left-small:1.92%;\"><div class=\"fusion-column-wrapper fusion-column-has-shadow fusion-flex-justify-content-flex-start fusion-content-layout-column\"><div class=\"fusion-image-element \" style=\"--awb-caption-title-font-family:var(--h2_typography-font-family);--awb-caption-title-font-weight:var(--h2_typography-font-weight);--awb-caption-title-font-style:var(--h2_typography-font-style);--awb-caption-title-size:var(--h2_typography-font-size);--awb-caption-title-transform:var(--h2_typography-text-transform);--awb-caption-title-line-height:var(--h2_typography-line-height);--awb-caption-title-letter-spacing:var(--h2_typography-letter-spacing);\"><span class=\" fusion-imageframe imageframe-none imageframe-2 hover-type-none\"><img decoding=\"async\" width=\"615\" height=\"214\" alt=\"21. INFOTEP HVG\" title=\"21. INFOTEP HVG\" src=\"https:\/\/www.redttu.edu.co\/es\/wp-content\/uploads\/2015\/12\/21.-INFOTEP-HVG.png\" class=\"img-responsive wp-image-5929\" srcset=\"https:\/\/www.redttu.edu.co\/es\/wp-content\/uploads\/2015\/12\/21.-INFOTEP-HVG-200x70.png 200w, https:\/\/www.redttu.edu.co\/es\/wp-content\/uploads\/2015\/12\/21.-INFOTEP-HVG-400x139.png 400w, https:\/\/www.redttu.edu.co\/es\/wp-content\/uploads\/2015\/12\/21.-INFOTEP-HVG-600x209.png 600w, https:\/\/www.redttu.edu.co\/es\/wp-content\/uploads\/2015\/12\/21.-INFOTEP-HVG.png 615w\" sizes=\"(max-width: 1024px) 100vw, (max-width: 640px) 100vw, 400px\" \/><\/span><\/div><\/div><\/div><\/div><\/div><div class=\"fusion-fullwidth fullwidth-box fusion-builder-row-2 fusion-flex-container has-pattern-background has-mask-background nonhundred-percent-fullwidth non-hundred-percent-height-scrolling\" style=\"--awb-border-radius-top-left:0px;--awb-border-radius-top-right:0px;--awb-border-radius-bottom-right:0px;--awb-border-radius-bottom-left:0px;--awb-flex-wrap:wrap;\" ><div class=\"fusion-builder-row fusion-row fusion-flex-align-items-flex-start fusion-flex-content-wrap\" style=\"max-width:1144px;margin-left: calc(-4% \/ 2 );margin-right: calc(-4% \/ 2 );\"><div class=\"fusion-layout-column fusion_builder_column fusion-builder-column-4 fusion_builder_column_1_1 1_1 fusion-flex-column\" style=\"--awb-bg-size:cover;--awb-width-large:100%;--awb-margin-top-large:0px;--awb-spacing-right-large:1.92%;--awb-margin-bottom-large:20px;--awb-spacing-left-large:1.92%;--awb-width-medium:100%;--awb-order-medium:0;--awb-spacing-right-medium:1.92%;--awb-spacing-left-medium:1.92%;--awb-width-small:100%;--awb-order-small:0;--awb-spacing-right-small:1.92%;--awb-spacing-left-small:1.92%;\"><div class=\"fusion-column-wrapper fusion-column-has-shadow fusion-flex-justify-content-flex-start fusion-content-layout-column\"><div class=\"fusion-title title fusion-title-1 fusion-title-text fusion-title-size-one\"><div class=\"title-sep-container title-sep-container-left fusion-no-large-visibility fusion-no-medium-visibility fusion-no-small-visibility\"><div class=\"title-sep sep-double sep-solid\" style=\"border-color:#e0dede;\"><\/div><\/div><span class=\"awb-title-spacer fusion-no-large-visibility fusion-no-medium-visibility fusion-no-small-visibility\"><\/span><h1 class=\"fusion-title-heading title-heading-left fusion-responsive-typography-calculated\" style=\"margin:0;--fontSize:34;line-height:1.41;\"><h1>DI\u00c1LOGO DEMOCR\u00c1TICO: INFOTEP ORGANIZA CICLO DE FOROS CON CANDIDATOS A ALCALD\u00cdA Y GOBERNACI\u00d3N<\/h1><\/h1><span class=\"awb-title-spacer\"><\/span><div class=\"title-sep-container title-sep-container-right\"><div class=\"title-sep sep-double sep-solid\" style=\"border-color:#e0dede;\"><\/div><\/div><\/div><\/div><\/div><\/div><\/div><div class=\"fusion-fullwidth fullwidth-box fusion-builder-row-3 fusion-flex-container has-pattern-background has-mask-background nonhundred-percent-fullwidth non-hundred-percent-height-scrolling\" style=\"--awb-border-radius-top-left:0px;--awb-border-radius-top-right:0px;--awb-border-radius-bottom-right:0px;--awb-border-radius-bottom-left:0px;--awb-flex-wrap:wrap;\" ><div class=\"fusion-builder-row fusion-row fusion-flex-align-items-flex-start fusion-flex-content-wrap\" style=\"max-width:1144px;margin-left: calc(-4% \/ 2 );margin-right: calc(-4% \/ 2 );\"><div class=\"fusion-layout-column fusion_builder_column fusion-builder-column-5 fusion_builder_column_1_1 1_1 fusion-flex-column\" style=\"--awb-bg-size:cover;--awb-width-large:100%;--awb-margin-top-large:0px;--awb-spacing-right-large:1.92%;--awb-margin-bottom-large:20px;--awb-spacing-left-large:1.92%;--awb-width-medium:100%;--awb-order-medium:0;--awb-spacing-right-medium:1.92%;--awb-spacing-left-medium:1.92%;--awb-width-small:100%;--awb-order-small:0;--awb-spacing-right-small:1.92%;--awb-spacing-left-small:1.92%;\"><div class=\"fusion-column-wrapper fusion-column-has-shadow fusion-flex-justify-content-flex-start fusion-content-layout-column\"><div class=\"fusion-text fusion-text-1\"><p style=\"text-align: justify;\"><span style=\"color: #000000;\">El 1 y 22 de septiembre, se llevar\u00e1n a cabo dos eventos organizados por Infotep bajo el nombre \u00ab<em>La Academia nos compromete<\/em>\u00ab. Estos foros buscan fomentar un proceso democr\u00e1tico consciente al propiciar el di\u00e1logo y an\u00e1lisis de las propuestas fundamentales de los aspirantes a los cargos de Alcalde de Ci\u00e9naga y Gobernador del Magdalena.<\/span><\/p>\n<p style=\"text-align: justify;\"><span style=\"color: #000000;\">La IES Infotep de Ci\u00e9naga, en su papel estrat\u00e9gico en la sociedad, est\u00e1 organizando estos foros como parte de su compromiso de comprender las realidades sociales y facilitar el espacio para discusi\u00f3n y reflexi\u00f3n. El objetivo principal es abordar las principales problem\u00e1ticas presentes en el \u00e1rea y examinar las ideas planteadas por los candidatos para los roles mencionados.<\/span><\/p>\n<p style=\"text-align: justify;\"><span style=\"color: #000000;\">El rector de Infotep, Leonardo P\u00e9rez Suesc\u00fan, mencion\u00f3 que estos foros servir\u00e1n para conocer las propuestas de los candidatos en las \u00e1reas de competencia de cada ente territorial. Adem\u00e1s, se recoger\u00e1n las inquietudes de la comunidad acad\u00e9mica y la ciudadan\u00eda a trav\u00e9s de diversos canales institucionales, dando forma a un debate democr\u00e1tico con los candidatos.<\/span><\/p>\n<p style=\"text-align: justify;\"><span style=\"color: #000000;\">Estos foros, inicialmente destinados a la comunidad acad\u00e9mica, se extender\u00e1n a trav\u00e9s de redes sociales institucionales y medios de comunicaci\u00f3n para involucrar a la sociedad civil en estos espacios democr\u00e1ticos. La iniciativa de Infotep se enmarca en su compromiso social y se vincula con la Escuela de Liderazgo del Magdalena (LIDERMAG), unidad bajo la Oficina de Proyecci\u00f3n Social y Extensi\u00f3n a la Comunidad.<\/span><\/p>\n<p style=\"text-align: justify;\"><span style=\"color: #000000;\">Cada foro se centrar\u00e1 en las problem\u00e1ticas m\u00e1s apremiantes del Municipio y el Departamento, agrupadas en ejes tem\u00e1ticos para su an\u00e1lisis por parte de la comunidad educativa y la sociedad civil. As\u00ed, los compromisos que los candidatos adquieran con la ciudadan\u00eda a trav\u00e9s de la Academia quedar\u00e1n al descubierto.<\/span><\/p>\n<p style=\"text-align: justify;\"><span style=\"color: #000000;\">Infotep contin\u00faa demostrando su compromiso con el territorio al entenderlo y generar empoderamiento mediante la integraci\u00f3n de sus objetivos con las necesidades y oportunidades en el entorno social de Ci\u00e9naga y el Magdalena. En este contexto, estos foros representan una valiosa contribuci\u00f3n al proceso democr\u00e1tico y al entendimiento informado de las elecciones venideras.<\/span><\/p>\n<\/div><\/div><\/div><\/div><\/div><div class=\"fusion-fullwidth fullwidth-box fusion-builder-row-4 fusion-flex-container has-pattern-background has-mask-background nonhundred-percent-fullwidth non-hundred-percent-height-scrolling\" style=\"--awb-border-radius-top-left:0px;--awb-border-radius-top-right:0px;--awb-border-radius-bottom-right:0px;--awb-border-radius-bottom-left:0px;--awb-flex-wrap:wrap;\" ><div class=\"fusion-builder-row fusion-row fusion-flex-align-items-flex-start fusion-flex-content-wrap\" style=\"max-width:1144px;margin-left: calc(-4% \/ 2 );margin-right: calc(-4% \/ 2 );\"><div class=\"fusion-layout-column fusion_builder_column fusion-builder-column-6 fusion_builder_column_1_4 1_4 fusion-flex-column\" style=\"--awb-bg-size:cover;--awb-width-large:25%;--awb-margin-top-large:0px;--awb-spacing-right-large:7.68%;--awb-margin-bottom-large:20px;--awb-spacing-left-large:7.68%;--awb-width-medium:100%;--awb-order-medium:0;--awb-spacing-right-medium:1.92%;--awb-spacing-left-medium:1.92%;--awb-width-small:100%;--awb-order-small:0;--awb-spacing-right-small:1.92%;--awb-spacing-left-small:1.92%;\"><div class=\"fusion-column-wrapper fusion-column-has-shadow fusion-flex-justify-content-flex-start fusion-content-layout-column\"><\/div><\/div><div class=\"fusion-layout-column fusion_builder_column fusion-builder-column-7 fusion_builder_column_1_4 1_4 fusion-flex-column\" style=\"--awb-bg-size:cover;--awb-width-large:25%;--awb-margin-top-large:0px;--awb-spacing-right-large:7.68%;--awb-margin-bottom-large:20px;--awb-spacing-left-large:7.68%;--awb-width-medium:100%;--awb-order-medium:0;--awb-spacing-right-medium:1.92%;--awb-spacing-left-medium:1.92%;--awb-width-small:100%;--awb-order-small:0;--awb-spacing-right-small:1.92%;--awb-spacing-left-small:1.92%;\"><div class=\"fusion-column-wrapper fusion-column-has-shadow fusion-flex-justify-content-flex-start fusion-content-layout-column\"><\/div><\/div><div class=\"fusion-layout-column fusion_builder_column fusion-builder-column-8 fusion_builder_column_1_4 1_4 fusion-flex-column\" style=\"--awb-bg-size:cover;--awb-width-large:25%;--awb-margin-top-large:0px;--awb-spacing-right-large:7.68%;--awb-margin-bottom-large:20px;--awb-spacing-left-large:7.68%;--awb-width-medium:100%;--awb-order-medium:0;--awb-spacing-right-medium:1.92%;--awb-spacing-left-medium:1.92%;--awb-width-small:100%;--awb-order-small:0;--awb-spacing-right-small:1.92%;--awb-spacing-left-small:1.92%;\"><div class=\"fusion-column-wrapper fusion-column-has-shadow fusion-flex-justify-content-flex-start fusion-content-layout-column\"><\/div><\/div><div class=\"fusion-layout-column fusion_builder_column fusion-builder-column-9 fusion_builder_column_1_4 1_4 fusion-flex-column\" style=\"--awb-bg-size:cover;--awb-width-large:25%;--awb-margin-top-large:0px;--awb-spacing-right-large:7.68%;--awb-margin-bottom-large:20px;--awb-spacing-left-large:7.68%;--awb-width-medium:100%;--awb-order-medium:0;--awb-spacing-right-medium:1.92%;--awb-spacing-left-medium:1.92%;--awb-width-small:100%;--awb-order-small:0;--awb-spacing-right-small:1.92%;--awb-spacing-left-small:1.92%;\"><div class=\"fusion-column-wrapper fusion-column-has-shadow fusion-flex-justify-content-flex-start fusion-content-layout-column\"><div class=\"fusion-image-element \" style=\"text-align:right;--awb-caption-title-font-family:var(--h2_typography-font-family);--awb-caption-title-font-weight:var(--h2_typography-font-weight);--awb-caption-title-font-style:var(--h2_typography-font-style);--awb-caption-title-size:var(--h2_typography-font-size);--awb-caption-title-transform:var(--h2_typography-text-transform);--awb-caption-title-line-height:var(--h2_typography-line-height);--awb-caption-title-letter-spacing:var(--h2_typography-letter-spacing);\"><span class=\" fusion-imageframe imageframe-none imageframe-3 hover-type-none\"><img decoding=\"async\" width=\"861\" height=\"394\" alt=\"Logo REDTTU\" title=\"Logo REDTTU\" src=\"https:\/\/www.redttu.edu.co\/es\/wp-content\/uploads\/2019\/02\/logo_x2.png\" class=\"img-responsive wp-image-3242\"\/><\/span><\/div><div class=\"fusion-text fusion-text-2\"><p style=\"text-align: right;\"><span style=\"color: #000000;\"><strong>Karen Forero P\u00e1ez<\/strong><\/span><\/p>\n<p style=\"text-align: right;\"><span style=\"color: #000000;\">Coordinadora de Comunicaciones<\/span><\/p>\n<p style=\"text-align: right;\"><span style=\"color: #000000;\">comunicaciones@redttu.edu.co<\/span><\/p>\n<\/div><\/div><\/div><\/div><\/div><\/p>\n","protected":false},"excerpt":{"rendered":"","protected":false},"author":1,"featured_media":6767,"comment_status":"closed","ping_status":"closed","sticky":false,"template":"","format":"standard","meta":{"footnotes":""},"categories":[20],"tags":[1069,1072,1068,1067,1036,1075,1070,1066,1073,644,728,1071,1074],"class_list":["post-6766","post","type-post","status-publish","format-standard","has-post-thumbnail","hentry","category-noticias","tag-alcaldia","tag-analisis-de-propuestas","tag-candidatos","tag-ciclo-de-foros","tag-compromiso-social","tag-debate-informado","tag-democracia","tag-dialogo-democratico","tag-escuela-de-liderazgo-del-magdalena","tag-gobernacion","tag-infotep","tag-participacion-ciudadana","tag-sociedad-civil"],"_links":{"self":[{"href":"https:\/\/www.redttu.edu.co\/es\/wp-json\/wp\/v2\/posts\/6766","targetHints":{"allow":["GET"]}}],"collection":[{"href":"https:\/\/www.redttu.edu.co\/es\/wp-json\/wp\/v2\/posts"}],"about":[{"href":"https:\/\/www.redttu.edu.co\/es\/wp-json\/wp\/v2\/types\/post"}],"author":[{"embeddable":true,"href":"https:\/\/www.redttu.edu.co\/es\/wp-json\/wp\/v2\/users\/1"}],"replies":[{"embeddable":true,"href":"https:\/\/www.redttu.edu.co\/es\/wp-json\/wp\/v2\/comments?post=6766"}],"version-history":[{"count":1,"href":"https:\/\/www.redttu.edu.co\/es\/wp-json\/wp\/v2\/posts\/6766\/revisions"}],"predecessor-version":[{"id":6768,"href":"https:\/\/www.redttu.edu.co\/es\/wp-json\/wp\/v2\/posts\/6766\/revisions\/6768"}],"wp:featuredmedia":[{"embeddable":true,"href":"https:\/\/www.redttu.edu.co\/es\/wp-json\/wp\/v2\/media\/6767"}],"wp:attachment":[{"href":"https:\/\/www.redttu.edu.co\/es\/wp-json\/wp\/v2\/media?parent=6766"}],"wp:term":[{"taxonomy":"category","embeddable":true,"href":"https:\/\/www.redttu.edu.co\/es\/wp-json\/wp\/v2\/categories?post=6766"},{"taxonomy":"post_tag","embeddable":true,"href":"https:\/\/www.redttu.edu.co\/es\/wp-json\/wp\/v2\/tags?post=6766"}],"curies":[{"name":"wp","href":"https:\/\/api.w.org\/{rel}","templated":true}]}}