{"id":6754,"date":"2023-08-16T11:27:14","date_gmt":"2023-08-16T16:27:14","guid":{"rendered":"https:\/\/www.redttu.edu.co\/es\/?p=6754"},"modified":"2023-08-16T11:41:05","modified_gmt":"2023-08-16T16:41:05","slug":"hace-22-anos-el-convento-san-diego-fue-declarado-bien-de-interes-cultural-del-ambito-nacional-el-23-de-julio-de-2001-un-lugar-con-415-anos-de-historia","status":"publish","type":"post","link":"https:\/\/www.redttu.edu.co\/es\/hace-22-anos-el-convento-san-diego-fue-declarado-bien-de-interes-cultural-del-ambito-nacional-el-23-de-julio-de-2001-un-lugar-con-415-anos-de-historia\/","title":{"rendered":"HACE 22 A\u00d1OS EL CONVENTO SAN DIEGO FUE DECLARADO BIEN DE INTER\u00c9S CULTURAL DEL \u00c1MBITO NACIONAL: EL 23 DE JULIO DE 2001.  UN LUGAR CON 415 A\u00d1OS DE HISTORIA"},"content":{"rendered":"<p><div class=\"fusion-fullwidth fullwidth-box fusion-builder-row-1 fusion-flex-container has-pattern-background has-mask-background nonhundred-percent-fullwidth non-hundred-percent-height-scrolling\" style=\"--awb-border-radius-top-left:0px;--awb-border-radius-top-right:0px;--awb-border-radius-bottom-right:0px;--awb-border-radius-bottom-left:0px;--awb-flex-wrap:wrap;\" ><div class=\"fusion-builder-row fusion-row fusion-flex-align-items-flex-start fusion-flex-content-wrap\" style=\"max-width:1144px;margin-left: calc(-4% \/ 2 );margin-right: calc(-4% \/ 2 );\"><div class=\"fusion-layout-column fusion_builder_column fusion-builder-column-0 fusion_builder_column_1_4 1_4 fusion-flex-column\" style=\"--awb-bg-size:cover;--awb-width-large:25%;--awb-margin-top-large:0px;--awb-spacing-right-large:7.68%;--awb-margin-bottom-large:20px;--awb-spacing-left-large:7.68%;--awb-width-medium:100%;--awb-order-medium:0;--awb-spacing-right-medium:1.92%;--awb-spacing-left-medium:1.92%;--awb-width-small:100%;--awb-order-small:0;--awb-spacing-right-small:1.92%;--awb-spacing-left-small:1.92%;\"><div class=\"fusion-column-wrapper fusion-column-has-shadow fusion-flex-justify-content-flex-start fusion-content-layout-column\"><div class=\"fusion-image-element \" style=\"--awb-caption-title-font-family:var(--h2_typography-font-family);--awb-caption-title-font-weight:var(--h2_typography-font-weight);--awb-caption-title-font-style:var(--h2_typography-font-style);--awb-caption-title-size:var(--h2_typography-font-size);--awb-caption-title-transform:var(--h2_typography-text-transform);--awb-caption-title-line-height:var(--h2_typography-line-height);--awb-caption-title-letter-spacing:var(--h2_typography-letter-spacing);\"><span class=\" fusion-imageframe imageframe-none imageframe-1 hover-type-none\"><img decoding=\"async\" width=\"481\" height=\"220\" title=\"REDTTU\" src=\"https:\/\/www.redttu.edu.co\/es\/wp-content\/uploads\/2015\/12\/logo_x2.png\" alt class=\"img-responsive wp-image-238\" srcset=\"https:\/\/www.redttu.edu.co\/es\/wp-content\/uploads\/2015\/12\/logo_x2-300x137.png 300w, https:\/\/www.redttu.edu.co\/es\/wp-content\/uploads\/2015\/12\/logo_x2.png 481w\" sizes=\"(max-width: 481px) 100vw, 481px\" \/><\/span><\/div><\/div><\/div><div class=\"fusion-layout-column fusion_builder_column fusion-builder-column-1 fusion_builder_column_1_4 1_4 fusion-flex-column\" style=\"--awb-bg-size:cover;--awb-width-large:25%;--awb-margin-top-large:0px;--awb-spacing-right-large:7.68%;--awb-margin-bottom-large:20px;--awb-spacing-left-large:7.68%;--awb-width-medium:100%;--awb-order-medium:0;--awb-spacing-right-medium:1.92%;--awb-spacing-left-medium:1.92%;--awb-width-small:100%;--awb-order-small:0;--awb-spacing-right-small:1.92%;--awb-spacing-left-small:1.92%;\"><div class=\"fusion-column-wrapper fusion-column-has-shadow fusion-flex-justify-content-flex-start fusion-content-layout-column\"><\/div><\/div><div class=\"fusion-layout-column fusion_builder_column fusion-builder-column-2 fusion_builder_column_1_4 1_4 fusion-flex-column\" style=\"--awb-bg-size:cover;--awb-width-large:25%;--awb-margin-top-large:0px;--awb-spacing-right-large:7.68%;--awb-margin-bottom-large:20px;--awb-spacing-left-large:7.68%;--awb-width-medium:100%;--awb-order-medium:0;--awb-spacing-right-medium:1.92%;--awb-spacing-left-medium:1.92%;--awb-width-small:100%;--awb-order-small:0;--awb-spacing-right-small:1.92%;--awb-spacing-left-small:1.92%;\"><div class=\"fusion-column-wrapper fusion-column-has-shadow fusion-flex-justify-content-flex-start fusion-content-layout-column\"><\/div><\/div><div class=\"fusion-layout-column fusion_builder_column fusion-builder-column-3 fusion_builder_column_1_4 1_4 fusion-flex-column\" style=\"--awb-bg-size:cover;--awb-width-large:25%;--awb-margin-top-large:0px;--awb-spacing-right-large:7.68%;--awb-margin-bottom-large:20px;--awb-spacing-left-large:7.68%;--awb-width-medium:100%;--awb-order-medium:0;--awb-spacing-right-medium:1.92%;--awb-spacing-left-medium:1.92%;--awb-width-small:100%;--awb-order-small:0;--awb-spacing-right-small:1.92%;--awb-spacing-left-small:1.92%;\"><div class=\"fusion-column-wrapper fusion-column-has-shadow fusion-flex-justify-content-flex-start fusion-content-layout-column\"><div class=\"fusion-image-element \" style=\"--awb-caption-title-font-family:var(--h2_typography-font-family);--awb-caption-title-font-weight:var(--h2_typography-font-weight);--awb-caption-title-font-style:var(--h2_typography-font-style);--awb-caption-title-size:var(--h2_typography-font-size);--awb-caption-title-transform:var(--h2_typography-text-transform);--awb-caption-title-line-height:var(--h2_typography-line-height);--awb-caption-title-letter-spacing:var(--h2_typography-letter-spacing);\"><span class=\" fusion-imageframe imageframe-none imageframe-2 hover-type-none\"><img decoding=\"async\" width=\"436\" height=\"521\" alt=\"6. UNIBAC\" title=\"6. UNIBAC\" src=\"https:\/\/www.redttu.edu.co\/es\/wp-content\/uploads\/2015\/12\/6.-UNIBAC.png\" class=\"img-responsive wp-image-5953\" srcset=\"https:\/\/www.redttu.edu.co\/es\/wp-content\/uploads\/2015\/12\/6.-UNIBAC-200x239.png 200w, https:\/\/www.redttu.edu.co\/es\/wp-content\/uploads\/2015\/12\/6.-UNIBAC-400x478.png 400w, https:\/\/www.redttu.edu.co\/es\/wp-content\/uploads\/2015\/12\/6.-UNIBAC.png 436w\" sizes=\"(max-width: 1024px) 100vw, (max-width: 640px) 100vw, 400px\" \/><\/span><\/div><\/div><\/div><\/div><\/div><div class=\"fusion-fullwidth fullwidth-box fusion-builder-row-2 fusion-flex-container has-pattern-background has-mask-background nonhundred-percent-fullwidth non-hundred-percent-height-scrolling\" style=\"--awb-border-radius-top-left:0px;--awb-border-radius-top-right:0px;--awb-border-radius-bottom-right:0px;--awb-border-radius-bottom-left:0px;--awb-flex-wrap:wrap;\" ><div class=\"fusion-builder-row fusion-row fusion-flex-align-items-flex-start fusion-flex-content-wrap\" style=\"max-width:1144px;margin-left: calc(-4% \/ 2 );margin-right: calc(-4% \/ 2 );\"><div class=\"fusion-layout-column fusion_builder_column fusion-builder-column-4 fusion_builder_column_1_1 1_1 fusion-flex-column\" style=\"--awb-bg-size:cover;--awb-width-large:100%;--awb-margin-top-large:0px;--awb-spacing-right-large:1.92%;--awb-margin-bottom-large:20px;--awb-spacing-left-large:1.92%;--awb-width-medium:100%;--awb-order-medium:0;--awb-spacing-right-medium:1.92%;--awb-spacing-left-medium:1.92%;--awb-width-small:100%;--awb-order-small:0;--awb-spacing-right-small:1.92%;--awb-spacing-left-small:1.92%;\"><div class=\"fusion-column-wrapper fusion-column-has-shadow fusion-flex-justify-content-flex-start fusion-content-layout-column\"><div class=\"fusion-title title fusion-title-1 fusion-title-text fusion-title-size-one\"><div class=\"title-sep-container title-sep-container-left fusion-no-large-visibility fusion-no-medium-visibility fusion-no-small-visibility\"><div class=\"title-sep sep-double sep-solid\" style=\"border-color:#e0dede;\"><\/div><\/div><span class=\"awb-title-spacer fusion-no-large-visibility fusion-no-medium-visibility fusion-no-small-visibility\"><\/span><h1 class=\"fusion-title-heading title-heading-left fusion-responsive-typography-calculated\" style=\"margin:0;--fontSize:34;line-height:1.41;\"><h1>HACE 22 A\u00d1OS EL CONVENTO SAN DIEGO FUE DECLARADO BIEN DE INTER\u00c9S CULTURAL DEL \u00c1MBITO NACIONAL EL 23 DE JULIO DE 2001 UN LUGAR CON 415 A\u00d1OS DE HISTORIA<\/h1><\/h1><span class=\"awb-title-spacer\"><\/span><div class=\"title-sep-container title-sep-container-right\"><div class=\"title-sep sep-double sep-solid\" style=\"border-color:#e0dede;\"><\/div><\/div><\/div><\/div><\/div><\/div><\/div><div class=\"fusion-fullwidth fullwidth-box fusion-builder-row-3 fusion-flex-container has-pattern-background has-mask-background nonhundred-percent-fullwidth non-hundred-percent-height-scrolling\" style=\"--awb-border-radius-top-left:0px;--awb-border-radius-top-right:0px;--awb-border-radius-bottom-right:0px;--awb-border-radius-bottom-left:0px;--awb-flex-wrap:wrap;\" ><div class=\"fusion-builder-row fusion-row fusion-flex-align-items-flex-start fusion-flex-content-wrap\" style=\"max-width:1144px;margin-left: calc(-4% \/ 2 );margin-right: calc(-4% \/ 2 );\"><div class=\"fusion-layout-column fusion_builder_column fusion-builder-column-5 fusion_builder_column_1_1 1_1 fusion-flex-column\" style=\"--awb-bg-size:cover;--awb-width-large:100%;--awb-margin-top-large:0px;--awb-spacing-right-large:1.92%;--awb-margin-bottom-large:20px;--awb-spacing-left-large:1.92%;--awb-width-medium:100%;--awb-order-medium:0;--awb-spacing-right-medium:1.92%;--awb-spacing-left-medium:1.92%;--awb-width-small:100%;--awb-order-small:0;--awb-spacing-right-small:1.92%;--awb-spacing-left-small:1.92%;\"><div class=\"fusion-column-wrapper fusion-column-has-shadow fusion-flex-justify-content-flex-start fusion-content-layout-column\"><div class=\"fusion-text fusion-text-1\"><p style=\"text-align: justify;\"><span style=\"color: #000000;\"><strong>Cartagena de Indias, 23 de julio de 2023<\/strong><\/span><\/p>\n<p style=\"text-align: justify;\"><span style=\"color: #000000;\">A trav\u00e9s de la Resoluci\u00f3n 1121 de 23 de julio de 2001, hace ya 22 a\u00f1os, el Ministerio de Cultura declar\u00f3 Bien de Inter\u00e9s Cultural de Car\u00e1cter Nacional (Monumento Nacional) al Convento San Diego, sede actual de la Instituci\u00f3n Universitaria Bellas Artes y Ciencias de Bol\u00edvar Unibac.<\/span><\/p>\n<p style=\"text-align: justify;\"><span style=\"color: #000000;\">El Convento San Diego est\u00e1 dotado de una arquitectura colonial religiosa, conserva todos sus detalles coloniales y lleva impl\u00edcita su representatividad cultural tanto para el contexto departamental, como nacional. Es, por tanto, referente importante en el \u00e1mbito cultural, art\u00edstico y acad\u00e9mico del pa\u00eds. La iniciativa de elevar esta solicitud ante el Ministerio de Cultura fue gracias a la gesti\u00f3n decidida e impecable de la rectora Sacra N\u00e1der David, quien adem\u00e1s logra, tambi\u00e9n en julio de 2001 escriturar el Convento de San Diego a nombre de la Instituci\u00f3n, a tan solo a\u00f1o y medio de haber logrado que a Bellas Artes la aprobaran como Instituci\u00f3n de Educaci\u00f3n Superior.<\/span><\/p>\n<p style=\"text-align: justify;\"><span style=\"color: #000000;\">Para conocer un poco de sus 415 a\u00f1os de historia: El Convento de San Diego fue fundado en 1608 y terminado de construir aproximadamente en 1625, gracias en gran parte, a los esfuerzos del capit\u00e1n Jorge Fern\u00e1ndez Gramajo, pero tambi\u00e9n a limosnas de los vecinos. Fue sede de la recoleta franciscana hasta 1821, a\u00f1o en que se decreta su supresi\u00f3n. Fue entonces Escuela de N\u00e1utica entre 1826 y 1831, posteriormente fue c\u00e1rcel y penitenciar\u00eda entre 1833 y 1965, despu\u00e9s fue unidad psiqui\u00e1trica entre 1969 y 1976, hasta cuando los pacientes psiqui\u00e1tricos son trasladados al Hospital San Pablo. Ese mismo a\u00f1o, a finales, se cede el convento y su lote posterior para el funcionamiento de Bellas Artes, con el aval del Gobernador Augusto de Pombo Pareja e iniciativa de Eduardo Lemaitre Rom\u00e1n. En 1996 se traslada el Instituto Musical que hasta ese momento manten\u00eda actividades en la calle San Juan de Dios.<\/span><\/p>\n<p style=\"text-align: justify;\"><span style=\"color: #000000;\">Existieron 2 contratos de comodato que ced\u00edan en pr\u00e9stamo de uso, el Convento y el antiguo a Bellas Artes, pero tales actos nunca fueron protocolizados, y se encontraban vencidos. El 28 de diciembre de 2007, luego de un largo lobby ante el gobernador Libardo Simancas, y el gerente liquidador de la Industria Licorera de Bol\u00edvar, Luis Lora Sfer, se logra que sea cedido el lote posterior, a t\u00edtulo de donaci\u00f3n gratuita, a la Escuela Superior de Bellas Artes. El edificio ha recibido tres grandes intervenciones, la primera, durante la primera d\u00e9cada el siglo XX, posterior a la explosi\u00f3n de la planta el\u00e9ctrica en 1895, ubicada en la antigua<\/span><br \/>\n<span style=\"color: justify;\">huerta del Convento, realizada por Luis Felipe Jaspe Franco, quien le da el aspecto neog\u00f3tico.<\/span><\/p>\n<p style=\"text-align: justify;\"><span style=\"color: #000000;\">Posteriormente, en 1984 se realiza la segunda intervenci\u00f3n a manos de la firma de Alberto Samudio T. &amp; C\u00eda. Ltda., devolvi\u00e9ndole al edificio su aspecto original. La \u00faltima, entre los a\u00f1os 2008 y 2014, teniendo Bellas Artes ya la propiedad, el arquitecto Jaime Correa V\u00e9lez realiza las obras de consolidaci\u00f3n, el proyecto de construcci\u00f3n del actual edificio contempor\u00e1neo en la zona posterior y la restituci\u00f3n de las rejas en el atrio. Posteriormente, en el a\u00f1o 2016 son restaurados el 100% de las cubiertas del convento que se encontraban en total estado de deterioro. El proyecto de intervenci\u00f3n de gran envergadura contin\u00faa en la actualidad modernizando las instalaciones y adecu\u00e1ndolas<\/span><\/p>\n<p style=\"text-align: justify;\"><span style=\"color: #000000;\">A\u00fan m\u00e1s a su funci\u00f3n art\u00edstica y pedag\u00f3gica, para beneficio de toda la comunidad acad\u00e9mica de la regi\u00f3n y del pa\u00eds. Despu\u00e9s de conocer esta importante historia sobre el Convento de San Diego y de Unibac, podremos valorar y apreciar el patrimonio cultural que poseemos, esto nos ayuda a definir el sentido de pertenencia e identidad. Resguardar este legado hist\u00f3rico hace que las pr\u00f3ximas generaciones puedan construir un futuro con fundamento, partiendo de los or\u00edgenes. Nuestro patrimonio hist\u00f3rico juega un papel fundamental para hacernos entender el pasado y es ah\u00ed donde radica su valor, por ello su protecci\u00f3n es vital, se trata de las ra\u00edces que sostienen a la humanidad, aquellos elementos sobre los que se construye la identidad de los pueblos, un legado que ayuda a entender muchos sucesos del presente y a abonar el camino para construir un futuro cargado de historia, por eso su preservaci\u00f3n depender\u00e1 que sigan vivos para las nuevas generaciones. Se debe conocer la historia, legado para las futuras generaciones, para que emprendan un camino a partir de un conocimiento certero.<\/span><\/p>\n<p style=\"text-align: center;\"><span style=\"color: #000000;\">\u00a1Unibac: calidad que trasciende!<\/span><\/p>\n<\/div><\/div><\/div><\/div><\/div><div class=\"fusion-fullwidth fullwidth-box fusion-builder-row-4 fusion-flex-container has-pattern-background has-mask-background nonhundred-percent-fullwidth non-hundred-percent-height-scrolling\" style=\"--awb-border-radius-top-left:0px;--awb-border-radius-top-right:0px;--awb-border-radius-bottom-right:0px;--awb-border-radius-bottom-left:0px;--awb-flex-wrap:wrap;\" ><div class=\"fusion-builder-row fusion-row fusion-flex-align-items-flex-start fusion-flex-content-wrap\" style=\"max-width:1144px;margin-left: calc(-4% \/ 2 );margin-right: calc(-4% \/ 2 );\"><div class=\"fusion-layout-column fusion_builder_column fusion-builder-column-6 fusion_builder_column_1_4 1_4 fusion-flex-column\" style=\"--awb-bg-size:cover;--awb-width-large:25%;--awb-margin-top-large:0px;--awb-spacing-right-large:7.68%;--awb-margin-bottom-large:20px;--awb-spacing-left-large:7.68%;--awb-width-medium:100%;--awb-order-medium:0;--awb-spacing-right-medium:1.92%;--awb-spacing-left-medium:1.92%;--awb-width-small:100%;--awb-order-small:0;--awb-spacing-right-small:1.92%;--awb-spacing-left-small:1.92%;\"><div class=\"fusion-column-wrapper fusion-column-has-shadow fusion-flex-justify-content-flex-start fusion-content-layout-column\"><\/div><\/div><div class=\"fusion-layout-column fusion_builder_column fusion-builder-column-7 fusion_builder_column_1_4 1_4 fusion-flex-column\" style=\"--awb-bg-size:cover;--awb-width-large:25%;--awb-margin-top-large:0px;--awb-spacing-right-large:7.68%;--awb-margin-bottom-large:20px;--awb-spacing-left-large:7.68%;--awb-width-medium:100%;--awb-order-medium:0;--awb-spacing-right-medium:1.92%;--awb-spacing-left-medium:1.92%;--awb-width-small:100%;--awb-order-small:0;--awb-spacing-right-small:1.92%;--awb-spacing-left-small:1.92%;\"><div class=\"fusion-column-wrapper fusion-column-has-shadow fusion-flex-justify-content-flex-start fusion-content-layout-column\"><\/div><\/div><div class=\"fusion-layout-column fusion_builder_column fusion-builder-column-8 fusion_builder_column_1_4 1_4 fusion-flex-column\" style=\"--awb-bg-size:cover;--awb-width-large:25%;--awb-margin-top-large:0px;--awb-spacing-right-large:7.68%;--awb-margin-bottom-large:20px;--awb-spacing-left-large:7.68%;--awb-width-medium:100%;--awb-order-medium:0;--awb-spacing-right-medium:1.92%;--awb-spacing-left-medium:1.92%;--awb-width-small:100%;--awb-order-small:0;--awb-spacing-right-small:1.92%;--awb-spacing-left-small:1.92%;\"><div class=\"fusion-column-wrapper fusion-column-has-shadow fusion-flex-justify-content-flex-start fusion-content-layout-column\"><\/div><\/div><div class=\"fusion-layout-column fusion_builder_column fusion-builder-column-9 fusion_builder_column_1_4 1_4 fusion-flex-column\" style=\"--awb-bg-size:cover;--awb-width-large:25%;--awb-margin-top-large:0px;--awb-spacing-right-large:7.68%;--awb-margin-bottom-large:20px;--awb-spacing-left-large:7.68%;--awb-width-medium:100%;--awb-order-medium:0;--awb-spacing-right-medium:1.92%;--awb-spacing-left-medium:1.92%;--awb-width-small:100%;--awb-order-small:0;--awb-spacing-right-small:1.92%;--awb-spacing-left-small:1.92%;\"><div class=\"fusion-column-wrapper fusion-column-has-shadow fusion-flex-justify-content-flex-start fusion-content-layout-column\"><div class=\"fusion-image-element \" style=\"text-align:right;--awb-caption-title-font-family:var(--h2_typography-font-family);--awb-caption-title-font-weight:var(--h2_typography-font-weight);--awb-caption-title-font-style:var(--h2_typography-font-style);--awb-caption-title-size:var(--h2_typography-font-size);--awb-caption-title-transform:var(--h2_typography-text-transform);--awb-caption-title-line-height:var(--h2_typography-line-height);--awb-caption-title-letter-spacing:var(--h2_typography-letter-spacing);\"><span class=\" fusion-imageframe imageframe-none imageframe-3 hover-type-none\"><img decoding=\"async\" width=\"173\" height=\"79\" alt=\"Logo REDTTU\" title=\"Logo REDTTU\" src=\"https:\/\/www.redttu.edu.co\/es\/wp-content\/uploads\/2019\/03\/logo_x2.jpg\" class=\"img-responsive wp-image-3289\"\/><\/span><\/div><div class=\"fusion-text fusion-text-2\"><p style=\"text-align: right;\"><span style=\"color: #000000;\">Karen Forero P\u00e1ez<\/span><\/p>\n<p style=\"text-align: right;\"><span style=\"color: #000000;\">Coordinadora de comunicaciones<\/span><\/p>\n<p style=\"text-align: right;\"><span style=\"color: #000000;\">comunicaciones@redttu.edu.co<\/span><\/p>\n<\/div><\/div><\/div><\/div><\/div><\/p>\n","protected":false},"excerpt":{"rendered":"","protected":false},"author":1,"featured_media":6756,"comment_status":"closed","ping_status":"closed","sticky":false,"template":"","format":"standard","meta":{"footnotes":""},"categories":[20],"tags":[1044,1058,1013,1055,1011,1065,1052,725,1064,1048,1056,1051,1061,1010,427,1057,1059,1050,1062,1054,1046,1047,1060,1063,1049,1045,1053],"class_list":["post-6754","post","type-post","status-publish","format-standard","has-post-thumbnail","hentry","category-noticias","tag-23-de-julio-de-2023","tag-alberto-samudio-t-cia-ltda","tag-arquitectura-colonial-religiosa","tag-aval-del-gobernador-augusto-de-pombo-pareja","tag-bien-de-interes-cultural","tag-calidad-que-trasciende","tag-carcel-y-penitenciaria","tag-cartagena-de-indias","tag-conocimiento-certero","tag-convento-san-diego","tag-eduardo-lemaitre-roman","tag-escuela-de-nautica","tag-identidad-y-pertenencia","tag-institucion-de-educacion-superior","tag-institucion-universitaria-bellas-artes-y-ciencias-de-bolivar-unibac","tag-intervenciones-arquitectonicas","tag-jaime-correa-velez","tag-jorge-fernandez-gramajo","tag-legado-historico","tag-lote-posterior","tag-ministerio-de-cultura","tag-monumento-nacional","tag-patrimonio-cultural","tag-preservacion-del-patrimonio","tag-representatividad-cultural","tag-resolucion-1121","tag-unidad-psiquiatrica"],"_links":{"self":[{"href":"https:\/\/www.redttu.edu.co\/es\/wp-json\/wp\/v2\/posts\/6754","targetHints":{"allow":["GET"]}}],"collection":[{"href":"https:\/\/www.redttu.edu.co\/es\/wp-json\/wp\/v2\/posts"}],"about":[{"href":"https:\/\/www.redttu.edu.co\/es\/wp-json\/wp\/v2\/types\/post"}],"author":[{"embeddable":true,"href":"https:\/\/www.redttu.edu.co\/es\/wp-json\/wp\/v2\/users\/1"}],"replies":[{"embeddable":true,"href":"https:\/\/www.redttu.edu.co\/es\/wp-json\/wp\/v2\/comments?post=6754"}],"version-history":[{"count":2,"href":"https:\/\/www.redttu.edu.co\/es\/wp-json\/wp\/v2\/posts\/6754\/revisions"}],"predecessor-version":[{"id":6757,"href":"https:\/\/www.redttu.edu.co\/es\/wp-json\/wp\/v2\/posts\/6754\/revisions\/6757"}],"wp:featuredmedia":[{"embeddable":true,"href":"https:\/\/www.redttu.edu.co\/es\/wp-json\/wp\/v2\/media\/6756"}],"wp:attachment":[{"href":"https:\/\/www.redttu.edu.co\/es\/wp-json\/wp\/v2\/media?parent=6754"}],"wp:term":[{"taxonomy":"category","embeddable":true,"href":"https:\/\/www.redttu.edu.co\/es\/wp-json\/wp\/v2\/categories?post=6754"},{"taxonomy":"post_tag","embeddable":true,"href":"https:\/\/www.redttu.edu.co\/es\/wp-json\/wp\/v2\/tags?post=6754"}],"curies":[{"name":"wp","href":"https:\/\/api.w.org\/{rel}","templated":true}]}}