{"id":6745,"date":"2023-08-15T10:12:35","date_gmt":"2023-08-15T15:12:35","guid":{"rendered":"https:\/\/www.redttu.edu.co\/es\/?p=6745"},"modified":"2023-08-15T10:18:20","modified_gmt":"2023-08-15T15:18:20","slug":"22-anos-forjando-historia-unibac-ya-tiene-sede-propia","status":"publish","type":"post","link":"https:\/\/www.redttu.edu.co\/es\/22-anos-forjando-historia-unibac-ya-tiene-sede-propia\/","title":{"rendered":"22 A\u00d1OS FORJANDO HISTORIA, UNIBAC YA TIENE  SEDE PROPIA"},"content":{"rendered":"<p><div class=\"fusion-fullwidth fullwidth-box fusion-builder-row-1 fusion-flex-container has-pattern-background has-mask-background nonhundred-percent-fullwidth non-hundred-percent-height-scrolling\" style=\"--awb-border-radius-top-left:0px;--awb-border-radius-top-right:0px;--awb-border-radius-bottom-right:0px;--awb-border-radius-bottom-left:0px;--awb-flex-wrap:wrap;\" ><div class=\"fusion-builder-row fusion-row fusion-flex-align-items-flex-start fusion-flex-content-wrap\" style=\"max-width:1144px;margin-left: calc(-4% \/ 2 );margin-right: calc(-4% \/ 2 );\"><div class=\"fusion-layout-column fusion_builder_column fusion-builder-column-0 fusion_builder_column_1_4 1_4 fusion-flex-column\" style=\"--awb-bg-size:cover;--awb-width-large:25%;--awb-margin-top-large:0px;--awb-spacing-right-large:7.68%;--awb-margin-bottom-large:20px;--awb-spacing-left-large:7.68%;--awb-width-medium:100%;--awb-order-medium:0;--awb-spacing-right-medium:1.92%;--awb-spacing-left-medium:1.92%;--awb-width-small:100%;--awb-order-small:0;--awb-spacing-right-small:1.92%;--awb-spacing-left-small:1.92%;\"><div class=\"fusion-column-wrapper fusion-column-has-shadow fusion-flex-justify-content-flex-start fusion-content-layout-column\"><div class=\"fusion-image-element \" style=\"--awb-caption-title-font-family:var(--h2_typography-font-family);--awb-caption-title-font-weight:var(--h2_typography-font-weight);--awb-caption-title-font-style:var(--h2_typography-font-style);--awb-caption-title-size:var(--h2_typography-font-size);--awb-caption-title-transform:var(--h2_typography-text-transform);--awb-caption-title-line-height:var(--h2_typography-line-height);--awb-caption-title-letter-spacing:var(--h2_typography-letter-spacing);\"><span class=\" fusion-imageframe imageframe-none imageframe-1 hover-type-none\"><img decoding=\"async\" width=\"173\" height=\"79\" alt=\"Logo REDTTU\" title=\"Logo REDTTU\" src=\"https:\/\/www.redttu.edu.co\/es\/wp-content\/uploads\/2019\/03\/logo_x2.jpg\" class=\"img-responsive wp-image-3289\"\/><\/span><\/div><\/div><\/div><div class=\"fusion-layout-column fusion_builder_column fusion-builder-column-1 fusion_builder_column_1_4 1_4 fusion-flex-column\" style=\"--awb-bg-size:cover;--awb-width-large:25%;--awb-margin-top-large:0px;--awb-spacing-right-large:7.68%;--awb-margin-bottom-large:20px;--awb-spacing-left-large:7.68%;--awb-width-medium:100%;--awb-order-medium:0;--awb-spacing-right-medium:1.92%;--awb-spacing-left-medium:1.92%;--awb-width-small:100%;--awb-order-small:0;--awb-spacing-right-small:1.92%;--awb-spacing-left-small:1.92%;\"><div class=\"fusion-column-wrapper fusion-column-has-shadow fusion-flex-justify-content-flex-start fusion-content-layout-column\"><\/div><\/div><div class=\"fusion-layout-column fusion_builder_column fusion-builder-column-2 fusion_builder_column_1_4 1_4 fusion-flex-column\" style=\"--awb-bg-size:cover;--awb-width-large:25%;--awb-margin-top-large:0px;--awb-spacing-right-large:7.68%;--awb-margin-bottom-large:20px;--awb-spacing-left-large:7.68%;--awb-width-medium:100%;--awb-order-medium:0;--awb-spacing-right-medium:1.92%;--awb-spacing-left-medium:1.92%;--awb-width-small:100%;--awb-order-small:0;--awb-spacing-right-small:1.92%;--awb-spacing-left-small:1.92%;\"><div class=\"fusion-column-wrapper fusion-column-has-shadow fusion-flex-justify-content-flex-start fusion-content-layout-column\"><\/div><\/div><div class=\"fusion-layout-column fusion_builder_column fusion-builder-column-3 fusion_builder_column_1_4 1_4 fusion-flex-column\" style=\"--awb-bg-size:cover;--awb-width-large:25%;--awb-margin-top-large:0px;--awb-spacing-right-large:7.68%;--awb-margin-bottom-large:20px;--awb-spacing-left-large:7.68%;--awb-width-medium:100%;--awb-order-medium:0;--awb-spacing-right-medium:1.92%;--awb-spacing-left-medium:1.92%;--awb-width-small:100%;--awb-order-small:0;--awb-spacing-right-small:1.92%;--awb-spacing-left-small:1.92%;\"><div class=\"fusion-column-wrapper fusion-column-has-shadow fusion-flex-justify-content-flex-start fusion-content-layout-column\"><div class=\"fusion-image-element \" style=\"--awb-caption-title-font-family:var(--h2_typography-font-family);--awb-caption-title-font-weight:var(--h2_typography-font-weight);--awb-caption-title-font-style:var(--h2_typography-font-style);--awb-caption-title-size:var(--h2_typography-font-size);--awb-caption-title-transform:var(--h2_typography-text-transform);--awb-caption-title-line-height:var(--h2_typography-line-height);--awb-caption-title-letter-spacing:var(--h2_typography-letter-spacing);\"><span class=\" fusion-imageframe imageframe-none imageframe-2 hover-type-none\"><img decoding=\"async\" width=\"436\" height=\"521\" alt=\"6. UNIBAC\" title=\"6. UNIBAC\" src=\"https:\/\/www.redttu.edu.co\/es\/wp-content\/uploads\/2015\/12\/6.-UNIBAC.png\" class=\"img-responsive wp-image-5953\" srcset=\"https:\/\/www.redttu.edu.co\/es\/wp-content\/uploads\/2015\/12\/6.-UNIBAC-200x239.png 200w, https:\/\/www.redttu.edu.co\/es\/wp-content\/uploads\/2015\/12\/6.-UNIBAC-400x478.png 400w, https:\/\/www.redttu.edu.co\/es\/wp-content\/uploads\/2015\/12\/6.-UNIBAC.png 436w\" sizes=\"(max-width: 1024px) 100vw, (max-width: 640px) 100vw, 400px\" \/><\/span><\/div><\/div><\/div><\/div><\/div><div class=\"fusion-fullwidth fullwidth-box fusion-builder-row-2 fusion-flex-container has-pattern-background has-mask-background nonhundred-percent-fullwidth non-hundred-percent-height-scrolling\" style=\"--awb-border-radius-top-left:0px;--awb-border-radius-top-right:0px;--awb-border-radius-bottom-right:0px;--awb-border-radius-bottom-left:0px;--awb-flex-wrap:wrap;\" ><div class=\"fusion-builder-row fusion-row fusion-flex-align-items-flex-start fusion-flex-content-wrap\" style=\"max-width:1144px;margin-left: calc(-4% \/ 2 );margin-right: calc(-4% \/ 2 );\"><div class=\"fusion-layout-column fusion_builder_column fusion-builder-column-4 fusion_builder_column_1_1 1_1 fusion-flex-column\" style=\"--awb-bg-size:cover;--awb-width-large:100%;--awb-margin-top-large:0px;--awb-spacing-right-large:1.92%;--awb-margin-bottom-large:20px;--awb-spacing-left-large:1.92%;--awb-width-medium:100%;--awb-order-medium:0;--awb-spacing-right-medium:1.92%;--awb-spacing-left-medium:1.92%;--awb-width-small:100%;--awb-order-small:0;--awb-spacing-right-small:1.92%;--awb-spacing-left-small:1.92%;\"><div class=\"fusion-column-wrapper fusion-column-has-shadow fusion-flex-justify-content-flex-start fusion-content-layout-column\"><div class=\"fusion-title title fusion-title-1 fusion-title-text fusion-title-size-one\"><div class=\"title-sep-container title-sep-container-left fusion-no-large-visibility fusion-no-medium-visibility fusion-no-small-visibility\"><div class=\"title-sep sep-double sep-solid\" style=\"border-color:#e0dede;\"><\/div><\/div><span class=\"awb-title-spacer fusion-no-large-visibility fusion-no-medium-visibility fusion-no-small-visibility\"><\/span><h1 class=\"fusion-title-heading title-heading-left fusion-responsive-typography-calculated\" style=\"margin:0;--fontSize:34;line-height:1.41;\"><h1><strong> 22 A\u00d1OS FORJANDO HISTORIA, UNIBAC YA TIENE SEDE PROPIA<\/strong><\/h1><\/h1><span class=\"awb-title-spacer\"><\/span><div class=\"title-sep-container title-sep-container-right\"><div class=\"title-sep sep-double sep-solid\" style=\"border-color:#e0dede;\"><\/div><\/div><\/div><\/div><\/div><\/div><\/div><div class=\"fusion-fullwidth fullwidth-box fusion-builder-row-3 fusion-flex-container has-pattern-background has-mask-background nonhundred-percent-fullwidth non-hundred-percent-height-scrolling\" style=\"--awb-border-radius-top-left:0px;--awb-border-radius-top-right:0px;--awb-border-radius-bottom-right:0px;--awb-border-radius-bottom-left:0px;--awb-flex-wrap:wrap;\" ><div class=\"fusion-builder-row fusion-row fusion-flex-align-items-flex-start fusion-flex-content-wrap\" style=\"max-width:1144px;margin-left: calc(-4% \/ 2 );margin-right: calc(-4% \/ 2 );\"><div class=\"fusion-layout-column fusion_builder_column fusion-builder-column-5 fusion_builder_column_1_1 1_1 fusion-flex-column\" style=\"--awb-bg-size:cover;--awb-width-large:100%;--awb-margin-top-large:0px;--awb-spacing-right-large:1.92%;--awb-margin-bottom-large:20px;--awb-spacing-left-large:1.92%;--awb-width-medium:100%;--awb-order-medium:0;--awb-spacing-right-medium:1.92%;--awb-spacing-left-medium:1.92%;--awb-width-small:100%;--awb-order-small:0;--awb-spacing-right-small:1.92%;--awb-spacing-left-small:1.92%;\"><div class=\"fusion-column-wrapper fusion-column-has-shadow fusion-flex-justify-content-flex-start fusion-content-layout-column\"><div class=\"fusion-text fusion-text-1\"><p style=\"text-align: justify;\"><span style=\"color: #000000;\"><strong>Cartagena de Indias, 25 de julio de 2023<\/strong><\/span><\/p>\n<p style=\"text-align: justify;\"><span style=\"color: #000000;\">A trav\u00e9s de la Escritura No. 1490 del 26 de julio de 2001, firmada por el entonces Gobernador de Bol\u00edvar, Luis Daniel Vargas S\u00e1nchez, quien cede, y la rectora, Sacra N\u00e1der David, quien recibe, finalmente se concreta un hito: la Escuela Superior de Bellas Artes, hoy Unibac, asegura su propio espacio. En el escenario de este logro estuvieron presentes el Ministro de Educaci\u00f3n Nacional, Francisco Jos\u00e9 Lloreda Mera, y miembros de la comunidad local, quienes presenciaron la ceremonia de traspaso de propiedad. Este evento marc\u00f3 un punto de inflexi\u00f3n al desterrar de una vez por todas el temor al desalojo que hab\u00eda amenazado a Bellas Artes durante m\u00e1s de un siglo.<\/span><\/p>\n<p style=\"text-align: justify;\"><span style=\"color: #000000;\">La determinaci\u00f3n de la rectora Sacra N\u00e1der David impuls\u00f3 la iniciativa de obtener una sede aut\u00f3noma y debidamente documentada. En julio de 2001, consigui\u00f3 que el Convento de San Diego fuera inscrito a nombre de la entonces Escuela Superior de Bellas Artes Cartagena de Indias. Esto sucedi\u00f3 apenas unos meses despu\u00e9s de obtener la aprobaci\u00f3n del Ministerio de Educaci\u00f3n Nacional para que Bellas Artes fuera reconocida como Instituci\u00f3n de Educaci\u00f3n Superior. En el mismo mes, logr\u00f3 que el convento fuera oficialmente declarado Bien de Inter\u00e9s Cultural a nivel nacional, a trav\u00e9s de la Resoluci\u00f3n 1121 de 2001.<\/span><\/p>\n<p style=\"text-align: justify;\"><span style=\"color: #000000;\">El Convento San Diego, con su arquitectura colonial religiosa y su herencia de detalles coloniales, es un testimonio cultural. Su relevancia trasciende tanto a nivel departamental como nacional, siendo un punto de referencia en ambos contextos.<\/span><\/p>\n<p style=\"text-align: justify;\"><span style=\"color: #000000;\">Desde finales de 1976, el Convento e Iglesia de San Diego han sido la sede principal de Unibac. Esto fue posible gracias a los esfuerzos del presidente de la Academia de la Historia de Cartagena de Indias, Eduardo Lemaitre, y del Gobernador Augusto de Pombo Pareja, quienes gestionaron la cesi\u00f3n del espacio para el funcionamiento de Bellas Artes. En 1983, se suscribi\u00f3 un comodato, pero la propiedad no fue adquirida hasta julio de 2001, al igual que el terreno adyacente, antiguo cementerio, que se obtuvo en diciembre de 2007. Estos eventos permitieron la construcci\u00f3n del Edificio Contempor\u00e1neo.<\/span><\/p>\n<p style=\"text-align: justify;\"><span style=\"color: #000000;\">Bellas Artes ha experimentado transformaciones constantes en su estructura f\u00edsica. En la actualidad, el Complejo Universitario abarca dos edificios: el Convento de San Diego y un edificio contempor\u00e1neo. Este \u00faltimo refleja los avances infraestructurales realizados desde el a\u00f1o 2000 y ofrece un atisbo del entorno formativo y pedag\u00f3gico de la instituci\u00f3n. En 2022, se adquiri\u00f3 el antiguo edificio de la Loter\u00eda de Bol\u00edvar para expandir a\u00fan m\u00e1s la oferta acad\u00e9mica. <\/span><span style=\"color: #000000;\">Con el paso del tiempo, el Convento San Diego se ha convertido en un aliado cultural de Cartagena de Indias. Ha preservado la historia, las artes y los sue\u00f1os de los estudiantes que construyen su futuro en Unibac d\u00eda a d\u00eda.<\/span><\/p>\n<p style=\"text-align: justify;\"><span style=\"color: #000000;\">La evoluci\u00f3n de Unibac es admirable; es el resultado de esfuerzos enfocados en brindar educaci\u00f3n superior de calidad a sus estudiantes. En a\u00f1os recientes, ha obtenido reconocimiento nacional como una instituci\u00f3n universitaria fortalecida, con programas acad\u00e9micos especializados y un compromiso social en el desarrollo cultural y art\u00edstico regional. Uno de sus logros m\u00e1s recientes y significativos es la acreditaci\u00f3n de alta calidad del Programa de M\u00fasica, un hito hacia la excelencia institucional. Desde 2014, tambi\u00e9n ha obtenido certificaci\u00f3n de calidad por parte de Icontec en todos sus procesos institucionales.<\/span><\/p>\n<p style=\"text-align: justify;\"><span style=\"color: #000000;\">Hoy en d\u00eda, muchos visitantes asumen que Unibac es una universidad privada debido al mantenimiento de sus instalaciones, tecnolog\u00eda y profesorado de alto nivel. Sin embargo, su Rectora, Sacra N\u00e1der, con orgullo declara que es una Instituci\u00f3n Universitaria P\u00fablica que ofrece lo mejor para formar a los mejores profesionales. Enfatiza que s\u00f3lo a trav\u00e9s de la inversi\u00f3n en educaci\u00f3n de calidad se logran profesionales de calidad. \u00ab<em><strong>Nuestro compromiso permanece intacto; la transformaci\u00f3n contin\u00faa<\/strong><\/em>\u00ab.<\/span><\/p>\n<\/div><\/div><\/div><\/div><\/div><div class=\"fusion-fullwidth fullwidth-box fusion-builder-row-4 fusion-flex-container has-pattern-background has-mask-background nonhundred-percent-fullwidth non-hundred-percent-height-scrolling\" style=\"--awb-border-radius-top-left:0px;--awb-border-radius-top-right:0px;--awb-border-radius-bottom-right:0px;--awb-border-radius-bottom-left:0px;--awb-flex-wrap:wrap;\" ><div class=\"fusion-builder-row fusion-row fusion-flex-align-items-flex-start fusion-flex-content-wrap\" style=\"max-width:1144px;margin-left: calc(-4% \/ 2 );margin-right: calc(-4% \/ 2 );\"><div class=\"fusion-layout-column fusion_builder_column fusion-builder-column-6 fusion_builder_column_1_4 1_4 fusion-flex-column\" style=\"--awb-bg-size:cover;--awb-width-large:25%;--awb-margin-top-large:0px;--awb-spacing-right-large:7.68%;--awb-margin-bottom-large:20px;--awb-spacing-left-large:7.68%;--awb-width-medium:100%;--awb-order-medium:0;--awb-spacing-right-medium:1.92%;--awb-spacing-left-medium:1.92%;--awb-width-small:100%;--awb-order-small:0;--awb-spacing-right-small:1.92%;--awb-spacing-left-small:1.92%;\"><div class=\"fusion-column-wrapper fusion-column-has-shadow fusion-flex-justify-content-flex-start fusion-content-layout-column\"><\/div><\/div><div class=\"fusion-layout-column fusion_builder_column fusion-builder-column-7 fusion_builder_column_1_4 1_4 fusion-flex-column\" style=\"--awb-bg-size:cover;--awb-width-large:25%;--awb-margin-top-large:0px;--awb-spacing-right-large:7.68%;--awb-margin-bottom-large:20px;--awb-spacing-left-large:7.68%;--awb-width-medium:100%;--awb-order-medium:0;--awb-spacing-right-medium:1.92%;--awb-spacing-left-medium:1.92%;--awb-width-small:100%;--awb-order-small:0;--awb-spacing-right-small:1.92%;--awb-spacing-left-small:1.92%;\"><div class=\"fusion-column-wrapper fusion-column-has-shadow fusion-flex-justify-content-flex-start fusion-content-layout-column\"><\/div><\/div><div class=\"fusion-layout-column fusion_builder_column fusion-builder-column-8 fusion_builder_column_1_4 1_4 fusion-flex-column\" style=\"--awb-bg-size:cover;--awb-width-large:25%;--awb-margin-top-large:0px;--awb-spacing-right-large:7.68%;--awb-margin-bottom-large:20px;--awb-spacing-left-large:7.68%;--awb-width-medium:100%;--awb-order-medium:0;--awb-spacing-right-medium:1.92%;--awb-spacing-left-medium:1.92%;--awb-width-small:100%;--awb-order-small:0;--awb-spacing-right-small:1.92%;--awb-spacing-left-small:1.92%;\"><div class=\"fusion-column-wrapper fusion-column-has-shadow fusion-flex-justify-content-flex-start fusion-content-layout-column\"><\/div><\/div><div class=\"fusion-layout-column fusion_builder_column fusion-builder-column-9 fusion_builder_column_1_4 1_4 fusion-flex-column\" style=\"--awb-bg-size:cover;--awb-width-large:25%;--awb-margin-top-large:0px;--awb-spacing-right-large:7.68%;--awb-margin-bottom-large:20px;--awb-spacing-left-large:7.68%;--awb-width-medium:100%;--awb-order-medium:0;--awb-spacing-right-medium:1.92%;--awb-spacing-left-medium:1.92%;--awb-width-small:100%;--awb-order-small:0;--awb-spacing-right-small:1.92%;--awb-spacing-left-small:1.92%;\"><div class=\"fusion-column-wrapper fusion-column-has-shadow fusion-flex-justify-content-flex-start fusion-content-layout-column\"><div class=\"fusion-image-element \" style=\"--awb-caption-title-font-family:var(--h2_typography-font-family);--awb-caption-title-font-weight:var(--h2_typography-font-weight);--awb-caption-title-font-style:var(--h2_typography-font-style);--awb-caption-title-size:var(--h2_typography-font-size);--awb-caption-title-transform:var(--h2_typography-text-transform);--awb-caption-title-line-height:var(--h2_typography-line-height);--awb-caption-title-letter-spacing:var(--h2_typography-letter-spacing);\"><span class=\" fusion-imageframe imageframe-none imageframe-3 hover-type-none\"><img decoding=\"async\" width=\"173\" height=\"79\" alt=\"Logo REDTTU\" title=\"Logo REDTTU\" src=\"https:\/\/www.redttu.edu.co\/es\/wp-content\/uploads\/2019\/03\/logo_x2.jpg\" class=\"img-responsive wp-image-3289\"\/><\/span><\/div><div class=\"fusion-text fusion-text-2\"><p style=\"text-align: right;\"><span style=\"color: #000000;\">Karen Forero P\u00e1ez<\/span><\/p>\n<p style=\"text-align: right;\"><span style=\"color: #000000;\">Coordinadora de comunicaciones<\/span><\/p>\n<p style=\"text-align: right;\"><span style=\"color: #000000;\">comunicaciones@redttu.edu.co<\/span><\/p>\n<\/div><\/div><\/div><\/div><\/div><\/p>\n","protected":false},"excerpt":{"rendered":"","protected":false},"author":1,"featured_media":5717,"comment_status":"closed","ping_status":"closed","sticky":false,"template":"","format":"standard","meta":{"footnotes":""},"categories":[20],"tags":[994,996,1019,518,1032,1024,1013,1029,218,1011,725,690,1028,925,1036,1004,1009,1018,1016,1006,1007,1025,1020,232,211,995,1000,121,1033,1003,1021,997,1014,1015,921,1008,1010,1042,998,1026,1002,1030,595,1038,1041,1037,1035,1022,1034,999,1017,1012,727,1001,111,1023,1031,1043,1027,1005,49,1040,1039],"class_list":["post-6745","post","type-post","status-publish","format-standard","has-post-thumbnail","hentry","category-noticias","tag-25-de-julio-de-2023","tag-26-de-julio-de-2001","tag-academia-de-la-historia-de-cartagena-de-indias","tag-acreditacion-de-alta-calidad","tag-aliado-cultural","tag-antiguo-cementerio","tag-arquitectura-colonial-religiosa","tag-avances-infraestructurales","tag-bellas-artes","tag-bien-de-interes-cultural","tag-cartagena-de-indias","tag-comodato","tag-complejo-universitario","tag-compromiso","tag-compromiso-social","tag-comunidad-local","tag-convento-de-san-diego","tag-convento-e-iglesia-de-san-diego","tag-departamento","tag-desalojo","tag-determinacion","tag-edificio-contemporaneo","tag-eduardo-lemaitre","tag-educacion-de-calidad","tag-educacion-superior-de-calidad","tag-escritura-no-1490","tag-escuela-superior-de-bellas-artes","tag-estudiantes","tag-evolucion","tag-francisco-jose-lloreda-mera","tag-gobernador-augusto-de-pombo-pareja","tag-gobernador-de-bolivar","tag-herencia","tag-historia","tag-icontec","tag-iniciativa","tag-institucion-de-educacion-superior","tag-inversion","tag-luis-daniel-vargas-sanchez","tag-mejora","tag-ministro-de-educacion-nacional","tag-oferta-academica","tag-presidente","tag-procesos-institucionales","tag-profesorado","tag-programa-de-musica","tag-programas-academicos-especializados","tag-propiedad","tag-reconocimiento-nacional","tag-rectora","tag-referencia","tag-resolucion-1121-de-2001","tag-sacra-nader-david","tag-sede-propia","tag-tecnologia","tag-terreno-adyacente","tag-tiempo","tag-transformacion","tag-transformaciones","tag-traspaso-de-propiedad","tag-unibac","tag-universidad-privada","tag-visitantes"],"_links":{"self":[{"href":"https:\/\/www.redttu.edu.co\/es\/wp-json\/wp\/v2\/posts\/6745","targetHints":{"allow":["GET"]}}],"collection":[{"href":"https:\/\/www.redttu.edu.co\/es\/wp-json\/wp\/v2\/posts"}],"about":[{"href":"https:\/\/www.redttu.edu.co\/es\/wp-json\/wp\/v2\/types\/post"}],"author":[{"embeddable":true,"href":"https:\/\/www.redttu.edu.co\/es\/wp-json\/wp\/v2\/users\/1"}],"replies":[{"embeddable":true,"href":"https:\/\/www.redttu.edu.co\/es\/wp-json\/wp\/v2\/comments?post=6745"}],"version-history":[{"count":2,"href":"https:\/\/www.redttu.edu.co\/es\/wp-json\/wp\/v2\/posts\/6745\/revisions"}],"predecessor-version":[{"id":6747,"href":"https:\/\/www.redttu.edu.co\/es\/wp-json\/wp\/v2\/posts\/6745\/revisions\/6747"}],"wp:featuredmedia":[{"embeddable":true,"href":"https:\/\/www.redttu.edu.co\/es\/wp-json\/wp\/v2\/media\/5717"}],"wp:attachment":[{"href":"https:\/\/www.redttu.edu.co\/es\/wp-json\/wp\/v2\/media?parent=6745"}],"wp:term":[{"taxonomy":"category","embeddable":true,"href":"https:\/\/www.redttu.edu.co\/es\/wp-json\/wp\/v2\/categories?post=6745"},{"taxonomy":"post_tag","embeddable":true,"href":"https:\/\/www.redttu.edu.co\/es\/wp-json\/wp\/v2\/tags?post=6745"}],"curies":[{"name":"wp","href":"https:\/\/api.w.org\/{rel}","templated":true}]}}