{"id":6415,"date":"2023-01-17T15:25:55","date_gmt":"2023-01-17T20:25:55","guid":{"rendered":"https:\/\/www.redttu.edu.co\/es\/?p=6415"},"modified":"2023-01-17T15:25:55","modified_gmt":"2023-01-17T20:25:55","slug":"reuniones-de-trabajo-men-redttu-diciembre-2022-enero-2023","status":"publish","type":"post","link":"https:\/\/www.redttu.edu.co\/es\/reuniones-de-trabajo-men-redttu-diciembre-2022-enero-2023\/","title":{"rendered":"REUNIONES DE TRABAJO MEN\u2013REDTTU DICIEMBRE 2022-ENERO 2023"},"content":{"rendered":"<p><div class=\"fusion-fullwidth fullwidth-box fusion-builder-row-1 fusion-flex-container has-pattern-background has-mask-background nonhundred-percent-fullwidth non-hundred-percent-height-scrolling\" style=\"--awb-border-radius-top-left:0px;--awb-border-radius-top-right:0px;--awb-border-radius-bottom-right:0px;--awb-border-radius-bottom-left:0px;--awb-flex-wrap:wrap;\" ><div class=\"fusion-builder-row fusion-row fusion-flex-align-items-flex-start fusion-flex-content-wrap\" style=\"max-width:1144px;margin-left: calc(-4% \/ 2 );margin-right: calc(-4% \/ 2 );\"><div class=\"fusion-layout-column fusion_builder_column fusion-builder-column-0 fusion_builder_column_1_1 1_1 fusion-flex-column\" style=\"--awb-bg-size:cover;--awb-width-large:100%;--awb-margin-top-large:0px;--awb-spacing-right-large:1.92%;--awb-margin-bottom-large:20px;--awb-spacing-left-large:1.92%;--awb-width-medium:100%;--awb-order-medium:0;--awb-spacing-right-medium:1.92%;--awb-spacing-left-medium:1.92%;--awb-width-small:100%;--awb-order-small:0;--awb-spacing-right-small:1.92%;--awb-spacing-left-small:1.92%;\"><div class=\"fusion-column-wrapper fusion-column-has-shadow fusion-flex-justify-content-flex-start fusion-content-layout-column\"><div class=\"fusion-title title fusion-title-1 fusion-title-text fusion-title-size-one\"><div class=\"title-sep-container title-sep-container-left fusion-no-large-visibility fusion-no-medium-visibility fusion-no-small-visibility\"><div class=\"title-sep sep-double sep-solid\" style=\"border-color:#e0dede;\"><\/div><\/div><span class=\"awb-title-spacer fusion-no-large-visibility fusion-no-medium-visibility fusion-no-small-visibility\"><\/span><h1 class=\"fusion-title-heading title-heading-left fusion-responsive-typography-calculated\" style=\"margin:0;--fontSize:34;line-height:1.41;\"><h1 style=\"text-align: left;\"><span style=\"color: #000000;\"><b>REUNIONES DE TRABAJO MEN\u2013REDTTU <\/b><b>DICIEMBRE 2022-ENERO 2023 <\/b><\/span><\/h1><\/h1><span class=\"awb-title-spacer\"><\/span><div class=\"title-sep-container title-sep-container-right\"><div class=\"title-sep sep-double sep-solid\" style=\"border-color:#e0dede;\"><\/div><\/div><\/div><\/div><\/div><\/div><\/div><div class=\"fusion-fullwidth fullwidth-box fusion-builder-row-2 fusion-flex-container has-pattern-background has-mask-background nonhundred-percent-fullwidth non-hundred-percent-height-scrolling\" style=\"--awb-border-radius-top-left:0px;--awb-border-radius-top-right:0px;--awb-border-radius-bottom-right:0px;--awb-border-radius-bottom-left:0px;--awb-flex-wrap:wrap;\" ><div class=\"fusion-builder-row fusion-row fusion-flex-align-items-flex-start fusion-flex-content-wrap\" style=\"max-width:1144px;margin-left: calc(-4% \/ 2 );margin-right: calc(-4% \/ 2 );\"><div class=\"fusion-layout-column fusion_builder_column fusion-builder-column-1 fusion_builder_column_1_3 1_3 fusion-flex-column\" style=\"--awb-bg-size:cover;--awb-width-large:33.333333333333%;--awb-margin-top-large:0px;--awb-spacing-right-large:5.76%;--awb-margin-bottom-large:20px;--awb-spacing-left-large:5.76%;--awb-width-medium:100%;--awb-order-medium:0;--awb-spacing-right-medium:1.92%;--awb-spacing-left-medium:1.92%;--awb-width-small:100%;--awb-order-small:0;--awb-spacing-right-small:1.92%;--awb-spacing-left-small:1.92%;\"><div class=\"fusion-column-wrapper fusion-column-has-shadow fusion-flex-justify-content-flex-start fusion-content-layout-column\"><\/div><\/div><div class=\"fusion-layout-column fusion_builder_column fusion-builder-column-2 fusion_builder_column_1_3 1_3 fusion-flex-column\" style=\"--awb-bg-size:cover;--awb-width-large:33.333333333333%;--awb-margin-top-large:0px;--awb-spacing-right-large:5.76%;--awb-margin-bottom-large:20px;--awb-spacing-left-large:5.76%;--awb-width-medium:100%;--awb-order-medium:0;--awb-spacing-right-medium:1.92%;--awb-spacing-left-medium:1.92%;--awb-width-small:100%;--awb-order-small:0;--awb-spacing-right-small:1.92%;--awb-spacing-left-small:1.92%;\"><div class=\"fusion-column-wrapper fusion-column-has-shadow fusion-flex-justify-content-flex-start fusion-content-layout-column\"><div class=\"fusion-image-element \" style=\"--awb-caption-title-font-family:var(--h2_typography-font-family);--awb-caption-title-font-weight:var(--h2_typography-font-weight);--awb-caption-title-font-style:var(--h2_typography-font-style);--awb-caption-title-size:var(--h2_typography-font-size);--awb-caption-title-transform:var(--h2_typography-text-transform);--awb-caption-title-line-height:var(--h2_typography-line-height);--awb-caption-title-letter-spacing:var(--h2_typography-letter-spacing);\"><span class=\" fusion-imageframe imageframe-none imageframe-1 hover-type-none\"><img decoding=\"async\" width=\"256\" height=\"363\" alt=\"Flash News\" title=\"Flash News\" src=\"https:\/\/www.redttu.edu.co\/es\/wp-content\/uploads\/2019\/10\/Adobe_Post_20190930_1711220.jpg\" class=\"img-responsive wp-image-4283\"\/><\/span><\/div><\/div><\/div><div class=\"fusion-layout-column fusion_builder_column fusion-builder-column-3 fusion_builder_column_1_3 1_3 fusion-flex-column\" style=\"--awb-bg-size:cover;--awb-width-large:33.333333333333%;--awb-margin-top-large:0px;--awb-spacing-right-large:5.76%;--awb-margin-bottom-large:20px;--awb-spacing-left-large:5.76%;--awb-width-medium:100%;--awb-order-medium:0;--awb-spacing-right-medium:1.92%;--awb-spacing-left-medium:1.92%;--awb-width-small:100%;--awb-order-small:0;--awb-spacing-right-small:1.92%;--awb-spacing-left-small:1.92%;\"><div class=\"fusion-column-wrapper fusion-column-has-shadow fusion-flex-justify-content-flex-start fusion-content-layout-column\"><\/div><\/div><\/div><\/div><div class=\"fusion-fullwidth fullwidth-box fusion-builder-row-3 fusion-flex-container has-pattern-background has-mask-background nonhundred-percent-fullwidth non-hundred-percent-height-scrolling\" style=\"--awb-border-radius-top-left:0px;--awb-border-radius-top-right:0px;--awb-border-radius-bottom-right:0px;--awb-border-radius-bottom-left:0px;--awb-flex-wrap:wrap;\" ><div class=\"fusion-builder-row fusion-row fusion-flex-align-items-flex-start fusion-flex-content-wrap\" style=\"max-width:1144px;margin-left: calc(-4% \/ 2 );margin-right: calc(-4% \/ 2 );\"><div class=\"fusion-layout-column fusion_builder_column fusion-builder-column-4 fusion_builder_column_1_1 1_1 fusion-flex-column\" style=\"--awb-bg-size:cover;--awb-width-large:100%;--awb-margin-top-large:0px;--awb-spacing-right-large:1.92%;--awb-margin-bottom-large:20px;--awb-spacing-left-large:1.92%;--awb-width-medium:100%;--awb-order-medium:0;--awb-spacing-right-medium:1.92%;--awb-spacing-left-medium:1.92%;--awb-width-small:100%;--awb-order-small:0;--awb-spacing-right-small:1.92%;--awb-spacing-left-small:1.92%;\"><div class=\"fusion-column-wrapper fusion-column-has-shadow fusion-flex-justify-content-flex-start fusion-content-layout-column\"><div class=\"fusion-text fusion-text-1\"><p style=\"text-align: justify;\"><span style=\"color: #000000;\"><b>Bogot\u00e1, 22 de diciembre de 2022<\/b><\/span><\/p>\n<p style=\"text-align: justify;\"><span style=\"font-weight: 400; color: #000000;\">La REDTTU sostuvo una reuni\u00f3n con la Viceministra de Educaci\u00f3n Superior, la Direcci\u00f3n de Fomento y\u00a0 la Direcci\u00f3n de Calidad del Ministerio de Educaci\u00f3n Nacional,\u00a0 para dialogar sobre los avances obtenidos por la Mesa T\u00e9cnica para la reforma de los art\u00edculos 86 y 87\u00a0 de la Ley 30 de 1992 en los que la REDTTU estuvo representada por su presidente rector Gustavo Rubio Lozano del Instituto T\u00e9cnico Agr\u00edcola de Buga &#8211; ITA,\u00a0 el\u00a0 vicepresidente rector Leonardo Garc\u00eda Botero de la Instituci\u00f3n Universitaria Tecnol\u00f3gico de Antioquia &#8211; TdeA,\u00a0 y la coordinadora del Comit\u00e9 T\u00e9cnico Financiero REDTTU, vicerrectora M\u00f3nica G\u00f3mez; se trataron tambi\u00e9n aspectos relacionados con los planes de fomento 2022 y la proyecci\u00f3n para el 2023, el programa de gratuidad en la educaci\u00f3n superior, la propuesta de regionalizaci\u00f3n, la ampliaci\u00f3n de 500 mil nuevos cupos en\u00a0 educaci\u00f3n superior p\u00fablica, las reformas al decreto 1330 y los ajustes normativos al Sistema de Aseguramiento de la Calidad, y la presentaci\u00f3n del modelo de distribuci\u00f3n de los recursos para gratuidad de la educaci\u00f3n superior para el a\u00f1o 2023, entre otros aspectos. Esta reuni\u00f3n cont\u00f3 con la representaci\u00f3n de varias ITTUP entre ellas los rectores del ITA, UNIPAZ, UNIAJC, ITM, Infotep San Juan del Cesar e Infotep Ci\u00e9naga, UTS, IUB, Pascual Bravo y UNIMAYOR Cauca, as\u00ed mismo los vicerrectores administrativos y financieros \u00a0 de UNIAJC, ITM, UTS e ITFIP. Como continuidad del proceso de construcci\u00f3n de la agenda de trabajo MEN &#8211; REDTTU 2023, la viceministra Aurora Vergara propuso reunirnos el 12 de enero para continuar la discusi\u00f3n sobre estos temas.<\/span><\/p>\n<\/div><\/div><\/div><\/div><\/div><div class=\"fusion-fullwidth fullwidth-box fusion-builder-row-4 fusion-flex-container has-pattern-background has-mask-background nonhundred-percent-fullwidth non-hundred-percent-height-scrolling\" style=\"--awb-border-radius-top-left:0px;--awb-border-radius-top-right:0px;--awb-border-radius-bottom-right:0px;--awb-border-radius-bottom-left:0px;--awb-flex-wrap:wrap;\" ><div class=\"fusion-builder-row fusion-row fusion-flex-align-items-flex-start fusion-flex-content-wrap\" style=\"max-width:1144px;margin-left: calc(-4% \/ 2 );margin-right: calc(-4% \/ 2 );\"><div class=\"fusion-layout-column fusion_builder_column fusion-builder-column-5 fusion_builder_column_1_2 1_2 fusion-flex-column\" style=\"--awb-bg-size:cover;--awb-width-large:50%;--awb-margin-top-large:0px;--awb-spacing-right-large:3.84%;--awb-margin-bottom-large:20px;--awb-spacing-left-large:3.84%;--awb-width-medium:100%;--awb-order-medium:0;--awb-spacing-right-medium:1.92%;--awb-spacing-left-medium:1.92%;--awb-width-small:100%;--awb-order-small:0;--awb-spacing-right-small:1.92%;--awb-spacing-left-small:1.92%;\"><div class=\"fusion-column-wrapper fusion-column-has-shadow fusion-flex-justify-content-flex-start fusion-content-layout-column\"><div class=\"fusion-image-element \" style=\"--awb-caption-title-font-family:var(--h2_typography-font-family);--awb-caption-title-font-weight:var(--h2_typography-font-weight);--awb-caption-title-font-style:var(--h2_typography-font-style);--awb-caption-title-size:var(--h2_typography-font-size);--awb-caption-title-transform:var(--h2_typography-text-transform);--awb-caption-title-line-height:var(--h2_typography-line-height);--awb-caption-title-letter-spacing:var(--h2_typography-letter-spacing);\"><span class=\" fusion-imageframe imageframe-none imageframe-2 hover-type-none\"><img decoding=\"async\" width=\"678\" height=\"432\" alt=\"Fotograf\u00edas propiedad del Dpto. de Comunicaciones REDTTU\" title=\"Fotograf\u00edas propiedad del Dpto. de Comunicaciones REDTTU\" src=\"https:\/\/www.redttu.edu.co\/es\/wp-content\/uploads\/2023\/01\/Captura-de-pantalla-2023-01-17-a-las-3.15.12-p.m..png\" class=\"img-responsive wp-image-6418\" srcset=\"https:\/\/www.redttu.edu.co\/es\/wp-content\/uploads\/2023\/01\/Captura-de-pantalla-2023-01-17-a-las-3.15.12-p.m.-200x127.png 200w, https:\/\/www.redttu.edu.co\/es\/wp-content\/uploads\/2023\/01\/Captura-de-pantalla-2023-01-17-a-las-3.15.12-p.m.-400x255.png 400w, https:\/\/www.redttu.edu.co\/es\/wp-content\/uploads\/2023\/01\/Captura-de-pantalla-2023-01-17-a-las-3.15.12-p.m.-600x382.png 600w, https:\/\/www.redttu.edu.co\/es\/wp-content\/uploads\/2023\/01\/Captura-de-pantalla-2023-01-17-a-las-3.15.12-p.m..png 678w\" sizes=\"(max-width: 1024px) 100vw, (max-width: 640px) 100vw, 600px\" \/><\/span><\/div><\/div><\/div><div class=\"fusion-layout-column fusion_builder_column fusion-builder-column-6 fusion_builder_column_1_2 1_2 fusion-flex-column\" style=\"--awb-bg-size:cover;--awb-width-large:50%;--awb-margin-top-large:0px;--awb-spacing-right-large:3.84%;--awb-margin-bottom-large:20px;--awb-spacing-left-large:3.84%;--awb-width-medium:100%;--awb-order-medium:0;--awb-spacing-right-medium:1.92%;--awb-spacing-left-medium:1.92%;--awb-width-small:100%;--awb-order-small:0;--awb-spacing-right-small:1.92%;--awb-spacing-left-small:1.92%;\"><div class=\"fusion-column-wrapper fusion-column-has-shadow fusion-flex-justify-content-flex-start fusion-content-layout-column\"><div class=\"fusion-image-element \" style=\"--awb-caption-title-font-family:var(--h2_typography-font-family);--awb-caption-title-font-weight:var(--h2_typography-font-weight);--awb-caption-title-font-style:var(--h2_typography-font-style);--awb-caption-title-size:var(--h2_typography-font-size);--awb-caption-title-transform:var(--h2_typography-text-transform);--awb-caption-title-line-height:var(--h2_typography-line-height);--awb-caption-title-letter-spacing:var(--h2_typography-letter-spacing);\"><span class=\" fusion-imageframe imageframe-none imageframe-3 hover-type-none\"><img decoding=\"async\" width=\"664\" height=\"311\" alt=\"Fotograf\u00edas propiedad del Dpto. de Comunicaciones REDTTU\" title=\"Fotograf\u00edas propiedad del Dpto. de Comunicaciones REDTTU\" src=\"https:\/\/www.redttu.edu.co\/es\/wp-content\/uploads\/2023\/01\/Captura-de-pantalla-2023-01-17-a-las-3.13.56-p.m..png\" class=\"img-responsive wp-image-6417\" srcset=\"https:\/\/www.redttu.edu.co\/es\/wp-content\/uploads\/2023\/01\/Captura-de-pantalla-2023-01-17-a-las-3.13.56-p.m.-200x94.png 200w, https:\/\/www.redttu.edu.co\/es\/wp-content\/uploads\/2023\/01\/Captura-de-pantalla-2023-01-17-a-las-3.13.56-p.m.-400x187.png 400w, https:\/\/www.redttu.edu.co\/es\/wp-content\/uploads\/2023\/01\/Captura-de-pantalla-2023-01-17-a-las-3.13.56-p.m.-600x281.png 600w, https:\/\/www.redttu.edu.co\/es\/wp-content\/uploads\/2023\/01\/Captura-de-pantalla-2023-01-17-a-las-3.13.56-p.m..png 664w\" sizes=\"(max-width: 1024px) 100vw, (max-width: 640px) 100vw, 600px\" \/><\/span><\/div><\/div><\/div><\/div><\/div><div class=\"fusion-fullwidth fullwidth-box fusion-builder-row-5 fusion-flex-container has-pattern-background has-mask-background nonhundred-percent-fullwidth non-hundred-percent-height-scrolling\" style=\"--awb-border-radius-top-left:0px;--awb-border-radius-top-right:0px;--awb-border-radius-bottom-right:0px;--awb-border-radius-bottom-left:0px;--awb-flex-wrap:wrap;\" ><div class=\"fusion-builder-row fusion-row fusion-flex-align-items-flex-start fusion-flex-content-wrap\" style=\"max-width:1144px;margin-left: calc(-4% \/ 2 );margin-right: calc(-4% \/ 2 );\"><div class=\"fusion-layout-column fusion_builder_column fusion-builder-column-7 fusion_builder_column_1_1 1_1 fusion-flex-column\" style=\"--awb-bg-size:cover;--awb-width-large:100%;--awb-margin-top-large:0px;--awb-spacing-right-large:1.92%;--awb-margin-bottom-large:20px;--awb-spacing-left-large:1.92%;--awb-width-medium:100%;--awb-order-medium:0;--awb-spacing-right-medium:1.92%;--awb-spacing-left-medium:1.92%;--awb-width-small:100%;--awb-order-small:0;--awb-spacing-right-small:1.92%;--awb-spacing-left-small:1.92%;\"><div class=\"fusion-column-wrapper fusion-column-has-shadow fusion-flex-justify-content-flex-start fusion-content-layout-column\"><div class=\"fusion-title title fusion-title-2 fusion-title-text fusion-title-size-one\"><div class=\"title-sep-container title-sep-container-left fusion-no-large-visibility fusion-no-medium-visibility fusion-no-small-visibility\"><div class=\"title-sep sep-double sep-solid\" style=\"border-color:#e0dede;\"><\/div><\/div><span class=\"awb-title-spacer fusion-no-large-visibility fusion-no-medium-visibility fusion-no-small-visibility\"><\/span><h1 class=\"fusion-title-heading title-heading-left fusion-responsive-typography-calculated\" style=\"margin:0;--fontSize:34;line-height:1.41;\"><h1><span style=\"color: #000000;\">LA REDTTU RATIFICA COMPROMISOS CON EL MEN PARA EL 2023<\/span><\/h1><\/h1><span class=\"awb-title-spacer\"><\/span><div class=\"title-sep-container title-sep-container-right\"><div class=\"title-sep sep-double sep-solid\" style=\"border-color:#e0dede;\"><\/div><\/div><\/div><\/div><\/div><\/div><\/div><div class=\"fusion-fullwidth fullwidth-box fusion-builder-row-6 fusion-flex-container has-pattern-background has-mask-background nonhundred-percent-fullwidth non-hundred-percent-height-scrolling\" style=\"--awb-border-radius-top-left:0px;--awb-border-radius-top-right:0px;--awb-border-radius-bottom-right:0px;--awb-border-radius-bottom-left:0px;--awb-flex-wrap:wrap;\" ><div class=\"fusion-builder-row fusion-row fusion-flex-align-items-flex-start fusion-flex-content-wrap\" style=\"max-width:1144px;margin-left: calc(-4% \/ 2 );margin-right: calc(-4% \/ 2 );\"><div class=\"fusion-layout-column fusion_builder_column fusion-builder-column-8 fusion_builder_column_1_1 1_1 fusion-flex-column\" style=\"--awb-bg-size:cover;--awb-width-large:100%;--awb-margin-top-large:0px;--awb-spacing-right-large:1.92%;--awb-margin-bottom-large:20px;--awb-spacing-left-large:1.92%;--awb-width-medium:100%;--awb-order-medium:0;--awb-spacing-right-medium:1.92%;--awb-spacing-left-medium:1.92%;--awb-width-small:100%;--awb-order-small:0;--awb-spacing-right-small:1.92%;--awb-spacing-left-small:1.92%;\"><div class=\"fusion-column-wrapper fusion-column-has-shadow fusion-flex-justify-content-flex-start fusion-content-layout-column\"><div class=\"fusion-text fusion-text-2\"><p style=\"text-align: justify;\"><span style=\"color: #000000;\"><b>Bogot\u00e1, 12 de enero de 2023<\/b><\/span><\/p>\n<p style=\"text-align: justify;\"><span style=\"color: #000000;\"><span style=\"font-weight: 400;\">El jueves 12 de enero la REDTTU ratific\u00f3 su firme compromiso de acompa\u00f1ar la propuesta del MEN sobre la reforma\u00a0 de los art. 86 y 87 de la Ley 30\/1992, y\u00a0 de contribuir con un documento t\u00e9cnico que ha de precisar las expectativas de las 30 ITTUP respecto de la financiaci\u00f3n sostenible de la educaci\u00f3n superior p\u00fablica en los a\u00f1os venideros; y contribuir asimismo al desarrollo del cap\u00edtulo sobre educaci\u00f3n previsto en el Plan Nacional de Desarrollo \u201c<\/span><i><span style=\"font-weight: 400;\">Colombia, Potencial mundial de la vida 2022-2026<\/span><\/i><span style=\"font-weight: 400;\">\u201d.<\/span><\/span><\/p>\n<\/div><div class=\"fusion-image-element \" style=\"text-align:center;--awb-caption-title-font-family:var(--h2_typography-font-family);--awb-caption-title-font-weight:var(--h2_typography-font-weight);--awb-caption-title-font-style:var(--h2_typography-font-style);--awb-caption-title-size:var(--h2_typography-font-size);--awb-caption-title-transform:var(--h2_typography-text-transform);--awb-caption-title-line-height:var(--h2_typography-line-height);--awb-caption-title-letter-spacing:var(--h2_typography-letter-spacing);\"><span class=\" fusion-imageframe imageframe-none imageframe-4 hover-type-none\"><img decoding=\"async\" width=\"718\" height=\"440\" alt=\"Fotograf\u00eda propiedad del Dpto. de Comunicaciones REDTTU\" title=\"Fotograf\u00eda propiedad del Dpto. de Comunicaciones REDTTU\" src=\"https:\/\/www.redttu.edu.co\/es\/wp-content\/uploads\/2023\/01\/Captura-de-pantalla-2023-01-17-a-las-3.17.37-p.m..png\" class=\"img-responsive wp-image-6419\" srcset=\"https:\/\/www.redttu.edu.co\/es\/wp-content\/uploads\/2023\/01\/Captura-de-pantalla-2023-01-17-a-las-3.17.37-p.m.-200x123.png 200w, https:\/\/www.redttu.edu.co\/es\/wp-content\/uploads\/2023\/01\/Captura-de-pantalla-2023-01-17-a-las-3.17.37-p.m.-400x245.png 400w, https:\/\/www.redttu.edu.co\/es\/wp-content\/uploads\/2023\/01\/Captura-de-pantalla-2023-01-17-a-las-3.17.37-p.m.-600x368.png 600w, https:\/\/www.redttu.edu.co\/es\/wp-content\/uploads\/2023\/01\/Captura-de-pantalla-2023-01-17-a-las-3.17.37-p.m..png 718w\" sizes=\"(max-width: 1024px) 100vw, (max-width: 640px) 100vw, 718px\" \/><\/span><\/div><\/div><\/div><\/div><\/div><div class=\"fusion-fullwidth fullwidth-box fusion-builder-row-7 fusion-flex-container has-pattern-background has-mask-background nonhundred-percent-fullwidth non-hundred-percent-height-scrolling\" style=\"--awb-border-radius-top-left:0px;--awb-border-radius-top-right:0px;--awb-border-radius-bottom-right:0px;--awb-border-radius-bottom-left:0px;--awb-flex-wrap:wrap;\" ><div class=\"fusion-builder-row fusion-row fusion-flex-align-items-flex-start fusion-flex-content-wrap\" style=\"max-width:1144px;margin-left: calc(-4% \/ 2 );margin-right: calc(-4% \/ 2 );\"><div class=\"fusion-layout-column fusion_builder_column fusion-builder-column-9 fusion_builder_column_1_1 1_1 fusion-flex-column\" style=\"--awb-bg-size:cover;--awb-width-large:100%;--awb-margin-top-large:0px;--awb-spacing-right-large:1.92%;--awb-margin-bottom-large:20px;--awb-spacing-left-large:1.92%;--awb-width-medium:100%;--awb-order-medium:0;--awb-spacing-right-medium:1.92%;--awb-spacing-left-medium:1.92%;--awb-width-small:100%;--awb-order-small:0;--awb-spacing-right-small:1.92%;--awb-spacing-left-small:1.92%;\"><div class=\"fusion-column-wrapper fusion-column-has-shadow fusion-flex-justify-content-flex-start fusion-content-layout-column\"><div class=\"fusion-text fusion-text-3\"><p style=\"text-align: justify;\"><span style=\"color: #000000;\">El jueves 12 de enero la REDTTU ratific\u00f3 su firme compromiso de acompa\u00f1ar la propuesta del MEN sobre la reforma de los art. 86 y 87 de la Ley 30\/1992, y de contribuir con un documento t\u00e9cnico que ha de precisar las expectativas de las 30 ITTUP respecto de la financiaci\u00f3n sostenible de la educaci\u00f3n superior p\u00fablica en los a\u00f1os venideros; y contribuir asimismo al desarrollo del cap\u00edtulo sobre educaci\u00f3n previsto en el Plan Nacional de Desarrollo \u201cColombia, Potencial mundial de la vida 2022-2026\u201d.<\/span><\/p>\n<\/div><\/div><\/div><\/div><\/div><div class=\"fusion-fullwidth fullwidth-box fusion-builder-row-8 fusion-flex-container has-pattern-background has-mask-background nonhundred-percent-fullwidth non-hundred-percent-height-scrolling\" style=\"--awb-border-radius-top-left:0px;--awb-border-radius-top-right:0px;--awb-border-radius-bottom-right:0px;--awb-border-radius-bottom-left:0px;--awb-flex-wrap:wrap;\" ><div class=\"fusion-builder-row fusion-row fusion-flex-align-items-flex-start fusion-flex-content-wrap\" style=\"max-width:1144px;margin-left: calc(-4% \/ 2 );margin-right: calc(-4% \/ 2 );\"><div class=\"fusion-layout-column fusion_builder_column fusion-builder-column-10 fusion_builder_column_1_1 1_1 fusion-flex-column\" style=\"--awb-bg-size:cover;--awb-width-large:100%;--awb-margin-top-large:0px;--awb-spacing-right-large:1.92%;--awb-margin-bottom-large:20px;--awb-spacing-left-large:1.92%;--awb-width-medium:100%;--awb-order-medium:0;--awb-spacing-right-medium:1.92%;--awb-spacing-left-medium:1.92%;--awb-width-small:100%;--awb-order-small:0;--awb-spacing-right-small:1.92%;--awb-spacing-left-small:1.92%;\"><div class=\"fusion-column-wrapper fusion-column-has-shadow fusion-flex-justify-content-flex-start fusion-content-layout-column\"><div class=\"fusion-image-element \" style=\"text-align:center;--awb-caption-title-font-family:var(--h2_typography-font-family);--awb-caption-title-font-weight:var(--h2_typography-font-weight);--awb-caption-title-font-style:var(--h2_typography-font-style);--awb-caption-title-size:var(--h2_typography-font-size);--awb-caption-title-transform:var(--h2_typography-text-transform);--awb-caption-title-line-height:var(--h2_typography-line-height);--awb-caption-title-letter-spacing:var(--h2_typography-letter-spacing);\"><span class=\" fusion-imageframe imageframe-none imageframe-5 hover-type-none\"><img decoding=\"async\" width=\"619\" height=\"471\" alt=\"Fotograf\u00edas propiedad del Dpto. de Comunicaciones REDTTU\" title=\"Fotograf\u00edas propiedad del Dpto. de Comunicaciones REDTTU\u00ba\" src=\"https:\/\/www.redttu.edu.co\/es\/wp-content\/uploads\/2023\/01\/Captura-de-pantalla-2023-01-17-a-las-3.18.48-p.m..png\" class=\"img-responsive wp-image-6420\" srcset=\"https:\/\/www.redttu.edu.co\/es\/wp-content\/uploads\/2023\/01\/Captura-de-pantalla-2023-01-17-a-las-3.18.48-p.m.-200x152.png 200w, https:\/\/www.redttu.edu.co\/es\/wp-content\/uploads\/2023\/01\/Captura-de-pantalla-2023-01-17-a-las-3.18.48-p.m.-400x304.png 400w, https:\/\/www.redttu.edu.co\/es\/wp-content\/uploads\/2023\/01\/Captura-de-pantalla-2023-01-17-a-las-3.18.48-p.m.-600x457.png 600w, https:\/\/www.redttu.edu.co\/es\/wp-content\/uploads\/2023\/01\/Captura-de-pantalla-2023-01-17-a-las-3.18.48-p.m..png 619w\" sizes=\"(max-width: 1024px) 100vw, (max-width: 640px) 100vw, 619px\" \/><\/span><\/div><\/div><\/div><\/div><\/div><div class=\"fusion-fullwidth fullwidth-box fusion-builder-row-9 fusion-flex-container has-pattern-background has-mask-background nonhundred-percent-fullwidth non-hundred-percent-height-scrolling\" style=\"--awb-border-radius-top-left:0px;--awb-border-radius-top-right:0px;--awb-border-radius-bottom-right:0px;--awb-border-radius-bottom-left:0px;--awb-flex-wrap:wrap;\" ><div class=\"fusion-builder-row fusion-row fusion-flex-align-items-flex-start fusion-flex-content-wrap\" style=\"max-width:1144px;margin-left: calc(-4% \/ 2 );margin-right: calc(-4% \/ 2 );\"><div class=\"fusion-layout-column fusion_builder_column fusion-builder-column-11 fusion_builder_column_1_1 1_1 fusion-flex-column\" style=\"--awb-bg-size:cover;--awb-width-large:100%;--awb-margin-top-large:0px;--awb-spacing-right-large:1.92%;--awb-margin-bottom-large:20px;--awb-spacing-left-large:1.92%;--awb-width-medium:100%;--awb-order-medium:0;--awb-spacing-right-medium:1.92%;--awb-spacing-left-medium:1.92%;--awb-width-small:100%;--awb-order-small:0;--awb-spacing-right-small:1.92%;--awb-spacing-left-small:1.92%;\"><div class=\"fusion-column-wrapper fusion-column-has-shadow fusion-flex-justify-content-flex-start fusion-content-layout-column\"><div class=\"fusion-text fusion-text-4\"><p style=\"text-align: justify;\"><span style=\"color: #000000;\">Con la presencia del ministro de educaci\u00f3n Alejandro Gaviria, y la viceministra de educaci\u00f3n superior Aurora Vergara, los rectores de la REDTTU ratificaron su apoyo a la acci\u00f3n legislativa en el Congreso de la Rep\u00fablica una vez el Gobierno Nacional radique el proyecto de ley de reforma de los Arts. 86 y 87 de la Ley 30\/92 en el pr\u00f3ximo mes de marzo; los rectores enfatizaron su respaldo al llamamiento del ministro a fomentar los di\u00e1logos sobre la educaci\u00f3n que el pa\u00eds demanda y a priorizar esta l\u00ednea de reflexi\u00f3n y acci\u00f3n m\u00e1s all\u00e1 de las necesidades financieras, abriendo un espacio para temas como la calidad de la educaci\u00f3n, su pertinencia y alcances en los pr\u00f3ximos cuatro a\u00f1os, la importancia de una nueva arquitectura del sistema educativo, implementar alternativas pedag\u00f3gicas en la formaci\u00f3n de la juventud colombiana apoyados en la profesionalizaci\u00f3n de los docentes y materializar las oportunidades de inclusi\u00f3n laboral y desarrollo humano de nuestros estudiantes.<\/span><\/p>\n<p style=\"text-align: justify;\"><span style=\"color: #000000;\">En esta oportunidad la REDTTU estuvo representada por los rectores del ITA, UNIPAZ, UNIAJC, ITM, UTS, y UNIMAYOR, las vicerrectoras administrativas y financieras de UNIAJC e IUB, y la vicerrectora acad\u00e9mica de UNIPAZ, quienes de forma particular manifestaron al ministro y a la viceministra su agradecimiento por propiciar estos escenarios de di\u00e1logo y concertaci\u00f3n con la REDTTU, y reiteraron su disposici\u00f3n a continuar fortaleciendo el concepto de lo t\u00e9cnico en las treinta (30) instituciones t\u00e9cnicas profesionales, tecnol\u00f3gicas y universitarias p\u00fablicas del pa\u00eds.<\/span><\/p>\n<\/div><\/div><\/div><\/div><\/div><div class=\"fusion-fullwidth fullwidth-box fusion-builder-row-10 fusion-flex-container has-pattern-background has-mask-background nonhundred-percent-fullwidth non-hundred-percent-height-scrolling\" style=\"--awb-border-radius-top-left:0px;--awb-border-radius-top-right:0px;--awb-border-radius-bottom-right:0px;--awb-border-radius-bottom-left:0px;--awb-flex-wrap:wrap;\" ><div class=\"fusion-builder-row fusion-row fusion-flex-align-items-flex-start fusion-flex-content-wrap\" style=\"max-width:1144px;margin-left: calc(-4% \/ 2 );margin-right: calc(-4% \/ 2 );\"><div class=\"fusion-layout-column fusion_builder_column fusion-builder-column-12 fusion_builder_column_1_1 1_1 fusion-flex-column\" style=\"--awb-bg-size:cover;--awb-width-large:100%;--awb-margin-top-large:0px;--awb-spacing-right-large:1.92%;--awb-margin-bottom-large:20px;--awb-spacing-left-large:1.92%;--awb-width-medium:100%;--awb-order-medium:0;--awb-spacing-right-medium:1.92%;--awb-spacing-left-medium:1.92%;--awb-width-small:100%;--awb-order-small:0;--awb-spacing-right-small:1.92%;--awb-spacing-left-small:1.92%;\"><div class=\"fusion-column-wrapper fusion-column-has-shadow fusion-flex-justify-content-flex-start fusion-content-layout-column\"><div class=\"fusion-image-element \" style=\"text-align:center;--awb-caption-title-font-family:var(--h2_typography-font-family);--awb-caption-title-font-weight:var(--h2_typography-font-weight);--awb-caption-title-font-style:var(--h2_typography-font-style);--awb-caption-title-size:var(--h2_typography-font-size);--awb-caption-title-transform:var(--h2_typography-text-transform);--awb-caption-title-line-height:var(--h2_typography-line-height);--awb-caption-title-letter-spacing:var(--h2_typography-letter-spacing);\"><span class=\" fusion-imageframe imageframe-none imageframe-6 hover-type-none\"><img decoding=\"async\" width=\"569\" height=\"196\" alt=\"Fotograf\u00edas propiedad del Dpto. de Comunicaciones REDTTU\" title=\"Fotograf\u00edas propiedad del Dpto. de Comunicaciones REDTTU\" src=\"https:\/\/www.redttu.edu.co\/es\/wp-content\/uploads\/2023\/01\/Captura-de-pantalla-2023-01-17-a-las-3.20.32-p.m..png\" class=\"img-responsive wp-image-6421\" srcset=\"https:\/\/www.redttu.edu.co\/es\/wp-content\/uploads\/2023\/01\/Captura-de-pantalla-2023-01-17-a-las-3.20.32-p.m.-200x69.png 200w, https:\/\/www.redttu.edu.co\/es\/wp-content\/uploads\/2023\/01\/Captura-de-pantalla-2023-01-17-a-las-3.20.32-p.m.-400x138.png 400w, https:\/\/www.redttu.edu.co\/es\/wp-content\/uploads\/2023\/01\/Captura-de-pantalla-2023-01-17-a-las-3.20.32-p.m..png 569w\" sizes=\"(max-width: 1024px) 100vw, (max-width: 640px) 100vw, 569px\" \/><\/span><\/div><\/div><\/div><\/div><\/div><div class=\"fusion-fullwidth fullwidth-box fusion-builder-row-11 fusion-flex-container has-pattern-background has-mask-background nonhundred-percent-fullwidth non-hundred-percent-height-scrolling\" style=\"--awb-border-radius-top-left:0px;--awb-border-radius-top-right:0px;--awb-border-radius-bottom-right:0px;--awb-border-radius-bottom-left:0px;--awb-flex-wrap:wrap;\" ><div class=\"fusion-builder-row fusion-row fusion-flex-align-items-flex-start fusion-flex-content-wrap\" style=\"max-width:1144px;margin-left: calc(-4% \/ 2 );margin-right: calc(-4% \/ 2 );\"><div class=\"fusion-layout-column fusion_builder_column fusion-builder-column-13 fusion_builder_column_1_1 1_1 fusion-flex-column\" style=\"--awb-bg-size:cover;--awb-width-large:100%;--awb-margin-top-large:0px;--awb-spacing-right-large:1.92%;--awb-margin-bottom-large:20px;--awb-spacing-left-large:1.92%;--awb-width-medium:100%;--awb-order-medium:0;--awb-spacing-right-medium:1.92%;--awb-spacing-left-medium:1.92%;--awb-width-small:100%;--awb-order-small:0;--awb-spacing-right-small:1.92%;--awb-spacing-left-small:1.92%;\"><div class=\"fusion-column-wrapper fusion-column-has-shadow fusion-flex-justify-content-flex-start fusion-content-layout-column\"><div class=\"fusion-video fusion-youtube\" style=\"--awb-max-width:600px;--awb-max-height:360px;--awb-align-self:center;--awb-width:100%;\"><div class=\"video-shortcode\"><div class=\"fluid-width-video-wrapper\" style=\"padding-top:60%;\" ><iframe title=\"YouTube video player 1\" src=\"https:\/\/www.youtube.com\/embed\/ckjB2Gyccro?wmode=transparent&autoplay=0\" width=\"600\" height=\"360\" allowfullscreen allow=\"autoplay; fullscreen\"><\/iframe><\/div><\/div><\/div><div class=\"fusion-text fusion-text-5\"><p style=\"text-align: center;\"><span style=\"color: #000000;\"><em>Intervenciones del ministro Gaviria y de los rectores REDTTU en la sesi\u00f3n del 12 de enero de 2023<\/em><\/span><\/p>\n<\/div><\/div><\/div><\/div><\/div><div class=\"fusion-fullwidth fullwidth-box fusion-builder-row-12 fusion-flex-container has-pattern-background has-mask-background nonhundred-percent-fullwidth non-hundred-percent-height-scrolling\" style=\"--awb-border-radius-top-left:0px;--awb-border-radius-top-right:0px;--awb-border-radius-bottom-right:0px;--awb-border-radius-bottom-left:0px;--awb-flex-wrap:wrap;\" ><div class=\"fusion-builder-row fusion-row fusion-flex-align-items-flex-start fusion-flex-content-wrap\" style=\"max-width:1144px;margin-left: calc(-4% \/ 2 );margin-right: calc(-4% \/ 2 );\"><div class=\"fusion-layout-column fusion_builder_column fusion-builder-column-14 fusion_builder_column_1_4 1_4 fusion-flex-column\" style=\"--awb-bg-size:cover;--awb-width-large:25%;--awb-margin-top-large:0px;--awb-spacing-right-large:7.68%;--awb-margin-bottom-large:20px;--awb-spacing-left-large:7.68%;--awb-width-medium:100%;--awb-order-medium:0;--awb-spacing-right-medium:1.92%;--awb-spacing-left-medium:1.92%;--awb-width-small:100%;--awb-order-small:0;--awb-spacing-right-small:1.92%;--awb-spacing-left-small:1.92%;\"><div class=\"fusion-column-wrapper fusion-column-has-shadow fusion-flex-justify-content-flex-start fusion-content-layout-column\"><\/div><\/div><div class=\"fusion-layout-column fusion_builder_column fusion-builder-column-15 fusion_builder_column_1_4 1_4 fusion-flex-column\" style=\"--awb-bg-size:cover;--awb-width-large:25%;--awb-margin-top-large:0px;--awb-spacing-right-large:7.68%;--awb-margin-bottom-large:20px;--awb-spacing-left-large:7.68%;--awb-width-medium:100%;--awb-order-medium:0;--awb-spacing-right-medium:1.92%;--awb-spacing-left-medium:1.92%;--awb-width-small:100%;--awb-order-small:0;--awb-spacing-right-small:1.92%;--awb-spacing-left-small:1.92%;\"><div class=\"fusion-column-wrapper fusion-column-has-shadow fusion-flex-justify-content-flex-start fusion-content-layout-column\"><\/div><\/div><div class=\"fusion-layout-column fusion_builder_column fusion-builder-column-16 fusion_builder_column_1_4 1_4 fusion-flex-column\" style=\"--awb-bg-size:cover;--awb-width-large:25%;--awb-margin-top-large:0px;--awb-spacing-right-large:7.68%;--awb-margin-bottom-large:20px;--awb-spacing-left-large:7.68%;--awb-width-medium:100%;--awb-order-medium:0;--awb-spacing-right-medium:1.92%;--awb-spacing-left-medium:1.92%;--awb-width-small:100%;--awb-order-small:0;--awb-spacing-right-small:1.92%;--awb-spacing-left-small:1.92%;\"><div class=\"fusion-column-wrapper fusion-column-has-shadow fusion-flex-justify-content-flex-start fusion-content-layout-column\"><\/div><\/div><div class=\"fusion-layout-column fusion_builder_column fusion-builder-column-17 fusion_builder_column_1_4 1_4 fusion-flex-column\" style=\"--awb-bg-size:cover;--awb-width-large:25%;--awb-margin-top-large:0px;--awb-spacing-right-large:7.68%;--awb-margin-bottom-large:20px;--awb-spacing-left-large:7.68%;--awb-width-medium:100%;--awb-order-medium:0;--awb-spacing-right-medium:1.92%;--awb-spacing-left-medium:1.92%;--awb-width-small:100%;--awb-order-small:0;--awb-spacing-right-small:1.92%;--awb-spacing-left-small:1.92%;\"><div class=\"fusion-column-wrapper fusion-column-has-shadow fusion-flex-justify-content-flex-start fusion-content-layout-column\"><div class=\"fusion-image-element \" style=\"--awb-caption-title-font-family:var(--h2_typography-font-family);--awb-caption-title-font-weight:var(--h2_typography-font-weight);--awb-caption-title-font-style:var(--h2_typography-font-style);--awb-caption-title-size:var(--h2_typography-font-size);--awb-caption-title-transform:var(--h2_typography-text-transform);--awb-caption-title-line-height:var(--h2_typography-line-height);--awb-caption-title-letter-spacing:var(--h2_typography-letter-spacing);\"><span class=\" fusion-imageframe imageframe-none imageframe-7 hover-type-none\"><img decoding=\"async\" width=\"861\" height=\"394\" alt=\"Logo REDTTU\" title=\"Logo REDTTU\" src=\"https:\/\/www.redttu.edu.co\/es\/wp-content\/uploads\/2019\/02\/logo_x2.png\" class=\"img-responsive wp-image-3242\"\/><\/span><\/div><div class=\"fusion-text fusion-text-6\"><p style=\"text-align: right;\"><span style=\"font-weight: 400; color: #000000;\">Karen Forero P\u00e1ez<\/span><\/p>\n<p style=\"text-align: right;\"><span style=\"font-weight: 400; color: #000000;\">Coordinadora de Comunicaciones<\/span><\/p>\n<p style=\"text-align: right;\"><span style=\"font-weight: 400; color: #000000;\">Comunicaciones@redttu.edu.co<\/span><\/p>\n<\/div><\/div><\/div><\/div><\/div><\/p>\n","protected":false},"excerpt":{"rendered":"","protected":false},"author":1,"featured_media":6416,"comment_status":"closed","ping_status":"closed","sticky":false,"template":"","format":"standard","meta":{"footnotes":""},"categories":[20],"tags":[117,535,93,81,121,423,734,26,136,27,733,385,735,736],"class_list":["post-6415","post","type-post","status-publish","format-standard","has-post-thumbnail","hentry","category-noticias","tag-acreditacion","tag-alejandro-gaviria","tag-colombia","tag-educacion","tag-estudiantes","tag-generacion-e","tag-gratuidad-e","tag-ies","tag-matricula-cero","tag-men","tag-pensiones","tag-rectores","tag-sac","tag-sistema-de-aseguramiento-de-la-calidad"],"_links":{"self":[{"href":"https:\/\/www.redttu.edu.co\/es\/wp-json\/wp\/v2\/posts\/6415","targetHints":{"allow":["GET"]}}],"collection":[{"href":"https:\/\/www.redttu.edu.co\/es\/wp-json\/wp\/v2\/posts"}],"about":[{"href":"https:\/\/www.redttu.edu.co\/es\/wp-json\/wp\/v2\/types\/post"}],"author":[{"embeddable":true,"href":"https:\/\/www.redttu.edu.co\/es\/wp-json\/wp\/v2\/users\/1"}],"replies":[{"embeddable":true,"href":"https:\/\/www.redttu.edu.co\/es\/wp-json\/wp\/v2\/comments?post=6415"}],"version-history":[{"count":2,"href":"https:\/\/www.redttu.edu.co\/es\/wp-json\/wp\/v2\/posts\/6415\/revisions"}],"predecessor-version":[{"id":6423,"href":"https:\/\/www.redttu.edu.co\/es\/wp-json\/wp\/v2\/posts\/6415\/revisions\/6423"}],"wp:featuredmedia":[{"embeddable":true,"href":"https:\/\/www.redttu.edu.co\/es\/wp-json\/wp\/v2\/media\/6416"}],"wp:attachment":[{"href":"https:\/\/www.redttu.edu.co\/es\/wp-json\/wp\/v2\/media?parent=6415"}],"wp:term":[{"taxonomy":"category","embeddable":true,"href":"https:\/\/www.redttu.edu.co\/es\/wp-json\/wp\/v2\/categories?post=6415"},{"taxonomy":"post_tag","embeddable":true,"href":"https:\/\/www.redttu.edu.co\/es\/wp-json\/wp\/v2\/tags?post=6415"}],"curies":[{"name":"wp","href":"https:\/\/api.w.org\/{rel}","templated":true}]}}