{"id":6357,"date":"2022-12-06T12:50:25","date_gmt":"2022-12-06T17:50:25","guid":{"rendered":"https:\/\/www.redttu.edu.co\/es\/?p=6357"},"modified":"2022-12-06T12:51:15","modified_gmt":"2022-12-06T17:51:15","slug":"facultad-de-derechos-y-ciencias-forenses-del-tdea-recibio-reconocimiento-2022-como-la-mas-innovadora-del-pais","status":"publish","type":"post","link":"https:\/\/www.redttu.edu.co\/es\/facultad-de-derechos-y-ciencias-forenses-del-tdea-recibio-reconocimiento-2022-como-la-mas-innovadora-del-pais\/","title":{"rendered":"FACULTAD DE DERECHOS Y CIENCIAS FORENSES DEL TdeA RECIBI\u00d3 RECONOCIMIENTO 2022 COMO LA M\u00c1S INNOVADORA DEL PA\u00cdS"},"content":{"rendered":"<p><div class=\"fusion-fullwidth fullwidth-box fusion-builder-row-1 fusion-flex-container has-pattern-background has-mask-background nonhundred-percent-fullwidth non-hundred-percent-height-scrolling\" style=\"--awb-border-radius-top-left:0px;--awb-border-radius-top-right:0px;--awb-border-radius-bottom-right:0px;--awb-border-radius-bottom-left:0px;--awb-flex-wrap:wrap;\" ><div class=\"fusion-builder-row fusion-row fusion-flex-align-items-flex-start fusion-flex-content-wrap\" style=\"max-width:1144px;margin-left: calc(-4% \/ 2 );margin-right: calc(-4% \/ 2 );\"><div class=\"fusion-layout-column fusion_builder_column fusion-builder-column-0 fusion_builder_column_1_4 1_4 fusion-flex-column\" style=\"--awb-bg-size:cover;--awb-width-large:25%;--awb-margin-top-large:0px;--awb-spacing-right-large:7.68%;--awb-margin-bottom-large:20px;--awb-spacing-left-large:7.68%;--awb-width-medium:100%;--awb-order-medium:0;--awb-spacing-right-medium:1.92%;--awb-spacing-left-medium:1.92%;--awb-width-small:100%;--awb-order-small:0;--awb-spacing-right-small:1.92%;--awb-spacing-left-small:1.92%;\"><div class=\"fusion-column-wrapper fusion-column-has-shadow fusion-flex-justify-content-flex-start fusion-content-layout-column\"><div class=\"fusion-image-element \" style=\"--awb-caption-title-font-family:var(--h2_typography-font-family);--awb-caption-title-font-weight:var(--h2_typography-font-weight);--awb-caption-title-font-style:var(--h2_typography-font-style);--awb-caption-title-size:var(--h2_typography-font-size);--awb-caption-title-transform:var(--h2_typography-text-transform);--awb-caption-title-line-height:var(--h2_typography-line-height);--awb-caption-title-letter-spacing:var(--h2_typography-letter-spacing);\"><span class=\" fusion-imageframe imageframe-none imageframe-1 hover-type-none\"><img decoding=\"async\" width=\"697\" height=\"156\" alt=\"16. TDEA\" title=\"16. TDEA\" src=\"https:\/\/www.redttu.edu.co\/es\/wp-content\/uploads\/2015\/12\/16.-TDEA.png\" class=\"img-responsive wp-image-5937\" srcset=\"https:\/\/www.redttu.edu.co\/es\/wp-content\/uploads\/2015\/12\/16.-TDEA-200x45.png 200w, https:\/\/www.redttu.edu.co\/es\/wp-content\/uploads\/2015\/12\/16.-TDEA-400x90.png 400w, https:\/\/www.redttu.edu.co\/es\/wp-content\/uploads\/2015\/12\/16.-TDEA-600x134.png 600w, https:\/\/www.redttu.edu.co\/es\/wp-content\/uploads\/2015\/12\/16.-TDEA.png 697w\" sizes=\"(max-width: 1024px) 100vw, (max-width: 640px) 100vw, 400px\" \/><\/span><\/div><\/div><\/div><div class=\"fusion-layout-column fusion_builder_column fusion-builder-column-1 fusion_builder_column_1_4 1_4 fusion-flex-column\" style=\"--awb-bg-size:cover;--awb-width-large:25%;--awb-margin-top-large:0px;--awb-spacing-right-large:7.68%;--awb-margin-bottom-large:20px;--awb-spacing-left-large:7.68%;--awb-width-medium:100%;--awb-order-medium:0;--awb-spacing-right-medium:1.92%;--awb-spacing-left-medium:1.92%;--awb-width-small:100%;--awb-order-small:0;--awb-spacing-right-small:1.92%;--awb-spacing-left-small:1.92%;\"><div class=\"fusion-column-wrapper fusion-column-has-shadow fusion-flex-justify-content-flex-start fusion-content-layout-column\"><\/div><\/div><div class=\"fusion-layout-column fusion_builder_column fusion-builder-column-2 fusion_builder_column_1_4 1_4 fusion-flex-column\" style=\"--awb-bg-size:cover;--awb-width-large:25%;--awb-margin-top-large:0px;--awb-spacing-right-large:7.68%;--awb-margin-bottom-large:20px;--awb-spacing-left-large:7.68%;--awb-width-medium:100%;--awb-order-medium:0;--awb-spacing-right-medium:1.92%;--awb-spacing-left-medium:1.92%;--awb-width-small:100%;--awb-order-small:0;--awb-spacing-right-small:1.92%;--awb-spacing-left-small:1.92%;\"><div class=\"fusion-column-wrapper fusion-column-has-shadow fusion-flex-justify-content-flex-start fusion-content-layout-column\"><\/div><\/div><div class=\"fusion-layout-column fusion_builder_column fusion-builder-column-3 fusion_builder_column_1_4 1_4 fusion-flex-column\" style=\"--awb-bg-size:cover;--awb-width-large:25%;--awb-margin-top-large:0px;--awb-spacing-right-large:7.68%;--awb-margin-bottom-large:20px;--awb-spacing-left-large:7.68%;--awb-width-medium:100%;--awb-order-medium:0;--awb-spacing-right-medium:1.92%;--awb-spacing-left-medium:1.92%;--awb-width-small:100%;--awb-order-small:0;--awb-spacing-right-small:1.92%;--awb-spacing-left-small:1.92%;\"><div class=\"fusion-column-wrapper fusion-column-has-shadow fusion-flex-justify-content-flex-start fusion-content-layout-column\"><div class=\"fusion-image-element \" style=\"--awb-caption-title-font-family:var(--h2_typography-font-family);--awb-caption-title-font-weight:var(--h2_typography-font-weight);--awb-caption-title-font-style:var(--h2_typography-font-style);--awb-caption-title-size:var(--h2_typography-font-size);--awb-caption-title-transform:var(--h2_typography-text-transform);--awb-caption-title-line-height:var(--h2_typography-line-height);--awb-caption-title-letter-spacing:var(--h2_typography-letter-spacing);\"><span class=\" fusion-imageframe imageframe-none imageframe-2 hover-type-none\"><img decoding=\"async\" width=\"173\" height=\"79\" alt=\"Logo REDTTU\" title=\"Logo REDTTU\" src=\"https:\/\/www.redttu.edu.co\/es\/wp-content\/uploads\/2019\/03\/logo_x2.jpg\" class=\"img-responsive wp-image-3289\"\/><\/span><\/div><\/div><\/div><\/div><\/div><div class=\"fusion-fullwidth fullwidth-box fusion-builder-row-2 fusion-flex-container has-pattern-background has-mask-background nonhundred-percent-fullwidth non-hundred-percent-height-scrolling\" style=\"--awb-border-radius-top-left:0px;--awb-border-radius-top-right:0px;--awb-border-radius-bottom-right:0px;--awb-border-radius-bottom-left:0px;--awb-flex-wrap:wrap;\" ><div class=\"fusion-builder-row fusion-row fusion-flex-align-items-flex-start fusion-flex-content-wrap\" style=\"max-width:1144px;margin-left: calc(-4% \/ 2 );margin-right: calc(-4% \/ 2 );\"><div class=\"fusion-layout-column fusion_builder_column fusion-builder-column-4 fusion_builder_column_1_3 1_3 fusion-flex-column\" style=\"--awb-bg-size:cover;--awb-width-large:33.333333333333%;--awb-margin-top-large:0px;--awb-spacing-right-large:5.76%;--awb-margin-bottom-large:20px;--awb-spacing-left-large:5.76%;--awb-width-medium:100%;--awb-order-medium:0;--awb-spacing-right-medium:1.92%;--awb-spacing-left-medium:1.92%;--awb-width-small:100%;--awb-order-small:0;--awb-spacing-right-small:1.92%;--awb-spacing-left-small:1.92%;\"><div class=\"fusion-column-wrapper fusion-column-has-shadow fusion-flex-justify-content-flex-start fusion-content-layout-column\"><\/div><\/div><div class=\"fusion-layout-column fusion_builder_column fusion-builder-column-5 fusion_builder_column_1_3 1_3 fusion-flex-column\" style=\"--awb-bg-size:cover;--awb-width-large:33.333333333333%;--awb-margin-top-large:0px;--awb-spacing-right-large:5.76%;--awb-margin-bottom-large:20px;--awb-spacing-left-large:5.76%;--awb-width-medium:100%;--awb-order-medium:0;--awb-spacing-right-medium:1.92%;--awb-spacing-left-medium:1.92%;--awb-width-small:100%;--awb-order-small:0;--awb-spacing-right-small:1.92%;--awb-spacing-left-small:1.92%;\"><div class=\"fusion-column-wrapper fusion-column-has-shadow fusion-flex-justify-content-flex-start fusion-content-layout-column\"><div class=\"fusion-image-element \" style=\"--awb-caption-title-font-family:var(--h2_typography-font-family);--awb-caption-title-font-weight:var(--h2_typography-font-weight);--awb-caption-title-font-style:var(--h2_typography-font-style);--awb-caption-title-size:var(--h2_typography-font-size);--awb-caption-title-transform:var(--h2_typography-text-transform);--awb-caption-title-line-height:var(--h2_typography-line-height);--awb-caption-title-letter-spacing:var(--h2_typography-letter-spacing);\"><span class=\" fusion-imageframe imageframe-none imageframe-3 hover-type-none\"><img decoding=\"async\" width=\"256\" height=\"363\" alt=\"Flash News\" title=\"Flash News\" src=\"https:\/\/www.redttu.edu.co\/es\/wp-content\/uploads\/2019\/10\/Adobe_Post_20190930_1711220.jpg\" class=\"img-responsive wp-image-4283\"\/><\/span><\/div><\/div><\/div><div class=\"fusion-layout-column fusion_builder_column fusion-builder-column-6 fusion_builder_column_1_3 1_3 fusion-flex-column\" style=\"--awb-bg-size:cover;--awb-width-large:33.333333333333%;--awb-margin-top-large:0px;--awb-spacing-right-large:5.76%;--awb-margin-bottom-large:20px;--awb-spacing-left-large:5.76%;--awb-width-medium:100%;--awb-order-medium:0;--awb-spacing-right-medium:1.92%;--awb-spacing-left-medium:1.92%;--awb-width-small:100%;--awb-order-small:0;--awb-spacing-right-small:1.92%;--awb-spacing-left-small:1.92%;\"><div class=\"fusion-column-wrapper fusion-column-has-shadow fusion-flex-justify-content-flex-start fusion-content-layout-column\"><\/div><\/div><\/div><\/div><div class=\"fusion-fullwidth fullwidth-box fusion-builder-row-3 fusion-flex-container has-pattern-background has-mask-background nonhundred-percent-fullwidth non-hundred-percent-height-scrolling\" style=\"--awb-border-radius-top-left:0px;--awb-border-radius-top-right:0px;--awb-border-radius-bottom-right:0px;--awb-border-radius-bottom-left:0px;--awb-flex-wrap:wrap;\" ><div class=\"fusion-builder-row fusion-row fusion-flex-align-items-flex-start fusion-flex-content-wrap\" style=\"max-width:1144px;margin-left: calc(-4% \/ 2 );margin-right: calc(-4% \/ 2 );\"><div class=\"fusion-layout-column fusion_builder_column fusion-builder-column-7 fusion_builder_column_1_1 1_1 fusion-flex-column\" style=\"--awb-bg-size:cover;--awb-width-large:100%;--awb-margin-top-large:0px;--awb-spacing-right-large:1.92%;--awb-margin-bottom-large:20px;--awb-spacing-left-large:1.92%;--awb-width-medium:100%;--awb-order-medium:0;--awb-spacing-right-medium:1.92%;--awb-spacing-left-medium:1.92%;--awb-width-small:100%;--awb-order-small:0;--awb-spacing-right-small:1.92%;--awb-spacing-left-small:1.92%;\"><div class=\"fusion-column-wrapper fusion-column-has-shadow fusion-flex-justify-content-flex-start fusion-content-layout-column\"><div class=\"fusion-title title fusion-title-1 fusion-title-text fusion-title-size-one\"><div class=\"title-sep-container title-sep-container-left fusion-no-large-visibility fusion-no-medium-visibility fusion-no-small-visibility\"><div class=\"title-sep sep-double sep-solid\" style=\"border-color:#e0dede;\"><\/div><\/div><span class=\"awb-title-spacer fusion-no-large-visibility fusion-no-medium-visibility fusion-no-small-visibility\"><\/span><h1 class=\"fusion-title-heading title-heading-left fusion-responsive-typography-calculated\" style=\"margin:0;--fontSize:34;line-height:1.41;\"><h1 style=\"text-align: left;\">FACULTAD DE DERECHOS Y CIENCIAS FORENSES DEL TdeA RECIBI\u00d3 RECONOCIMIENTO 2022 COMO LA M\u00c1S INNOVADORA DEL PA\u00cdS<\/h1><\/h1><span class=\"awb-title-spacer\"><\/span><div class=\"title-sep-container title-sep-container-right\"><div class=\"title-sep sep-double sep-solid\" style=\"border-color:#e0dede;\"><\/div><\/div><\/div><\/div><\/div><\/div><\/div><div class=\"fusion-fullwidth fullwidth-box fusion-builder-row-4 fusion-flex-container has-pattern-background has-mask-background nonhundred-percent-fullwidth non-hundred-percent-height-scrolling\" style=\"--awb-border-radius-top-left:0px;--awb-border-radius-top-right:0px;--awb-border-radius-bottom-right:0px;--awb-border-radius-bottom-left:0px;--awb-flex-wrap:wrap;\" ><div class=\"fusion-builder-row fusion-row fusion-flex-align-items-flex-start fusion-flex-content-wrap\" style=\"max-width:1144px;margin-left: calc(-4% \/ 2 );margin-right: calc(-4% \/ 2 );\"><div class=\"fusion-layout-column fusion_builder_column fusion-builder-column-8 fusion_builder_column_1_1 1_1 fusion-flex-column\" style=\"--awb-bg-size:cover;--awb-width-large:100%;--awb-margin-top-large:0px;--awb-spacing-right-large:1.92%;--awb-margin-bottom-large:20px;--awb-spacing-left-large:1.92%;--awb-width-medium:100%;--awb-order-medium:0;--awb-spacing-right-medium:1.92%;--awb-spacing-left-medium:1.92%;--awb-width-small:100%;--awb-order-small:0;--awb-spacing-right-small:1.92%;--awb-spacing-left-small:1.92%;\"><div class=\"fusion-column-wrapper fusion-column-has-shadow fusion-flex-justify-content-flex-start fusion-content-layout-column\"><div class=\"fusion-text fusion-text-1\"><p style=\"text-align: center;\"><span style=\"color: #000000;\"><strong><em>\u2022 Se otorg\u00f3 en el XV Encuentro Nacional de Facultades de Derecho de Acofade.<\/em><\/strong><\/span><br \/>\n<span style=\"color: #000000;\"><strong><em>\u2022 \u201cTenemos el reto de seguir aportando desde el derecho al cambio social de Colombia\u201d: Leonardo Garc\u00eda Botero, rector del TdeA<\/em><\/strong><\/span><\/p>\n<\/div><\/div><\/div><\/div><\/div><div class=\"fusion-fullwidth fullwidth-box fusion-builder-row-5 fusion-flex-container has-pattern-background has-mask-background nonhundred-percent-fullwidth non-hundred-percent-height-scrolling\" style=\"--awb-border-radius-top-left:0px;--awb-border-radius-top-right:0px;--awb-border-radius-bottom-right:0px;--awb-border-radius-bottom-left:0px;--awb-flex-wrap:wrap;\" ><div class=\"fusion-builder-row fusion-row fusion-flex-align-items-flex-start fusion-flex-content-wrap\" style=\"max-width:1144px;margin-left: calc(-4% \/ 2 );margin-right: calc(-4% \/ 2 );\"><div class=\"fusion-layout-column fusion_builder_column fusion-builder-column-9 fusion_builder_column_1_1 1_1 fusion-flex-column\" style=\"--awb-bg-size:cover;--awb-width-large:100%;--awb-margin-top-large:0px;--awb-spacing-right-large:1.92%;--awb-margin-bottom-large:20px;--awb-spacing-left-large:1.92%;--awb-width-medium:100%;--awb-order-medium:0;--awb-spacing-right-medium:1.92%;--awb-spacing-left-medium:1.92%;--awb-width-small:100%;--awb-order-small:0;--awb-spacing-right-small:1.92%;--awb-spacing-left-small:1.92%;\"><div class=\"fusion-column-wrapper fusion-column-has-shadow fusion-flex-justify-content-flex-start fusion-content-layout-column\"><div class=\"fusion-text fusion-text-2\"><p style=\"text-align: justify;\"><strong><span style=\"color: #000000;\">Medell\u00edn 5 de diciembre 2022<\/span><\/strong><\/p>\n<p style=\"text-align: justify;\"><span style=\"color: #000000;\">El Consejo Directivo de la Asociaci\u00f3n Colombiana de Facultades de Derecho \u2014Acofade\u2014 reconoci\u00f3 a la Facultad de Derecho y Ciencias Forenses del Tecnol\u00f3gico de Antioquia \u2014TdeA\u2014 como la m\u00e1s innovadora del pa\u00eds, destac\u00e1ndola por su innovaci\u00f3n curricular y procesos de proyecci\u00f3n social, en temas como inclusi\u00f3n, pluridiversidad e impacto regional, inform\u00f3 el rector, Leonardo Garc\u00eda Botero.La exaltaci\u00f3n se efectu\u00f3 en el marco del XV Encuentro Nacional de Facultades de Derecho, organizado por Acofade, en el cual se destac\u00f3 el proyecto impulsado de la Facultad, que se constituye en ejemplo de innovaci\u00f3n para la comunidad jur\u00eddica de vanguardia en Colombia.<\/span><\/p>\n<p style=\"text-align: justify;\"><span style=\"color: #000000;\">Las nuevas leyes que han impactado los programas de Derecho, las reformas curriculares que se han llevado a cabo, el funcionamiento de los consultorios jur\u00eddicos y la ense\u00f1anza y aprendizaje en Derecho, fueron algunos de los temas planteados durante el encuentro, que se llev\u00f3 a cabo en la sede del TdeA. Tambi\u00e9n, se hizo un balance anual y las proyecciones de Acofade, a la vez que se eligi\u00f3 y premi\u00f3 la facultad de Derecho del TdeA como la m\u00e1s innovadora de 2022.Durante el evento, el rector del Tecnol\u00f3gico de Antioquia, Leonardo Garc\u00eda Botero; agradeci\u00f3 este premio y reconoci\u00f3 los avances de la Facultad de Derecho y Ciencias Forenses del TdeA, en cabeza de la decana Luz Helena Mira Olano, as\u00ed como de los docentes, estudiantes y egresados, resaltando que este a\u00f1o se gradu\u00f3 la primera cohorte de abogados del TdeA.<\/span><\/p>\n<p style=\"text-align: justify;\"><strong><span style=\"color: #000000;\">Qu\u00e9 es Acofade<\/span><\/strong><\/p>\n<p style=\"text-align: justify;\"><span style=\"color: #000000;\">La Asociaci\u00f3n Colombiana de Facultades de Derecho \u2014Acofade\u2014, es una corporaci\u00f3n sin \u00e1nimo de lucro, de car\u00e1cter acad\u00e9mico, cuyo objeto es unir las diversas facultades, institutos, programas y escuelas de Derecho para la defensa y promoci\u00f3n de la calidad en la ense\u00f1anza, aprendizaje e investigaci\u00f3n.El objeto principal comprende actividades de promoci\u00f3n, defensa y apoyo a la mejora de la calidad de la educaci\u00f3n superior y ense\u00f1anza del Derecho en Colombia por parte de las instituciones de educaci\u00f3n superior (IES) autorizadas por el Ministerio de Educaci\u00f3n Nacional para ofertar programas de pregrado y posgrado en el \u00e1rea jur\u00eddica y afines. Jinyyola Blanco Rodr\u00edguez, es la presidenta de la Asociaci\u00f3n y Alba Luz Serrano Rubiano, la vicepresidenta. La Facultad de Derecho y Ciencias Forenses del Tecnol\u00f3gico de Antioquia, pertenece a Acofade, en calidad de miembro, desde junio de 2018. La Instituci\u00f3n Universitaria, que cuenta con Acreditaci\u00f3n Institucional de Alta Calidad, desde su programa de Derecho busca contribuir desde una s\u00f3lida formaci\u00f3n p\u00fablica, pluralista y de calidad, a la soluci\u00f3n de problem\u00e1ticas de relevancia socio-jur\u00eddica a nivel nacional e internacional, en el marco de la sociedad del conocimiento y el aprendizaje.<\/span><\/p>\n<\/div><\/div><\/div><\/div><\/div><div class=\"fusion-fullwidth fullwidth-box fusion-builder-row-6 fusion-flex-container has-pattern-background has-mask-background nonhundred-percent-fullwidth non-hundred-percent-height-scrolling\" style=\"--awb-border-radius-top-left:0px;--awb-border-radius-top-right:0px;--awb-border-radius-bottom-right:0px;--awb-border-radius-bottom-left:0px;--awb-flex-wrap:wrap;\" ><div class=\"fusion-builder-row fusion-row fusion-flex-align-items-flex-start fusion-flex-content-wrap\" style=\"max-width:1144px;margin-left: calc(-4% \/ 2 );margin-right: calc(-4% \/ 2 );\"><div class=\"fusion-layout-column fusion_builder_column fusion-builder-column-10 fusion_builder_column_1_1 1_1 fusion-flex-column\" style=\"--awb-bg-size:cover;--awb-width-large:100%;--awb-margin-top-large:0px;--awb-spacing-right-large:1.92%;--awb-margin-bottom-large:20px;--awb-spacing-left-large:1.92%;--awb-width-medium:100%;--awb-order-medium:0;--awb-spacing-right-medium:1.92%;--awb-spacing-left-medium:1.92%;--awb-width-small:100%;--awb-order-small:0;--awb-spacing-right-small:1.92%;--awb-spacing-left-small:1.92%;\"><div class=\"fusion-column-wrapper fusion-column-has-shadow fusion-flex-justify-content-flex-start fusion-content-layout-column\"><div class=\"fusion-image-element \" style=\"text-align:center;--awb-caption-title-font-family:var(--h2_typography-font-family);--awb-caption-title-font-weight:var(--h2_typography-font-weight);--awb-caption-title-font-style:var(--h2_typography-font-style);--awb-caption-title-size:var(--h2_typography-font-size);--awb-caption-title-transform:var(--h2_typography-text-transform);--awb-caption-title-line-height:var(--h2_typography-line-height);--awb-caption-title-letter-spacing:var(--h2_typography-letter-spacing);\"><span class=\" fusion-imageframe imageframe-none imageframe-4 hover-type-none\"><img decoding=\"async\" width=\"1024\" height=\"543\" alt=\"Fotograf\u00eda propiedad del Departamento de Comunicaciones TdeA\" title=\"Fotograf\u00eda propiedad del Departamento de Comunicaciones TdeA\" src=\"https:\/\/www.redttu.edu.co\/es\/wp-content\/uploads\/2022\/12\/3-1024x543.png\" class=\"img-responsive wp-image-6360\" srcset=\"https:\/\/www.redttu.edu.co\/es\/wp-content\/uploads\/2022\/12\/3-200x106.png 200w, https:\/\/www.redttu.edu.co\/es\/wp-content\/uploads\/2022\/12\/3-400x212.png 400w, https:\/\/www.redttu.edu.co\/es\/wp-content\/uploads\/2022\/12\/3-600x318.png 600w, https:\/\/www.redttu.edu.co\/es\/wp-content\/uploads\/2022\/12\/3-800x424.png 800w, https:\/\/www.redttu.edu.co\/es\/wp-content\/uploads\/2022\/12\/3.png 1200w\" sizes=\"(max-width: 1024px) 100vw, (max-width: 640px) 100vw, 1024px\" \/><\/span><\/div><\/div><\/div><\/div><\/div><div class=\"fusion-fullwidth fullwidth-box fusion-builder-row-7 fusion-flex-container has-pattern-background has-mask-background nonhundred-percent-fullwidth non-hundred-percent-height-scrolling\" style=\"--awb-border-radius-top-left:0px;--awb-border-radius-top-right:0px;--awb-border-radius-bottom-right:0px;--awb-border-radius-bottom-left:0px;--awb-flex-wrap:wrap;\" ><div class=\"fusion-builder-row fusion-row fusion-flex-align-items-flex-start fusion-flex-content-wrap\" style=\"max-width:1144px;margin-left: calc(-4% \/ 2 );margin-right: calc(-4% \/ 2 );\"><div class=\"fusion-layout-column fusion_builder_column fusion-builder-column-11 fusion_builder_column_1_1 1_1 fusion-flex-column\" style=\"--awb-bg-size:cover;--awb-width-large:100%;--awb-margin-top-large:0px;--awb-spacing-right-large:1.92%;--awb-margin-bottom-large:20px;--awb-spacing-left-large:1.92%;--awb-width-medium:100%;--awb-order-medium:0;--awb-spacing-right-medium:1.92%;--awb-spacing-left-medium:1.92%;--awb-width-small:100%;--awb-order-small:0;--awb-spacing-right-small:1.92%;--awb-spacing-left-small:1.92%;\"><div class=\"fusion-column-wrapper fusion-column-has-shadow fusion-flex-justify-content-flex-start fusion-content-layout-column\"><div class=\"fusion-text fusion-text-3\"><p style=\"text-align: justify;\"><span style=\"color: #000000;\"><strong>Intervenci\u00f3n del rector del TdeA<\/strong><\/span><\/p>\n<p style=\"text-align: justify;\"><span style=\"color: #000000;\">\u201cEn nombre de todos los estamentos del Tecnol\u00f3gico de Antioquia, destaco los logros de la Facultad de Derecho y Ciencias Forenses. El premio recibido por parte de Acofade, adem\u00e1s, eventos como el encuentro nacional, nos permiten debatir en aspectos acad\u00e9micos, investigativos y de proyecci\u00f3n social\u201d, dijo el rector del TdeA, Leonardo Garc\u00eda Botero. El directivo record\u00f3 que la Facultad de Derecho y Ciencias Forenses pertenece a Acofade, desde junio de 2018. \u201cEsto se constituye en motivo de orgullo, somos part\u00edcipes de los procesos acad\u00e9micos que adelanta y construye de manera permanente, con el objetivo de seguir aportando al cambio social de Colombia. Recibir el reconocimiento a la innovaci\u00f3n y pertenecer a esta asociaci\u00f3n es fruto del compromiso institucional enfocado en la calidad de la ense\u00f1anza, aprendizaje, la investigaci\u00f3n jur\u00eddica y la formaci\u00f3n de mejores profesionales\u201d. Seg\u00fan Garc\u00eda Botero: \u201cEn el TdeA, estamos preparando las futuras generaciones de abogados que deben atender las necesidades de los individuos y de las comunidades donde quieran que se encuentren; adem\u00e1s, para que sean fieles guardianes de los derechos fundamentales de las personas\u201d.<\/span><\/p>\n<p style=\"text-align: justify;\"><span style=\"color: #000000;\"><strong>Grandes cambios: director cient\u00edfico de Acofade<\/strong><\/span><br \/>\n<span style=\"color: #000000;\">Carlos Mario Molina Betancur, director cient\u00edfico de Acofade, refiri\u00e9ndose a la profesi\u00f3n del derecho, en el marco del encuentro, destac\u00f3 que: \u201ccomo muchas otras profesiones, enfrenta retos dif\u00edciles. Estamos en \u00e9poca de incertidumbre y de profundos cambios y consideramos que es el momento de hacer renovaciones, de hacer innovaciones, porque la inform\u00e1tica y las nuevas metodolog\u00edas de aprendizaje y ense\u00f1anza nos llevan realmente a revaluarnos y a renovarnos y como sabemos, el que no se renueva desaparece; entonces, estamos en momentos trascendentales para transformar los estudios del Derecho y con el examen nuevo que viene para el ejercicio de la profesi\u00f3n del abogado, poder crear un nuevo perfil y que se cambie un poco la realidad de los actuales abogados en Colombia\u201d.<\/span><\/p>\n<p style=\"text-align: justify;\"><span style=\"color: #000000;\">Tras hacer un balance muy positivo del Encuentro, dijo que una de las tareas es tratar de vincular cada vez m\u00e1s a los estudiantes a la Asociaci\u00f3n. \u201cPor eso los invitamos el a\u00f1o pr\u00f3ximo al I Encuentro de Estudiantes de la Asociaci\u00f3n Colombiana de Facultades de Derecho que va a tener lugar en Cartagena, en junio. Esperamos se vinculen y se den unas buenas discusiones, pues es una especie de asamblea de los estudiantes de las facultades de Derecho, para que ellos mismos discutan, analicen sus problemas y puedan hacer recomendaciones para el futuro de los profesionales del Derecho en el pa\u00eds\u201d, expres\u00f3 el abogado, Molina Betancur.<\/span><\/p>\n<\/div><\/div><\/div><\/div><\/div><div class=\"fusion-fullwidth fullwidth-box fusion-builder-row-8 fusion-flex-container has-pattern-background has-mask-background nonhundred-percent-fullwidth non-hundred-percent-height-scrolling\" style=\"--awb-border-radius-top-left:0px;--awb-border-radius-top-right:0px;--awb-border-radius-bottom-right:0px;--awb-border-radius-bottom-left:0px;--awb-flex-wrap:wrap;\" ><div class=\"fusion-builder-row fusion-row fusion-flex-align-items-flex-start fusion-flex-content-wrap\" style=\"max-width:1144px;margin-left: calc(-4% \/ 2 );margin-right: calc(-4% \/ 2 );\"><div class=\"fusion-layout-column fusion_builder_column fusion-builder-column-12 fusion_builder_column_1_1 1_1 fusion-flex-column\" style=\"--awb-bg-size:cover;--awb-width-large:100%;--awb-margin-top-large:0px;--awb-spacing-right-large:1.92%;--awb-margin-bottom-large:20px;--awb-spacing-left-large:1.92%;--awb-width-medium:100%;--awb-order-medium:0;--awb-spacing-right-medium:1.92%;--awb-spacing-left-medium:1.92%;--awb-width-small:100%;--awb-order-small:0;--awb-spacing-right-small:1.92%;--awb-spacing-left-small:1.92%;\"><div class=\"fusion-column-wrapper fusion-column-has-shadow fusion-flex-justify-content-flex-start fusion-content-layout-column\"><div class=\"fusion-image-element \" style=\"text-align:center;--awb-caption-title-font-family:var(--h2_typography-font-family);--awb-caption-title-font-weight:var(--h2_typography-font-weight);--awb-caption-title-font-style:var(--h2_typography-font-style);--awb-caption-title-size:var(--h2_typography-font-size);--awb-caption-title-transform:var(--h2_typography-text-transform);--awb-caption-title-line-height:var(--h2_typography-line-height);--awb-caption-title-letter-spacing:var(--h2_typography-letter-spacing);\"><span class=\" fusion-imageframe imageframe-none imageframe-5 hover-type-none\"><img decoding=\"async\" width=\"1024\" height=\"543\" alt=\"Fotograf\u00eda propiedad del Departamento de Comunicaciones TdeA\" title=\"Fotograf\u00eda propiedad del Departamento de Comunicaciones TdeA\" src=\"https:\/\/www.redttu.edu.co\/es\/wp-content\/uploads\/2022\/12\/2-1024x543.png\" class=\"img-responsive wp-image-6359\" srcset=\"https:\/\/www.redttu.edu.co\/es\/wp-content\/uploads\/2022\/12\/2-200x106.png 200w, https:\/\/www.redttu.edu.co\/es\/wp-content\/uploads\/2022\/12\/2-400x212.png 400w, https:\/\/www.redttu.edu.co\/es\/wp-content\/uploads\/2022\/12\/2-600x318.png 600w, https:\/\/www.redttu.edu.co\/es\/wp-content\/uploads\/2022\/12\/2-800x424.png 800w, https:\/\/www.redttu.edu.co\/es\/wp-content\/uploads\/2022\/12\/2.png 1200w\" sizes=\"(max-width: 1024px) 100vw, (max-width: 640px) 100vw, 1024px\" \/><\/span><\/div><\/div><\/div><\/div><\/div><div class=\"fusion-fullwidth fullwidth-box fusion-builder-row-9 fusion-flex-container has-pattern-background has-mask-background nonhundred-percent-fullwidth non-hundred-percent-height-scrolling\" style=\"--awb-border-radius-top-left:0px;--awb-border-radius-top-right:0px;--awb-border-radius-bottom-right:0px;--awb-border-radius-bottom-left:0px;--awb-flex-wrap:wrap;\" ><div class=\"fusion-builder-row fusion-row fusion-flex-align-items-flex-start fusion-flex-content-wrap\" style=\"max-width:1144px;margin-left: calc(-4% \/ 2 );margin-right: calc(-4% \/ 2 );\"><div class=\"fusion-layout-column fusion_builder_column fusion-builder-column-13 fusion_builder_column_1_1 1_1 fusion-flex-column\" style=\"--awb-bg-size:cover;--awb-width-large:100%;--awb-margin-top-large:0px;--awb-spacing-right-large:1.92%;--awb-margin-bottom-large:20px;--awb-spacing-left-large:1.92%;--awb-width-medium:100%;--awb-order-medium:0;--awb-spacing-right-medium:1.92%;--awb-spacing-left-medium:1.92%;--awb-width-small:100%;--awb-order-small:0;--awb-spacing-right-small:1.92%;--awb-spacing-left-small:1.92%;\"><div class=\"fusion-column-wrapper fusion-column-has-shadow fusion-flex-justify-content-flex-start fusion-content-layout-column\"><div class=\"fusion-text fusion-text-4\"><p style=\"text-align: justify;\"><span style=\"color: #000000;\"><strong>Los profesores debemos dejar aprender: coordinador del programa de Derecho del TdeA<\/strong><\/span><\/p>\n<p style=\"text-align: justify;\"><span style=\"color: #000000;\">\u201cEn el marco de este XV Encuentro Nacional de Decanos de Facultades de Derecho, asociadas en Acofade, estuvimos trabajando todo el tema de los escenarios que se han dado para la din\u00e1mica de las estructuras curriculares de los programas de Derecho en Colombia y he tenido una peque\u00f1a intervenci\u00f3n sobre qu\u00e9 elementos desde el entorno, del contexto, se deber\u00edan incluir en una reforma curricular\u201d, manifest\u00f3 Carlos Mario Garc\u00eda Ram\u00edrez, coordinador del programa de Derecho del Tecnol\u00f3gico de Antioquia.<\/span><\/p>\n<p style=\"text-align: justify;\"><span style=\"color: #000000;\">\u201cPlanteaba la idea de que cuando se va a reformar un programa, hay que apuntar no solamente a la estructura misma del programa, al tipo de modelo que se quisiera, sino tambi\u00e9n al tipo de profesores que se tienen para poder desarrollar esa propuesta. Porque, finalmente, cualquier propuesta curricular que se considere para un programa de Derecho, debe tener en cuenta la clase de profesores, el cuerpo profesoral con que se cuenta para poderla desarrollar. Y, un elemento importante es que, para poder permitir el aprendizaje, que es lo que finalmente se busca en un programa de Derecho, que los estudiantes aprendan Derecho y puedan egresar para ejercerlo, los profesores debemos dejar aprender. Esta ense\u00f1anza lleva consigo, que los profesores aprendamos a dejar aprender como condici\u00f3n para poder adquirir el conocimiento. B\u00e1sicamente fue la idea central que quise plantear en una sociedad que no es muy amiga de las estructuras r\u00edgidas, de los soportes, de los fundamentos, sino que plantea la volatilidad de todo, la instantaneidad de todo; como dir\u00eda Zygmunt Bauman, la liquidez en todo\u201d, agreg\u00f3 Garc\u00eda Ram\u00edrez.<\/span><\/p>\n<p style=\"text-align: justify;\"><span style=\"color: #000000;\">A modo de reflexi\u00f3n, manifest\u00f3 que: \u201cM\u00e1s esencial que ense\u00f1ar, es dejar aprender. En un contexto como el de hoy, donde el estudiante tiene el centro en la relaci\u00f3n pedag\u00f3gica maestro, el estudiante y el conocimiento, ayer el \u00e9nfasis estaba en la ense\u00f1anza, el papel protag\u00f3nico lo ten\u00eda el maestro, hoy el lugar central lo tiene el estudiante o sea que es m\u00e1s importante el aprendizaje y en ese sentido la cuesti\u00f3n est\u00e1 en que al estudiante hay que posibilitar que aprenda y el profesor debe dejar aprender. Eso es un desaprendizaje finalmente, porque uno aprende a dejar aprender al otro y esa combinaci\u00f3n es la que posibilita muy probablemente que un proyecto formativo en este campo del Derecho sea exitoso\u201d.<\/span><\/p>\n<\/div><\/div><\/div><\/div><\/div><div class=\"fusion-fullwidth fullwidth-box fusion-builder-row-10 fusion-flex-container has-pattern-background has-mask-background nonhundred-percent-fullwidth non-hundred-percent-height-scrolling\" style=\"--awb-border-radius-top-left:0px;--awb-border-radius-top-right:0px;--awb-border-radius-bottom-right:0px;--awb-border-radius-bottom-left:0px;--awb-flex-wrap:wrap;\" ><div class=\"fusion-builder-row fusion-row fusion-flex-align-items-flex-start fusion-flex-content-wrap\" style=\"max-width:1144px;margin-left: calc(-4% \/ 2 );margin-right: calc(-4% \/ 2 );\"><div class=\"fusion-layout-column fusion_builder_column fusion-builder-column-14 fusion_builder_column_1_4 1_4 fusion-flex-column\" style=\"--awb-bg-size:cover;--awb-width-large:25%;--awb-margin-top-large:0px;--awb-spacing-right-large:7.68%;--awb-margin-bottom-large:20px;--awb-spacing-left-large:7.68%;--awb-width-medium:100%;--awb-order-medium:0;--awb-spacing-right-medium:1.92%;--awb-spacing-left-medium:1.92%;--awb-width-small:100%;--awb-order-small:0;--awb-spacing-right-small:1.92%;--awb-spacing-left-small:1.92%;\"><div class=\"fusion-column-wrapper fusion-column-has-shadow fusion-flex-justify-content-flex-start fusion-content-layout-column\"><\/div><\/div><div class=\"fusion-layout-column fusion_builder_column fusion-builder-column-15 fusion_builder_column_1_4 1_4 fusion-flex-column\" style=\"--awb-bg-size:cover;--awb-width-large:25%;--awb-margin-top-large:0px;--awb-spacing-right-large:7.68%;--awb-margin-bottom-large:20px;--awb-spacing-left-large:7.68%;--awb-width-medium:100%;--awb-order-medium:0;--awb-spacing-right-medium:1.92%;--awb-spacing-left-medium:1.92%;--awb-width-small:100%;--awb-order-small:0;--awb-spacing-right-small:1.92%;--awb-spacing-left-small:1.92%;\"><div class=\"fusion-column-wrapper fusion-column-has-shadow fusion-flex-justify-content-flex-start fusion-content-layout-column\"><\/div><\/div><div class=\"fusion-layout-column fusion_builder_column fusion-builder-column-16 fusion_builder_column_1_4 1_4 fusion-flex-column\" style=\"--awb-bg-size:cover;--awb-width-large:25%;--awb-margin-top-large:0px;--awb-spacing-right-large:7.68%;--awb-margin-bottom-large:20px;--awb-spacing-left-large:7.68%;--awb-width-medium:100%;--awb-order-medium:0;--awb-spacing-right-medium:1.92%;--awb-spacing-left-medium:1.92%;--awb-width-small:100%;--awb-order-small:0;--awb-spacing-right-small:1.92%;--awb-spacing-left-small:1.92%;\"><div class=\"fusion-column-wrapper fusion-column-has-shadow fusion-flex-justify-content-flex-start fusion-content-layout-column\"><\/div><\/div><div class=\"fusion-layout-column fusion_builder_column fusion-builder-column-17 fusion_builder_column_1_4 1_4 fusion-flex-column\" style=\"--awb-bg-size:cover;--awb-width-large:25%;--awb-margin-top-large:0px;--awb-spacing-right-large:7.68%;--awb-margin-bottom-large:20px;--awb-spacing-left-large:7.68%;--awb-width-medium:100%;--awb-order-medium:0;--awb-spacing-right-medium:1.92%;--awb-spacing-left-medium:1.92%;--awb-width-small:100%;--awb-order-small:0;--awb-spacing-right-small:1.92%;--awb-spacing-left-small:1.92%;\"><div class=\"fusion-column-wrapper fusion-column-has-shadow fusion-flex-justify-content-flex-start fusion-content-layout-column\"><div class=\"fusion-image-element \" style=\"text-align:right;--awb-caption-title-font-family:var(--h2_typography-font-family);--awb-caption-title-font-weight:var(--h2_typography-font-weight);--awb-caption-title-font-style:var(--h2_typography-font-style);--awb-caption-title-size:var(--h2_typography-font-size);--awb-caption-title-transform:var(--h2_typography-text-transform);--awb-caption-title-line-height:var(--h2_typography-line-height);--awb-caption-title-letter-spacing:var(--h2_typography-letter-spacing);\"><span class=\" fusion-imageframe imageframe-none imageframe-6 hover-type-none\"><img decoding=\"async\" width=\"697\" height=\"156\" alt=\"16. TDEA\" title=\"16. TDEA\" src=\"https:\/\/www.redttu.edu.co\/es\/wp-content\/uploads\/2015\/12\/16.-TDEA.png\" class=\"img-responsive wp-image-5937\" srcset=\"https:\/\/www.redttu.edu.co\/es\/wp-content\/uploads\/2015\/12\/16.-TDEA-200x45.png 200w, https:\/\/www.redttu.edu.co\/es\/wp-content\/uploads\/2015\/12\/16.-TDEA-400x90.png 400w, https:\/\/www.redttu.edu.co\/es\/wp-content\/uploads\/2015\/12\/16.-TDEA-600x134.png 600w, https:\/\/www.redttu.edu.co\/es\/wp-content\/uploads\/2015\/12\/16.-TDEA.png 697w\" sizes=\"(max-width: 1024px) 100vw, (max-width: 640px) 100vw, 400px\" \/><\/span><\/div><div class=\"fusion-text fusion-text-5\"><p style=\"text-align: right;\"><span style=\"color: #000000;\">Departamento de Comunicaciones<\/span><br \/>\n<span style=\"color: #000000;\">fcastro@tdea.edu.co<\/span><br \/>\n<span style=\"color: #000000;\">Instituci\u00f3n Universitaria Tecnol\u00f3gico de Antioquia TdeA<\/span><\/p>\n<\/div><\/div><\/div><\/div><\/div><\/p>\n","protected":false},"excerpt":{"rendered":"","protected":false},"author":1,"featured_media":6358,"comment_status":"closed","ping_status":"closed","sticky":false,"template":"","format":"standard","meta":{"footnotes":""},"categories":[20],"tags":[],"class_list":["post-6357","post","type-post","status-publish","format-standard","has-post-thumbnail","hentry","category-noticias"],"_links":{"self":[{"href":"https:\/\/www.redttu.edu.co\/es\/wp-json\/wp\/v2\/posts\/6357","targetHints":{"allow":["GET"]}}],"collection":[{"href":"https:\/\/www.redttu.edu.co\/es\/wp-json\/wp\/v2\/posts"}],"about":[{"href":"https:\/\/www.redttu.edu.co\/es\/wp-json\/wp\/v2\/types\/post"}],"author":[{"embeddable":true,"href":"https:\/\/www.redttu.edu.co\/es\/wp-json\/wp\/v2\/users\/1"}],"replies":[{"embeddable":true,"href":"https:\/\/www.redttu.edu.co\/es\/wp-json\/wp\/v2\/comments?post=6357"}],"version-history":[{"count":3,"href":"https:\/\/www.redttu.edu.co\/es\/wp-json\/wp\/v2\/posts\/6357\/revisions"}],"predecessor-version":[{"id":6363,"href":"https:\/\/www.redttu.edu.co\/es\/wp-json\/wp\/v2\/posts\/6357\/revisions\/6363"}],"wp:featuredmedia":[{"embeddable":true,"href":"https:\/\/www.redttu.edu.co\/es\/wp-json\/wp\/v2\/media\/6358"}],"wp:attachment":[{"href":"https:\/\/www.redttu.edu.co\/es\/wp-json\/wp\/v2\/media?parent=6357"}],"wp:term":[{"taxonomy":"category","embeddable":true,"href":"https:\/\/www.redttu.edu.co\/es\/wp-json\/wp\/v2\/categories?post=6357"},{"taxonomy":"post_tag","embeddable":true,"href":"https:\/\/www.redttu.edu.co\/es\/wp-json\/wp\/v2\/tags?post=6357"}],"curies":[{"name":"wp","href":"https:\/\/api.w.org\/{rel}","templated":true}]}}