{"id":6245,"date":"2022-10-31T16:09:48","date_gmt":"2022-10-31T21:09:48","guid":{"rendered":"https:\/\/www.redttu.edu.co\/es\/?p=6245"},"modified":"2022-10-31T16:10:39","modified_gmt":"2022-10-31T21:10:39","slug":"arcesio-castro-se-posesiono-como-nuevo-rector-de-la-institucion-universitaria-itsa","status":"publish","type":"post","link":"https:\/\/www.redttu.edu.co\/es\/arcesio-castro-se-posesiono-como-nuevo-rector-de-la-institucion-universitaria-itsa\/","title":{"rendered":"ARCESIO CASTRO SE POSESION\u00d3 COMO NUEVO RECTOR DE LA INSTITUCI\u00d3N UNIVERSITARIA ITSA"},"content":{"rendered":"<p><div class=\"fusion-fullwidth fullwidth-box fusion-builder-row-1 fusion-flex-container has-pattern-background has-mask-background nonhundred-percent-fullwidth non-hundred-percent-height-scrolling\" style=\"--awb-border-radius-top-left:0px;--awb-border-radius-top-right:0px;--awb-border-radius-bottom-right:0px;--awb-border-radius-bottom-left:0px;--awb-flex-wrap:wrap;\" ><div class=\"fusion-builder-row fusion-row fusion-flex-align-items-flex-start fusion-flex-content-wrap\" style=\"max-width:1144px;margin-left: calc(-4% \/ 2 );margin-right: calc(-4% \/ 2 );\"><div class=\"fusion-layout-column fusion_builder_column fusion-builder-column-0 fusion_builder_column_1_4 1_4 fusion-flex-column\" style=\"--awb-bg-size:cover;--awb-width-large:25%;--awb-margin-top-large:0px;--awb-spacing-right-large:7.68%;--awb-margin-bottom-large:20px;--awb-spacing-left-large:7.68%;--awb-width-medium:100%;--awb-order-medium:0;--awb-spacing-right-medium:1.92%;--awb-spacing-left-medium:1.92%;--awb-width-small:100%;--awb-order-small:0;--awb-spacing-right-small:1.92%;--awb-spacing-left-small:1.92%;\"><div class=\"fusion-column-wrapper fusion-column-has-shadow fusion-flex-justify-content-flex-start fusion-content-layout-column\"><div class=\"fusion-image-element \" style=\"--awb-caption-title-font-family:var(--h2_typography-font-family);--awb-caption-title-font-weight:var(--h2_typography-font-weight);--awb-caption-title-font-style:var(--h2_typography-font-style);--awb-caption-title-size:var(--h2_typography-font-size);--awb-caption-title-transform:var(--h2_typography-text-transform);--awb-caption-title-line-height:var(--h2_typography-line-height);--awb-caption-title-letter-spacing:var(--h2_typography-letter-spacing);\"><span class=\" fusion-imageframe imageframe-none imageframe-1 hover-type-none\"><img decoding=\"async\" width=\"173\" height=\"79\" alt=\"Logo REDTTU\" title=\"Logo REDTTU\" src=\"https:\/\/www.redttu.edu.co\/es\/wp-content\/uploads\/2019\/03\/logo_x2.jpg\" class=\"img-responsive wp-image-3289\"\/><\/span><\/div><\/div><\/div><div class=\"fusion-layout-column fusion_builder_column fusion-builder-column-1 fusion_builder_column_1_4 1_4 fusion-flex-column\" style=\"--awb-bg-size:cover;--awb-width-large:25%;--awb-margin-top-large:0px;--awb-spacing-right-large:7.68%;--awb-margin-bottom-large:20px;--awb-spacing-left-large:7.68%;--awb-width-medium:100%;--awb-order-medium:0;--awb-spacing-right-medium:1.92%;--awb-spacing-left-medium:1.92%;--awb-width-small:100%;--awb-order-small:0;--awb-spacing-right-small:1.92%;--awb-spacing-left-small:1.92%;\"><div class=\"fusion-column-wrapper fusion-column-has-shadow fusion-flex-justify-content-flex-start fusion-content-layout-column\"><\/div><\/div><div class=\"fusion-layout-column fusion_builder_column fusion-builder-column-2 fusion_builder_column_1_4 1_4 fusion-flex-column\" style=\"--awb-bg-size:cover;--awb-width-large:25%;--awb-margin-top-large:0px;--awb-spacing-right-large:7.68%;--awb-margin-bottom-large:20px;--awb-spacing-left-large:7.68%;--awb-width-medium:100%;--awb-order-medium:0;--awb-spacing-right-medium:1.92%;--awb-spacing-left-medium:1.92%;--awb-width-small:100%;--awb-order-small:0;--awb-spacing-right-small:1.92%;--awb-spacing-left-small:1.92%;\"><div class=\"fusion-column-wrapper fusion-column-has-shadow fusion-flex-justify-content-flex-start fusion-content-layout-column\"><\/div><\/div><div class=\"fusion-layout-column fusion_builder_column fusion-builder-column-3 fusion_builder_column_1_4 1_4 fusion-flex-column\" style=\"--awb-bg-size:cover;--awb-width-large:25%;--awb-margin-top-large:0px;--awb-spacing-right-large:7.68%;--awb-margin-bottom-large:20px;--awb-spacing-left-large:7.68%;--awb-width-medium:100%;--awb-order-medium:0;--awb-spacing-right-medium:1.92%;--awb-spacing-left-medium:1.92%;--awb-width-small:100%;--awb-order-small:0;--awb-spacing-right-small:1.92%;--awb-spacing-left-small:1.92%;\"><div class=\"fusion-column-wrapper fusion-column-has-shadow fusion-flex-justify-content-flex-start fusion-content-layout-column\"><div class=\"fusion-image-element \" style=\"--awb-caption-title-font-family:var(--h2_typography-font-family);--awb-caption-title-font-weight:var(--h2_typography-font-weight);--awb-caption-title-font-style:var(--h2_typography-font-style);--awb-caption-title-size:var(--h2_typography-font-size);--awb-caption-title-transform:var(--h2_typography-text-transform);--awb-caption-title-line-height:var(--h2_typography-line-height);--awb-caption-title-letter-spacing:var(--h2_typography-letter-spacing);\"><span class=\" fusion-imageframe imageframe-none imageframe-2 hover-type-none\"><img decoding=\"async\" width=\"316\" height=\"463\" alt=\"17. ITSA\" title=\"17. ITSA\" src=\"https:\/\/www.redttu.edu.co\/es\/wp-content\/uploads\/2015\/12\/17.-ITSA.png\" class=\"img-responsive wp-image-5910\" srcset=\"https:\/\/www.redttu.edu.co\/es\/wp-content\/uploads\/2015\/12\/17.-ITSA-200x293.png 200w, https:\/\/www.redttu.edu.co\/es\/wp-content\/uploads\/2015\/12\/17.-ITSA.png 316w\" sizes=\"(max-width: 1024px) 100vw, (max-width: 640px) 100vw, 316px\" \/><\/span><\/div><\/div><\/div><\/div><\/div><div class=\"fusion-fullwidth fullwidth-box fusion-builder-row-2 fusion-flex-container has-pattern-background has-mask-background nonhundred-percent-fullwidth non-hundred-percent-height-scrolling\" style=\"--awb-border-radius-top-left:0px;--awb-border-radius-top-right:0px;--awb-border-radius-bottom-right:0px;--awb-border-radius-bottom-left:0px;--awb-flex-wrap:wrap;\" ><div class=\"fusion-builder-row fusion-row fusion-flex-align-items-flex-start fusion-flex-content-wrap\" style=\"max-width:1144px;margin-left: calc(-4% \/ 2 );margin-right: calc(-4% \/ 2 );\"><div class=\"fusion-layout-column fusion_builder_column fusion-builder-column-4 fusion_builder_column_1_3 1_3 fusion-flex-column\" style=\"--awb-bg-size:cover;--awb-width-large:33.333333333333%;--awb-margin-top-large:0px;--awb-spacing-right-large:5.76%;--awb-margin-bottom-large:20px;--awb-spacing-left-large:5.76%;--awb-width-medium:100%;--awb-order-medium:0;--awb-spacing-right-medium:1.92%;--awb-spacing-left-medium:1.92%;--awb-width-small:100%;--awb-order-small:0;--awb-spacing-right-small:1.92%;--awb-spacing-left-small:1.92%;\"><div class=\"fusion-column-wrapper fusion-column-has-shadow fusion-flex-justify-content-flex-start fusion-content-layout-column\"><\/div><\/div><div class=\"fusion-layout-column fusion_builder_column fusion-builder-column-5 fusion_builder_column_1_3 1_3 fusion-flex-column\" style=\"--awb-bg-size:cover;--awb-width-large:33.333333333333%;--awb-margin-top-large:0px;--awb-spacing-right-large:5.76%;--awb-margin-bottom-large:20px;--awb-spacing-left-large:5.76%;--awb-width-medium:100%;--awb-order-medium:0;--awb-spacing-right-medium:1.92%;--awb-spacing-left-medium:1.92%;--awb-width-small:100%;--awb-order-small:0;--awb-spacing-right-small:1.92%;--awb-spacing-left-small:1.92%;\"><div class=\"fusion-column-wrapper fusion-column-has-shadow fusion-flex-justify-content-flex-start fusion-content-layout-column\"><div class=\"fusion-image-element \" style=\"--awb-caption-title-font-family:var(--h2_typography-font-family);--awb-caption-title-font-weight:var(--h2_typography-font-weight);--awb-caption-title-font-style:var(--h2_typography-font-style);--awb-caption-title-size:var(--h2_typography-font-size);--awb-caption-title-transform:var(--h2_typography-text-transform);--awb-caption-title-line-height:var(--h2_typography-line-height);--awb-caption-title-letter-spacing:var(--h2_typography-letter-spacing);\"><span class=\" fusion-imageframe imageframe-none imageframe-3 hover-type-none\"><img decoding=\"async\" width=\"200\" height=\"284\" alt=\"logo flash peque\u00f1o\" title=\"logo flash peque\u00f1o\" src=\"https:\/\/www.redttu.edu.co\/es\/wp-content\/uploads\/2020\/06\/logo-flash.jpg\" class=\"img-responsive wp-image-4641\"\/><\/span><\/div><\/div><\/div><div class=\"fusion-layout-column fusion_builder_column fusion-builder-column-6 fusion_builder_column_1_3 1_3 fusion-flex-column\" style=\"--awb-bg-size:cover;--awb-width-large:33.333333333333%;--awb-margin-top-large:0px;--awb-spacing-right-large:5.76%;--awb-margin-bottom-large:20px;--awb-spacing-left-large:5.76%;--awb-width-medium:100%;--awb-order-medium:0;--awb-spacing-right-medium:1.92%;--awb-spacing-left-medium:1.92%;--awb-width-small:100%;--awb-order-small:0;--awb-spacing-right-small:1.92%;--awb-spacing-left-small:1.92%;\"><div class=\"fusion-column-wrapper fusion-column-has-shadow fusion-flex-justify-content-flex-start fusion-content-layout-column\"><\/div><\/div><\/div><\/div><div class=\"fusion-fullwidth fullwidth-box fusion-builder-row-3 fusion-flex-container has-pattern-background has-mask-background nonhundred-percent-fullwidth non-hundred-percent-height-scrolling\" style=\"--awb-border-radius-top-left:0px;--awb-border-radius-top-right:0px;--awb-border-radius-bottom-right:0px;--awb-border-radius-bottom-left:0px;--awb-flex-wrap:wrap;\" ><div class=\"fusion-builder-row fusion-row fusion-flex-align-items-flex-start fusion-flex-content-wrap\" style=\"max-width:1144px;margin-left: calc(-4% \/ 2 );margin-right: calc(-4% \/ 2 );\"><div class=\"fusion-layout-column fusion_builder_column fusion-builder-column-7 fusion_builder_column_1_1 1_1 fusion-flex-column\" style=\"--awb-bg-size:cover;--awb-width-large:100%;--awb-margin-top-large:0px;--awb-spacing-right-large:1.92%;--awb-margin-bottom-large:20px;--awb-spacing-left-large:1.92%;--awb-width-medium:100%;--awb-order-medium:0;--awb-spacing-right-medium:1.92%;--awb-spacing-left-medium:1.92%;--awb-width-small:100%;--awb-order-small:0;--awb-spacing-right-small:1.92%;--awb-spacing-left-small:1.92%;\"><div class=\"fusion-column-wrapper fusion-column-has-shadow fusion-flex-justify-content-flex-start fusion-content-layout-column\"><div class=\"fusion-title title fusion-title-1 fusion-title-text fusion-title-size-one\"><div class=\"title-sep-container title-sep-container-left fusion-no-large-visibility fusion-no-medium-visibility fusion-no-small-visibility\"><div class=\"title-sep sep-double sep-solid\" style=\"border-color:#e0dede;\"><\/div><\/div><span class=\"awb-title-spacer fusion-no-large-visibility fusion-no-medium-visibility fusion-no-small-visibility\"><\/span><h1 class=\"fusion-title-heading title-heading-left fusion-responsive-typography-calculated\" style=\"margin:0;--fontSize:34;line-height:1.41;\"><h1><b>ARCESIO CASTRO SE POSESION\u00d3 COMO NUEVO RECTOR DE LA INSTITUCI\u00d3N UNIVERSITARIA ITSA<\/b><\/h1><\/h1><span class=\"awb-title-spacer\"><\/span><div class=\"title-sep-container title-sep-container-right\"><div class=\"title-sep sep-double sep-solid\" style=\"border-color:#e0dede;\"><\/div><\/div><\/div><\/div><\/div><\/div><\/div><div class=\"fusion-fullwidth fullwidth-box fusion-builder-row-4 fusion-flex-container has-pattern-background has-mask-background nonhundred-percent-fullwidth non-hundred-percent-height-scrolling\" style=\"--awb-border-radius-top-left:0px;--awb-border-radius-top-right:0px;--awb-border-radius-bottom-right:0px;--awb-border-radius-bottom-left:0px;--awb-flex-wrap:wrap;\" ><div class=\"fusion-builder-row fusion-row fusion-flex-align-items-flex-start fusion-flex-content-wrap\" style=\"max-width:1144px;margin-left: calc(-4% \/ 2 );margin-right: calc(-4% \/ 2 );\"><div class=\"fusion-layout-column fusion_builder_column fusion-builder-column-8 fusion_builder_column_1_1 1_1 fusion-flex-column\" style=\"--awb-bg-size:cover;--awb-width-large:100%;--awb-margin-top-large:0px;--awb-spacing-right-large:1.92%;--awb-margin-bottom-large:20px;--awb-spacing-left-large:1.92%;--awb-width-medium:100%;--awb-order-medium:0;--awb-spacing-right-medium:1.92%;--awb-spacing-left-medium:1.92%;--awb-width-small:100%;--awb-order-small:0;--awb-spacing-right-small:1.92%;--awb-spacing-left-small:1.92%;\"><div class=\"fusion-column-wrapper fusion-column-has-shadow fusion-flex-justify-content-flex-start fusion-content-layout-column\"><div class=\"fusion-text fusion-text-1\"><h3 style=\"text-align: center;\"><span style=\"color: #000000;\"><em>El pasado 27 de octubre, en el auditorio de la Instituci\u00f3n Universitaria ITSA, campus Barranquilla, ante el Consejo Directivo, encabezado por el alcalde Distrital, Jaime Pumarejo Heins, se posesion\u00f3 Arcesio Juli\u00e1n Castro Agudelo como rector de la instituci\u00f3n para el periodo 2022 &#8211; 2027.<\/em><\/span><\/h3>\n<\/div><\/div><\/div><\/div><\/div><div class=\"fusion-fullwidth fullwidth-box fusion-builder-row-5 fusion-flex-container has-pattern-background has-mask-background nonhundred-percent-fullwidth non-hundred-percent-height-scrolling\" style=\"--awb-border-radius-top-left:0px;--awb-border-radius-top-right:0px;--awb-border-radius-bottom-right:0px;--awb-border-radius-bottom-left:0px;--awb-flex-wrap:wrap;\" ><div class=\"fusion-builder-row fusion-row fusion-flex-align-items-flex-start fusion-flex-content-wrap\" style=\"max-width:1144px;margin-left: calc(-4% \/ 2 );margin-right: calc(-4% \/ 2 );\"><div class=\"fusion-layout-column fusion_builder_column fusion-builder-column-9 fusion_builder_column_1_1 1_1 fusion-flex-column\" style=\"--awb-bg-size:cover;--awb-width-large:100%;--awb-margin-top-large:0px;--awb-spacing-right-large:1.92%;--awb-margin-bottom-large:20px;--awb-spacing-left-large:1.92%;--awb-width-medium:100%;--awb-order-medium:0;--awb-spacing-right-medium:1.92%;--awb-spacing-left-medium:1.92%;--awb-width-small:100%;--awb-order-small:0;--awb-spacing-right-small:1.92%;--awb-spacing-left-small:1.92%;\"><div class=\"fusion-column-wrapper fusion-column-has-shadow fusion-flex-justify-content-flex-start fusion-content-layout-column\"><div class=\"fusion-text fusion-text-2\"><p style=\"text-align: justify;\"><span style=\"color: #000000;\">La reuni\u00f3n del Consejo Directivo, que sesion\u00f3 con el \u00fanico prop\u00f3sito de dar posesi\u00f3n al nuevo rector, estuvo presidida por el alcalde de Barranquilla, Jaime Pumarejo Heins, quien expres\u00f3 su complacencia porque Arcesio Juli\u00e1n Castro Agudelo asuma el cargo para el siguiente quinquenio, durante el que deber\u00e1 liderar el proceso de transformaci\u00f3n, tanto de la instituci\u00f3n como de la educaci\u00f3n superior p\u00fablica de Barranquilla.<\/span><\/p>\n<p style=\"text-align: justify;\"><span style=\"color: #000000;\">\u201cPara el desarrollo de ITSA tenemos muchos retos, pero hoy les voy a hablar de dos (retos) que ya le hemos planteado al Consejo Directivo: ITSA es una instituci\u00f3n con origen en la tecnolog\u00eda, as\u00ed se vision\u00f3 y as\u00ed naci\u00f3. Partiendo de eso, hay que darle un nuevo aire, queremos darle un nuevo nombre, que tendremos que escoger entre todos, pero que se enmarque en esas nuevas realidades, esa realidad barranquillera y metropolitana, y que muy pronto podamos dejar de llamarla instituci\u00f3n universitaria y que se llame la nueva Universidad de Barranquilla\u201d. Manifest\u00f3 el alcalde Pumarejo.<\/span><\/p>\n<p style=\"text-align: justify;\"><span style=\"color: #000000;\">Asimismo, el alcalde anunci\u00f3 la gesti\u00f3n que se est\u00e1 haciendo para adquirir la sede del colegio San Miguel del Rosario, ubicado muy cerca del actual campus Barranquilla, y en el cual se podr\u00edan atender, en una primera etapa, m\u00e1s de 1.000 estudiantes, y en un plazo de 2 o 3 a\u00f1os, pasar a atender m\u00e1s de 3.000 j\u00f3venes egresados de los distintos colegios del Distrito, para lo cual, se requerir\u00e1 ejecutar una cifra importante de recursos.<\/span><\/p>\n<p style=\"text-align: justify;\"><span style=\"color: #000000;\">\u201cEl distrito puede invertir en el mejoramiento de esa nueva sede y en la dotaci\u00f3n de sus aulas y laboratorios para que ITSA se convierta en el operador exclusivo del programa Universidad al Barrio, as\u00ed podr\u00edamos decir que la matr\u00edcula gratuita que ofrece el Estado se puede aprovechar desde ITSA, como una universidad 100% p\u00fablica, metropolitana y de la ciudad de Barranquilla. Esa es nuestra apuesta\u201d.<\/span><\/p>\n<\/div><\/div><\/div><\/div><\/div><div class=\"fusion-fullwidth fullwidth-box fusion-builder-row-6 fusion-flex-container has-pattern-background has-mask-background nonhundred-percent-fullwidth non-hundred-percent-height-scrolling\" style=\"--awb-border-radius-top-left:0px;--awb-border-radius-top-right:0px;--awb-border-radius-bottom-right:0px;--awb-border-radius-bottom-left:0px;--awb-flex-wrap:wrap;\" ><div class=\"fusion-builder-row fusion-row fusion-flex-align-items-flex-start fusion-flex-content-wrap\" style=\"max-width:1144px;margin-left: calc(-4% \/ 2 );margin-right: calc(-4% \/ 2 );\"><div class=\"fusion-layout-column fusion_builder_column fusion-builder-column-10 fusion_builder_column_1_1 1_1 fusion-flex-column\" style=\"--awb-bg-size:cover;--awb-width-large:100%;--awb-margin-top-large:0px;--awb-spacing-right-large:1.92%;--awb-margin-bottom-large:20px;--awb-spacing-left-large:1.92%;--awb-width-medium:100%;--awb-order-medium:0;--awb-spacing-right-medium:1.92%;--awb-spacing-left-medium:1.92%;--awb-width-small:100%;--awb-order-small:0;--awb-spacing-right-small:1.92%;--awb-spacing-left-small:1.92%;\"><div class=\"fusion-column-wrapper fusion-column-has-shadow fusion-flex-justify-content-flex-start fusion-content-layout-column\"><div class=\"fusion-image-element \" style=\"text-align:center;--awb-caption-title-font-family:var(--h2_typography-font-family);--awb-caption-title-font-weight:var(--h2_typography-font-weight);--awb-caption-title-font-style:var(--h2_typography-font-style);--awb-caption-title-size:var(--h2_typography-font-size);--awb-caption-title-transform:var(--h2_typography-text-transform);--awb-caption-title-line-height:var(--h2_typography-line-height);--awb-caption-title-letter-spacing:var(--h2_typography-letter-spacing);\"><span class=\" fusion-imageframe imageframe-none imageframe-4 hover-type-none\"><img decoding=\"async\" width=\"1024\" height=\"535\" alt=\"Fotograf\u00eda de archivo ITSA\" title=\"Fotograf\u00eda de archivo ITSA\" src=\"https:\/\/www.redttu.edu.co\/es\/wp-content\/uploads\/2022\/10\/2-1024x535.jpg\" class=\"img-responsive wp-image-6248\" srcset=\"https:\/\/www.redttu.edu.co\/es\/wp-content\/uploads\/2022\/10\/2-200x105.jpg 200w, https:\/\/www.redttu.edu.co\/es\/wp-content\/uploads\/2022\/10\/2-400x209.jpg 400w, https:\/\/www.redttu.edu.co\/es\/wp-content\/uploads\/2022\/10\/2-600x314.jpg 600w, https:\/\/www.redttu.edu.co\/es\/wp-content\/uploads\/2022\/10\/2-800x418.jpg 800w, https:\/\/www.redttu.edu.co\/es\/wp-content\/uploads\/2022\/10\/2-1200x627.jpg 1200w, https:\/\/www.redttu.edu.co\/es\/wp-content\/uploads\/2022\/10\/2.jpg 1548w\" sizes=\"(max-width: 1024px) 100vw, (max-width: 640px) 100vw, 1200px\" \/><\/span><\/div><\/div><\/div><\/div><\/div><div class=\"fusion-fullwidth fullwidth-box fusion-builder-row-7 fusion-flex-container has-pattern-background has-mask-background nonhundred-percent-fullwidth non-hundred-percent-height-scrolling\" style=\"--awb-border-radius-top-left:0px;--awb-border-radius-top-right:0px;--awb-border-radius-bottom-right:0px;--awb-border-radius-bottom-left:0px;--awb-flex-wrap:wrap;\" ><div class=\"fusion-builder-row fusion-row fusion-flex-align-items-flex-start fusion-flex-content-wrap\" style=\"max-width:1144px;margin-left: calc(-4% \/ 2 );margin-right: calc(-4% \/ 2 );\"><div class=\"fusion-layout-column fusion_builder_column fusion-builder-column-11 fusion_builder_column_1_1 1_1 fusion-flex-column\" style=\"--awb-bg-size:cover;--awb-width-large:100%;--awb-margin-top-large:0px;--awb-spacing-right-large:1.92%;--awb-margin-bottom-large:20px;--awb-spacing-left-large:1.92%;--awb-width-medium:100%;--awb-order-medium:0;--awb-spacing-right-medium:1.92%;--awb-spacing-left-medium:1.92%;--awb-width-small:100%;--awb-order-small:0;--awb-spacing-right-small:1.92%;--awb-spacing-left-small:1.92%;\"><div class=\"fusion-column-wrapper fusion-column-has-shadow fusion-flex-justify-content-flex-start fusion-content-layout-column\"><div class=\"fusion-text fusion-text-3\"><h3><span style=\"color: #000000;\">Nuevos tiempos y nuevos retos<\/span><\/h3>\n<p style=\"text-align: justify;\"><span style=\"color: #000000;\">Por su parte, en su discurso de posesi\u00f3n, el nuevo rector de ITSA, Arcesio Juli\u00e1n Castro Agudelo, empez\u00f3 por reconocer la labor de las administraciones anteriores que, durante 25 a\u00f1os, han forjado la historia de la instituci\u00f3n. \u201cHoy iniciamos un nuevo cap\u00edtulo de la historia institucional. Tendremos como eje principal la formaci\u00f3n con calidad, pero con responsabilidad social. Con estas premisas, trabajaremos para impactar positivamente cada una de las partes interesadas, que nos permita<\/span><\/p>\n<p style=\"text-align: justify;\"><span style=\"color: #000000;\">coadyuvar en el fortalecimiento del tejido social, en Barranquilla y el departamento del Atl\u00e1ntico y, para eso, una de nuestras mayores apuestas es la ampliaci\u00f3n de cobertura, de manera que m\u00e1s j\u00f3venes puedan acceder a la educaci\u00f3n superior de calidad, y para ello se hace prioritario ubicarnos en nuevos y mejores espacios, que nos permitan alinearnos con las nuevas tendencias de la revoluci\u00f3n educativa, haciendo de los ciclos proped\u00e9uticos y las nuevas tecnolog\u00edas, nuestros grandes diferenciales\u201d.<\/span><\/p>\n<p style=\"text-align: justify;\"><span style=\"color: #000000;\">Tambi\u00e9n manifest\u00f3 el compromiso de ampliar la oferta acad\u00e9mica hacia nuevas \u00e1reas de conocimiento, concretamente, se refiri\u00f3 a las ciencias b\u00e1sicas y ciencias de la salud, siempre con los m\u00e1s altos est\u00e1ndares de calidad, y acorde con las necesidades de los sectores productivos de la ciudad y del departamento. Y en materia de programas de posgrados, anunci\u00f3 que pronto se iniciar\u00e1n las gestiones pertinentes para que ITSA pueda incluir, en su oferta, programas de posgrado en los niveles de maestr\u00eda y doctorado, inicialmente, relacionados con los programas que cuentan con Acreditaci\u00f3n de Alta Calidad.<\/span><\/p>\n<\/div><\/div><\/div><\/div><\/div><div class=\"fusion-fullwidth fullwidth-box fusion-builder-row-8 fusion-flex-container has-pattern-background has-mask-background nonhundred-percent-fullwidth non-hundred-percent-height-scrolling\" style=\"--awb-border-radius-top-left:0px;--awb-border-radius-top-right:0px;--awb-border-radius-bottom-right:0px;--awb-border-radius-bottom-left:0px;--awb-flex-wrap:wrap;\" ><div class=\"fusion-builder-row fusion-row fusion-flex-align-items-flex-start fusion-flex-content-wrap\" style=\"max-width:1144px;margin-left: calc(-4% \/ 2 );margin-right: calc(-4% \/ 2 );\"><div class=\"fusion-layout-column fusion_builder_column fusion-builder-column-12 fusion_builder_column_1_1 1_1 fusion-flex-column\" style=\"--awb-bg-size:cover;--awb-width-large:100%;--awb-margin-top-large:0px;--awb-spacing-right-large:1.92%;--awb-margin-bottom-large:20px;--awb-spacing-left-large:1.92%;--awb-width-medium:100%;--awb-order-medium:0;--awb-spacing-right-medium:1.92%;--awb-spacing-left-medium:1.92%;--awb-width-small:100%;--awb-order-small:0;--awb-spacing-right-small:1.92%;--awb-spacing-left-small:1.92%;\"><div class=\"fusion-column-wrapper fusion-column-has-shadow fusion-flex-justify-content-flex-start fusion-content-layout-column\"><div class=\"fusion-image-element \" style=\"text-align:center;--awb-caption-title-font-family:var(--h2_typography-font-family);--awb-caption-title-font-weight:var(--h2_typography-font-weight);--awb-caption-title-font-style:var(--h2_typography-font-style);--awb-caption-title-size:var(--h2_typography-font-size);--awb-caption-title-transform:var(--h2_typography-text-transform);--awb-caption-title-line-height:var(--h2_typography-line-height);--awb-caption-title-letter-spacing:var(--h2_typography-letter-spacing);\"><span class=\" fusion-imageframe imageframe-none imageframe-5 hover-type-none\"><img decoding=\"async\" width=\"1024\" height=\"535\" alt=\"Fotograf\u00eda de archivo ITSA\" title=\"Fotograf\u00eda de archivo ITSA\" src=\"https:\/\/www.redttu.edu.co\/es\/wp-content\/uploads\/2022\/10\/3-1024x535.jpg\" class=\"img-responsive wp-image-6249\" srcset=\"https:\/\/www.redttu.edu.co\/es\/wp-content\/uploads\/2022\/10\/3-200x105.jpg 200w, https:\/\/www.redttu.edu.co\/es\/wp-content\/uploads\/2022\/10\/3-400x209.jpg 400w, https:\/\/www.redttu.edu.co\/es\/wp-content\/uploads\/2022\/10\/3-600x314.jpg 600w, https:\/\/www.redttu.edu.co\/es\/wp-content\/uploads\/2022\/10\/3-800x418.jpg 800w, https:\/\/www.redttu.edu.co\/es\/wp-content\/uploads\/2022\/10\/3-1200x627.jpg 1200w, https:\/\/www.redttu.edu.co\/es\/wp-content\/uploads\/2022\/10\/3.jpg 1548w\" sizes=\"(max-width: 1024px) 100vw, (max-width: 640px) 100vw, 1200px\" \/><\/span><\/div><\/div><\/div><\/div><\/div><div class=\"fusion-fullwidth fullwidth-box fusion-builder-row-9 fusion-flex-container has-pattern-background has-mask-background nonhundred-percent-fullwidth non-hundred-percent-height-scrolling\" style=\"--awb-border-radius-top-left:0px;--awb-border-radius-top-right:0px;--awb-border-radius-bottom-right:0px;--awb-border-radius-bottom-left:0px;--awb-flex-wrap:wrap;\" ><div class=\"fusion-builder-row fusion-row fusion-flex-align-items-flex-start fusion-flex-content-wrap\" style=\"max-width:1144px;margin-left: calc(-4% \/ 2 );margin-right: calc(-4% \/ 2 );\"><div class=\"fusion-layout-column fusion_builder_column fusion-builder-column-13 fusion_builder_column_1_1 1_1 fusion-flex-column\" style=\"--awb-bg-size:cover;--awb-width-large:100%;--awb-margin-top-large:0px;--awb-spacing-right-large:1.92%;--awb-margin-bottom-large:20px;--awb-spacing-left-large:1.92%;--awb-width-medium:100%;--awb-order-medium:0;--awb-spacing-right-medium:1.92%;--awb-spacing-left-medium:1.92%;--awb-width-small:100%;--awb-order-small:0;--awb-spacing-right-small:1.92%;--awb-spacing-left-small:1.92%;\"><div class=\"fusion-column-wrapper fusion-column-has-shadow fusion-flex-justify-content-flex-start fusion-content-layout-column\"><div class=\"fusion-text fusion-text-4\"><p style=\"text-align: justify;\"><span style=\"color: #000000;\">Finalmente, refiri\u00e9ndose a lo que ser\u00e1 su estilo como m\u00e1xima autoridad de la instituci\u00f3n, Arcesio Castro manifest\u00f3 que \u201cDe mi parte como rector, me comprometo a trabajar para fortalecer la alianza estrat\u00e9gica que hoy d\u00eda iniciamos con el Distrito de Barranquilla, con el objetivo de transformar la vida de m\u00e1s j\u00f3venes a trav\u00e9s de la educaci\u00f3n superior, transformando las condiciones institucionales para que los j\u00f3venes tengan una mejor experiencia universitaria. Igualmente, asumo el compromiso del mejoramiento de las condiciones laborales y de resignificar el ejercicio de la docencia, pilar fundamental de la misi\u00f3n institucional. Y no menos importante, es mi compromiso como rector de trabajar con humildad y nunca dejar de ser ese compa\u00f1ero, ese amigo que estar\u00e1 ah\u00ed siempre cuando ustedes me necesiten\u201d.<\/span><\/p>\n<h3 style=\"text-align: justify;\"><span style=\"color: #000000;\">El camino de Arcesio Castro a la rector\u00eda<\/span><\/h3>\n<p style=\"text-align: left;\"><span style=\"color: #000000;\">Arcesio Juli\u00e1n Castro Agudelo fue elegido rector de ITSA por el Consejo Directivo (Acuerdo No. 014) el pasado 26 de julio, mediante el voto favorable de la mayor\u00eda de los miembros, despu\u00e9s de ser parte de una terna triestamentaria, en la cual \u00e9l represent\u00f3 a los estudiantes. De esa terna tambi\u00e9n hicieron parte Emilio Armando Zapata, rector anterior, en representaci\u00f3n de los docentes y funcionarios, y Shirley Mar\u00eda Urdaneta Cuesta, actual vicerrectora de Extensi\u00f3n e Investigaci\u00f3n, en representaci\u00f3n de los egresados.<\/span><\/p>\n<p style=\"text-align: justify;\"><span style=\"color: #000000;\">El nuevo rector de ITSA se ven\u00eda desempe\u00f1ando como vicerrector Acad\u00e9mico desde enero de 2012, y anteriormente hab\u00eda ejercido como coordinador de la Escuela de las TIC, y docente en las \u00e1reas de Electr\u00f3nica y Sistemas. Su vinculaci\u00f3n laboral con la instituci\u00f3n data de 2001.<\/span><\/p>\n<p style=\"text-align: justify;\"><span style=\"color: #000000;\">En cuanto a su formaci\u00f3n acad\u00e9mica, se destaca que es ingeniero Electr\u00f3nico, especialista en Sistemas de Telecomunicaciones, especialista en Computaci\u00f3n para la Docencia, especialista en Gerencia P\u00fablica, mag\u00edster en Inform\u00e1tica Educativa, mag\u00edster en Administraci\u00f3n de Empresas, y en la actualidad cursa un doctorado en Administraci\u00f3n.<\/span><\/p>\n<p style=\"text-align: justify;\"><span style=\"color: #000000;\">Su candidatura y posterior elecci\u00f3n a la rector\u00eda de ITSA est\u00e1 soportada en la propuesta de gobierno \u201cEducaci\u00f3n de Calidad con Responsabilidad Social\u201d, estructurada en seis ejes estrat\u00e9gicos: educaci\u00f3n de alta calidad, investigaci\u00f3n de alto nivel, extensi\u00f3n y proyecci\u00f3n social, internacionalizaci\u00f3n de la educaci\u00f3n, campus responsable y Gobierno responsable. El rector, con el apoyo de sus nuevos grupos internos de trabajo, deber\u00e1 traducir estos ejes en el Plan de Desarrollo Institucional -PDI- para los pr\u00f3ximos cinco a\u00f1os, que conduzca a las transformaciones que requiere la instituci\u00f3n para su crecimiento constante, sostenido y sustentable.<\/span><\/p>\n<\/div><\/div><\/div><\/div><\/div><div class=\"fusion-fullwidth fullwidth-box fusion-builder-row-10 fusion-flex-container has-pattern-background has-mask-background nonhundred-percent-fullwidth non-hundred-percent-height-scrolling\" style=\"--awb-border-radius-top-left:0px;--awb-border-radius-top-right:0px;--awb-border-radius-bottom-right:0px;--awb-border-radius-bottom-left:0px;--awb-flex-wrap:wrap;\" ><div class=\"fusion-builder-row fusion-row fusion-flex-align-items-flex-start fusion-flex-content-wrap\" style=\"max-width:1144px;margin-left: calc(-4% \/ 2 );margin-right: calc(-4% \/ 2 );\"><div class=\"fusion-layout-column fusion_builder_column fusion-builder-column-14 fusion_builder_column_1_4 1_4 fusion-flex-column\" style=\"--awb-bg-size:cover;--awb-width-large:25%;--awb-margin-top-large:0px;--awb-spacing-right-large:7.68%;--awb-margin-bottom-large:20px;--awb-spacing-left-large:7.68%;--awb-width-medium:100%;--awb-order-medium:0;--awb-spacing-right-medium:1.92%;--awb-spacing-left-medium:1.92%;--awb-width-small:100%;--awb-order-small:0;--awb-spacing-right-small:1.92%;--awb-spacing-left-small:1.92%;\"><div class=\"fusion-column-wrapper fusion-column-has-shadow fusion-flex-justify-content-flex-start fusion-content-layout-column\"><\/div><\/div><div class=\"fusion-layout-column fusion_builder_column fusion-builder-column-15 fusion_builder_column_1_4 1_4 fusion-flex-column\" style=\"--awb-bg-size:cover;--awb-width-large:25%;--awb-margin-top-large:0px;--awb-spacing-right-large:7.68%;--awb-margin-bottom-large:20px;--awb-spacing-left-large:7.68%;--awb-width-medium:100%;--awb-order-medium:0;--awb-spacing-right-medium:1.92%;--awb-spacing-left-medium:1.92%;--awb-width-small:100%;--awb-order-small:0;--awb-spacing-right-small:1.92%;--awb-spacing-left-small:1.92%;\"><div class=\"fusion-column-wrapper fusion-column-has-shadow fusion-flex-justify-content-flex-start fusion-content-layout-column\"><\/div><\/div><div class=\"fusion-layout-column fusion_builder_column fusion-builder-column-16 fusion_builder_column_1_4 1_4 fusion-flex-column\" style=\"--awb-bg-size:cover;--awb-width-large:25%;--awb-margin-top-large:0px;--awb-spacing-right-large:7.68%;--awb-margin-bottom-large:20px;--awb-spacing-left-large:7.68%;--awb-width-medium:100%;--awb-order-medium:0;--awb-spacing-right-medium:1.92%;--awb-spacing-left-medium:1.92%;--awb-width-small:100%;--awb-order-small:0;--awb-spacing-right-small:1.92%;--awb-spacing-left-small:1.92%;\"><div class=\"fusion-column-wrapper fusion-column-has-shadow fusion-flex-justify-content-flex-start fusion-content-layout-column\"><\/div><\/div><div class=\"fusion-layout-column fusion_builder_column fusion-builder-column-17 fusion_builder_column_1_4 1_4 fusion-flex-column\" style=\"--awb-bg-size:cover;--awb-width-large:25%;--awb-margin-top-large:0px;--awb-spacing-right-large:7.68%;--awb-margin-bottom-large:20px;--awb-spacing-left-large:7.68%;--awb-width-medium:100%;--awb-order-medium:0;--awb-spacing-right-medium:1.92%;--awb-spacing-left-medium:1.92%;--awb-width-small:100%;--awb-order-small:0;--awb-spacing-right-small:1.92%;--awb-spacing-left-small:1.92%;\"><div class=\"fusion-column-wrapper fusion-column-has-shadow fusion-flex-justify-content-flex-start fusion-content-layout-column\"><div class=\"fusion-image-element \" style=\"text-align:right;--awb-caption-title-font-family:var(--h2_typography-font-family);--awb-caption-title-font-weight:var(--h2_typography-font-weight);--awb-caption-title-font-style:var(--h2_typography-font-style);--awb-caption-title-size:var(--h2_typography-font-size);--awb-caption-title-transform:var(--h2_typography-text-transform);--awb-caption-title-line-height:var(--h2_typography-line-height);--awb-caption-title-letter-spacing:var(--h2_typography-letter-spacing);\"><span class=\" fusion-imageframe imageframe-none imageframe-6 hover-type-none\"><img decoding=\"async\" width=\"200\" height=\"108\" title=\"logo_itsa\" src=\"https:\/\/www.redttu.edu.co\/es\/wp-content\/uploads\/2019\/06\/logo_itsa-2.jpg\" alt class=\"img-responsive wp-image-3841\"\/><\/span><\/div><div class=\"fusion-text fusion-text-5\"><p style=\"text-align: right;\"><span style=\"color: #000000;\">Departamento de Comunicaciones <\/span><br \/>\n<span style=\"color: #000000;\">ITSA<\/span><\/p>\n<\/div><\/div><\/div><\/div><\/div><\/p>\n","protected":false},"excerpt":{"rendered":"","protected":false},"author":1,"featured_media":6247,"comment_status":"closed","ping_status":"closed","sticky":false,"template":"","format":"standard","meta":{"footnotes":""},"categories":[20],"tags":[687,81,232,311,688,686],"class_list":["post-6245","post","type-post","status-publish","format-standard","has-post-thumbnail","hentry","category-noticias","tag-arcesio-castro","tag-educacion","tag-educacion-de-calidad","tag-itsa","tag-itsa-barranquilla","tag-monaco"],"_links":{"self":[{"href":"https:\/\/www.redttu.edu.co\/es\/wp-json\/wp\/v2\/posts\/6245","targetHints":{"allow":["GET"]}}],"collection":[{"href":"https:\/\/www.redttu.edu.co\/es\/wp-json\/wp\/v2\/posts"}],"about":[{"href":"https:\/\/www.redttu.edu.co\/es\/wp-json\/wp\/v2\/types\/post"}],"author":[{"embeddable":true,"href":"https:\/\/www.redttu.edu.co\/es\/wp-json\/wp\/v2\/users\/1"}],"replies":[{"embeddable":true,"href":"https:\/\/www.redttu.edu.co\/es\/wp-json\/wp\/v2\/comments?post=6245"}],"version-history":[{"count":4,"href":"https:\/\/www.redttu.edu.co\/es\/wp-json\/wp\/v2\/posts\/6245\/revisions"}],"predecessor-version":[{"id":6252,"href":"https:\/\/www.redttu.edu.co\/es\/wp-json\/wp\/v2\/posts\/6245\/revisions\/6252"}],"wp:featuredmedia":[{"embeddable":true,"href":"https:\/\/www.redttu.edu.co\/es\/wp-json\/wp\/v2\/media\/6247"}],"wp:attachment":[{"href":"https:\/\/www.redttu.edu.co\/es\/wp-json\/wp\/v2\/media?parent=6245"}],"wp:term":[{"taxonomy":"category","embeddable":true,"href":"https:\/\/www.redttu.edu.co\/es\/wp-json\/wp\/v2\/categories?post=6245"},{"taxonomy":"post_tag","embeddable":true,"href":"https:\/\/www.redttu.edu.co\/es\/wp-json\/wp\/v2\/tags?post=6245"}],"curies":[{"name":"wp","href":"https:\/\/api.w.org\/{rel}","templated":true}]}}