{"id":5381,"date":"2021-10-14T12:14:58","date_gmt":"2021-10-14T17:14:58","guid":{"rendered":"https:\/\/www.redttu.edu.co\/es\/?p=5381"},"modified":"2021-10-14T16:28:28","modified_gmt":"2021-10-14T21:28:28","slug":"equipo-de-internacionalizacion-de-la-redttu-se-reunio-de-forma-presencial-virtual-para-dar-continuidad-a-la-fase-ii-del-proyecto-icetex-sobre-internacionalizacion","status":"publish","type":"post","link":"https:\/\/www.redttu.edu.co\/es\/equipo-de-internacionalizacion-de-la-redttu-se-reunio-de-forma-presencial-virtual-para-dar-continuidad-a-la-fase-ii-del-proyecto-icetex-sobre-internacionalizacion\/","title":{"rendered":"EQUIPO DE INTERNACIONALIZACI\u00d3N DE LA REDTTU SE REUNI\u00d3 EN BOGOT\u00c1 PARA DAR CONTINUIDAD A LA FASE II DEL PROYECTO CON EL ICETEX"},"content":{"rendered":"<p><div class=\"fusion-fullwidth fullwidth-box fusion-builder-row-1 fusion-flex-container nonhundred-percent-fullwidth non-hundred-percent-height-scrolling\" style=\"--awb-border-radius-top-left:0px;--awb-border-radius-top-right:0px;--awb-border-radius-bottom-right:0px;--awb-border-radius-bottom-left:0px;--awb-flex-wrap:wrap;\" ><div class=\"fusion-builder-row fusion-row fusion-flex-align-items-flex-start fusion-flex-content-wrap\" style=\"max-width:1144px;margin-left: calc(-4% \/ 2 );margin-right: calc(-4% \/ 2 );\"><div class=\"fusion-layout-column fusion_builder_column fusion-builder-column-0 fusion_builder_column_1_1 1_1 fusion-flex-column\" style=\"--awb-bg-size:cover;--awb-width-large:100%;--awb-margin-top-large:0px;--awb-spacing-right-large:1.92%;--awb-margin-bottom-large:20px;--awb-spacing-left-large:1.92%;--awb-width-medium:100%;--awb-order-medium:0;--awb-spacing-right-medium:1.92%;--awb-spacing-left-medium:1.92%;--awb-width-small:100%;--awb-order-small:0;--awb-spacing-right-small:1.92%;--awb-spacing-left-small:1.92%;\"><div class=\"fusion-column-wrapper fusion-column-has-shadow fusion-flex-justify-content-flex-start fusion-content-layout-column\"><div class=\"fusion-image-element \" style=\"--awb-caption-title-font-family:var(--h2_typography-font-family);--awb-caption-title-font-weight:var(--h2_typography-font-weight);--awb-caption-title-font-style:var(--h2_typography-font-style);--awb-caption-title-size:var(--h2_typography-font-size);--awb-caption-title-transform:var(--h2_typography-text-transform);--awb-caption-title-line-height:var(--h2_typography-line-height);--awb-caption-title-letter-spacing:var(--h2_typography-letter-spacing);\"><span class=\" fusion-imageframe imageframe-none imageframe-1 hover-type-none\"><img decoding=\"async\" width=\"200\" height=\"284\" alt=\"logo flash peque\u00f1o\" title=\"logo flash peque\u00f1o\" src=\"https:\/\/www.redttu.edu.co\/es\/wp-content\/uploads\/2020\/06\/logo-flash.jpg\" class=\"img-responsive wp-image-4641\"\/><\/span><\/div><\/div><\/div><\/div><\/div><div class=\"fusion-fullwidth fullwidth-box fusion-builder-row-2 fusion-flex-container nonhundred-percent-fullwidth non-hundred-percent-height-scrolling\" style=\"--awb-border-radius-top-left:0px;--awb-border-radius-top-right:0px;--awb-border-radius-bottom-right:0px;--awb-border-radius-bottom-left:0px;--awb-flex-wrap:wrap;\" ><div class=\"fusion-builder-row fusion-row fusion-flex-align-items-flex-start fusion-flex-content-wrap\" style=\"max-width:1144px;margin-left: calc(-4% \/ 2 );margin-right: calc(-4% \/ 2 );\"><div class=\"fusion-layout-column fusion_builder_column fusion-builder-column-1 fusion_builder_column_1_1 1_1 fusion-flex-column\" style=\"--awb-bg-size:cover;--awb-width-large:100%;--awb-margin-top-large:0px;--awb-spacing-right-large:1.92%;--awb-margin-bottom-large:20px;--awb-spacing-left-large:1.92%;--awb-width-medium:100%;--awb-order-medium:0;--awb-spacing-right-medium:1.92%;--awb-spacing-left-medium:1.92%;--awb-width-small:100%;--awb-order-small:0;--awb-spacing-right-small:1.92%;--awb-spacing-left-small:1.92%;\"><div class=\"fusion-column-wrapper fusion-column-has-shadow fusion-flex-justify-content-flex-start fusion-content-layout-column\"><div class=\"fusion-title title fusion-title-1 fusion-title-text fusion-title-size-one\"><div class=\"title-sep-container title-sep-container-left fusion-no-large-visibility fusion-no-medium-visibility fusion-no-small-visibility\"><div class=\"title-sep sep-double sep-solid\" style=\"border-color:#e0dede;\"><\/div><\/div><span class=\"awb-title-spacer fusion-no-large-visibility fusion-no-medium-visibility fusion-no-small-visibility\"><\/span><h1 class=\"fusion-title-heading title-heading-left fusion-responsive-typography-calculated\" style=\"margin:0;--fontSize:34;line-height:1.41;\"><b>EQUIPO DE INTERNACIONALIZACI\u00d3N DE LA REDTTU SE REUNI\u00d3 EN BOGOT\u00c1 PARA DAR CONTINUIDAD A LA FASE II DEL PROYECTO CON EL ICETEX\u00a0<\/b><\/h1><span class=\"awb-title-spacer\"><\/span><div class=\"title-sep-container title-sep-container-right\"><div class=\"title-sep sep-double sep-solid\" style=\"border-color:#e0dede;\"><\/div><\/div><\/div><\/div><\/div><\/div><\/div><div class=\"fusion-fullwidth fullwidth-box fusion-builder-row-3 fusion-flex-container nonhundred-percent-fullwidth non-hundred-percent-height-scrolling\" style=\"--awb-border-radius-top-left:0px;--awb-border-radius-top-right:0px;--awb-border-radius-bottom-right:0px;--awb-border-radius-bottom-left:0px;--awb-flex-wrap:wrap;\" ><div class=\"fusion-builder-row fusion-row fusion-flex-align-items-flex-start fusion-flex-content-wrap\" style=\"max-width:1144px;margin-left: calc(-4% \/ 2 );margin-right: calc(-4% \/ 2 );\"><div class=\"fusion-layout-column fusion_builder_column fusion-builder-column-2 fusion_builder_column_1_1 1_1 fusion-flex-column\" style=\"--awb-bg-size:cover;--awb-width-large:100%;--awb-margin-top-large:0px;--awb-spacing-right-large:1.92%;--awb-margin-bottom-large:20px;--awb-spacing-left-large:1.92%;--awb-width-medium:100%;--awb-order-medium:0;--awb-spacing-right-medium:1.92%;--awb-spacing-left-medium:1.92%;--awb-width-small:100%;--awb-order-small:0;--awb-spacing-right-small:1.92%;--awb-spacing-left-small:1.92%;\"><div class=\"fusion-column-wrapper fusion-column-has-shadow fusion-flex-justify-content-flex-start fusion-content-layout-column\"><div class=\"fusion-text fusion-text-1\"><p style=\"text-align: justify;\"><span style=\"font-weight: 400; color: #000000;\">El pasado 28 y 29 de septiembre se realiz\u00f3 un encuentro de manera presencial y virtual en la oficina REDTTU,\u00a0 el cual cont\u00f3 con la participaci\u00f3n de los miembros del Comit\u00e9 T\u00e9cnico de Internacionalizaci\u00f3n y el equipo de direcci\u00f3n del proyecto entre el ICETEX y la REDTTU, con el fin de dar continuidad al proceso de dise\u00f1o y presentaci\u00f3n de la fase II, sobre consolidaci\u00f3n, dirigido a las oficinas de relaciones internacionales de las 30 ITTU pertenecientes a la Red.<\/span><\/p>\n<p style=\"text-align: justify;\"><span style=\"font-weight: 400; color: #000000;\">Durante la sesi\u00f3n del d\u00eda 28 se di\u00f3 inicio a la mesa de trabajo con la bienvenida y apertura\u00a0 por parte del rector del ITA de Buga y presidente del Comit\u00e9 T\u00e9cnico de Internacionalizaci\u00f3n, Gustavo Adolfo Rubio Lozano, quien intervino de manera virtual ofreciendo un saludo de bienvenida al equipo, un agradecimiento por la labor desempe\u00f1ada durante la primera fase sobre sensibilizaci\u00f3n, en donde se desarroll\u00f3 el curso \u201cFortalecimiento de las Capacidades\u00a0 de Internacionalizaci\u00f3n para ITTU P\u00fablicas de la REDTTU\u201d, adem\u00e1s de los nuevos retos para la elaboraci\u00f3n y puesta en marcha de la segunda fase. De la sesi\u00f3n tambi\u00e9n particip\u00f3 Judith Bautista, miembro del Comit\u00e9 T\u00e9cnico de Internacionalizaci\u00f3n, en representaci\u00f3n del Instituto Superior de Educaci\u00f3n Rural &#8211; ISER.<\/span><\/p>\n<\/div><\/div><\/div><\/div><\/div><div class=\"fusion-fullwidth fullwidth-box fusion-builder-row-4 fusion-flex-container nonhundred-percent-fullwidth non-hundred-percent-height-scrolling\" style=\"--awb-border-radius-top-left:0px;--awb-border-radius-top-right:0px;--awb-border-radius-bottom-right:0px;--awb-border-radius-bottom-left:0px;--awb-flex-wrap:wrap;\" ><div class=\"fusion-builder-row fusion-row fusion-flex-align-items-flex-start fusion-flex-content-wrap\" style=\"max-width:1144px;margin-left: calc(-4% \/ 2 );margin-right: calc(-4% \/ 2 );\"><div class=\"fusion-layout-column fusion_builder_column fusion-builder-column-3 fusion_builder_column_1_1 1_1 fusion-flex-column\" style=\"--awb-bg-size:cover;--awb-width-large:100%;--awb-margin-top-large:0px;--awb-spacing-right-large:1.92%;--awb-margin-bottom-large:20px;--awb-spacing-left-large:1.92%;--awb-width-medium:100%;--awb-order-medium:0;--awb-spacing-right-medium:1.92%;--awb-spacing-left-medium:1.92%;--awb-width-small:100%;--awb-order-small:0;--awb-spacing-right-small:1.92%;--awb-spacing-left-small:1.92%;\"><div class=\"fusion-column-wrapper fusion-column-has-shadow fusion-flex-justify-content-flex-start fusion-content-layout-column\"><div class=\"fusion-image-element \" style=\"text-align:center;--awb-caption-title-font-family:var(--h2_typography-font-family);--awb-caption-title-font-weight:var(--h2_typography-font-weight);--awb-caption-title-font-style:var(--h2_typography-font-style);--awb-caption-title-size:var(--h2_typography-font-size);--awb-caption-title-transform:var(--h2_typography-text-transform);--awb-caption-title-line-height:var(--h2_typography-line-height);--awb-caption-title-letter-spacing:var(--h2_typography-letter-spacing);\"><span class=\" fusion-imageframe imageframe-none imageframe-2 hover-type-none\"><img decoding=\"async\" width=\"1280\" height=\"960\" alt=\"Equipo de internacionalizaci\u00f3n de la REDTTU, mesa de trabajo 28 y 29 de septiembre. Fotograf\u00eda de archivo, propiedad del Departamento de Comunicaciones de la REDTTU.\" title=\"Equipo de internacionalizaci\u00f3n de la REDTTU, mesa de trabajo 28 y 29 de septiembre. Fotograf\u00eda de archivo, propiedad del Departamento de Comunicaciones de la REDTTU.\" src=\"https:\/\/www.redttu.edu.co\/es\/wp-content\/uploads\/2021\/10\/WhatsApp-Image-2021-09-29-at-09.35.56-1.jpeg\" class=\"img-responsive wp-image-5383\" srcset=\"https:\/\/www.redttu.edu.co\/es\/wp-content\/uploads\/2021\/10\/WhatsApp-Image-2021-09-29-at-09.35.56-1-200x150.jpeg 200w, https:\/\/www.redttu.edu.co\/es\/wp-content\/uploads\/2021\/10\/WhatsApp-Image-2021-09-29-at-09.35.56-1-400x300.jpeg 400w, https:\/\/www.redttu.edu.co\/es\/wp-content\/uploads\/2021\/10\/WhatsApp-Image-2021-09-29-at-09.35.56-1-600x450.jpeg 600w, https:\/\/www.redttu.edu.co\/es\/wp-content\/uploads\/2021\/10\/WhatsApp-Image-2021-09-29-at-09.35.56-1-800x600.jpeg 800w, https:\/\/www.redttu.edu.co\/es\/wp-content\/uploads\/2021\/10\/WhatsApp-Image-2021-09-29-at-09.35.56-1-1200x900.jpeg 1200w, https:\/\/www.redttu.edu.co\/es\/wp-content\/uploads\/2021\/10\/WhatsApp-Image-2021-09-29-at-09.35.56-1.jpeg 1280w\" sizes=\"(max-width: 1024px) 100vw, (max-width: 640px) 100vw, 1200px\" \/><\/span><\/div><div class=\"fusion-text fusion-text-2\"><h6 style=\"text-align: center;\"><span style=\"color: #000000;\"><i><span style=\"font-weight: 400;\">Equipo de internacionalizaci\u00f3n de la REDTTU,\u00a0 mesa de trabajo 28 y 29 de septiembre. <\/span><\/i><b><i>\u00a0Fotograf\u00eda de archivo, propiedad del Departamento de Comunicaciones de la REDTTU.<\/i><\/b><\/span><\/h6>\n<\/div><\/div><\/div><\/div><\/div><div class=\"fusion-fullwidth fullwidth-box fusion-builder-row-5 fusion-flex-container nonhundred-percent-fullwidth non-hundred-percent-height-scrolling\" style=\"--awb-border-radius-top-left:0px;--awb-border-radius-top-right:0px;--awb-border-radius-bottom-right:0px;--awb-border-radius-bottom-left:0px;--awb-flex-wrap:wrap;\" ><div class=\"fusion-builder-row fusion-row fusion-flex-align-items-flex-start fusion-flex-content-wrap\" style=\"max-width:1144px;margin-left: calc(-4% \/ 2 );margin-right: calc(-4% \/ 2 );\"><div class=\"fusion-layout-column fusion_builder_column fusion-builder-column-4 fusion_builder_column_1_1 1_1 fusion-flex-column\" style=\"--awb-bg-size:cover;--awb-width-large:100%;--awb-margin-top-large:0px;--awb-spacing-right-large:1.92%;--awb-margin-bottom-large:20px;--awb-spacing-left-large:1.92%;--awb-width-medium:100%;--awb-order-medium:0;--awb-spacing-right-medium:1.92%;--awb-spacing-left-medium:1.92%;--awb-width-small:100%;--awb-order-small:0;--awb-spacing-right-small:1.92%;--awb-spacing-left-small:1.92%;\"><div class=\"fusion-column-wrapper fusion-column-has-shadow fusion-flex-justify-content-flex-start fusion-content-layout-column\"><div class=\"fusion-text fusion-text-3\"><p style=\"text-align: justify;\"><span style=\"font-weight: 400; color: #000000;\">Con la\u00a0 finalidad de dar continuidad al proceso\u00a0 desarrollado durante la fase I, se plante\u00f3\u00a0 definir los objetivos y el rumbo que tomar\u00e1 la segunda fase del proyecto, teniendo en cuenta el componente base de esta fase que corresponde a la consolidaci\u00f3n y la implementaci\u00f3n de las\u00a0 oficinas de relaciones internacionales de las ITTU adscritas a la Red, y adem\u00e1s se fij\u00f3 un acuerdo en donde las instituciones ser\u00e1n evaluadas de forma previa para as\u00ed determinar las necesidades\u00a0 y el proceso de implementaci\u00f3n que se desarrollar\u00e1 en cada instituci\u00f3n seg\u00fan sus necesidades.<\/span><\/p>\n<p style=\"text-align: justify;\"><span style=\"font-weight: 400;\">\u00a0<\/span><\/p>\n<\/div><\/div><\/div><\/div><\/div><div class=\"fusion-fullwidth fullwidth-box fusion-builder-row-6 fusion-flex-container nonhundred-percent-fullwidth non-hundred-percent-height-scrolling\" style=\"--awb-border-radius-top-left:0px;--awb-border-radius-top-right:0px;--awb-border-radius-bottom-right:0px;--awb-border-radius-bottom-left:0px;--awb-flex-wrap:wrap;\" ><div class=\"fusion-builder-row fusion-row fusion-flex-align-items-flex-start fusion-flex-content-wrap\" style=\"max-width:1144px;margin-left: calc(-4% \/ 2 );margin-right: calc(-4% \/ 2 );\"><div class=\"fusion-layout-column fusion_builder_column fusion-builder-column-5 fusion_builder_column_1_1 1_1 fusion-flex-column\" style=\"--awb-bg-size:cover;--awb-width-large:100%;--awb-margin-top-large:0px;--awb-spacing-right-large:1.92%;--awb-margin-bottom-large:20px;--awb-spacing-left-large:1.92%;--awb-width-medium:100%;--awb-order-medium:0;--awb-spacing-right-medium:1.92%;--awb-spacing-left-medium:1.92%;--awb-width-small:100%;--awb-order-small:0;--awb-spacing-right-small:1.92%;--awb-spacing-left-small:1.92%;\"><div class=\"fusion-column-wrapper fusion-column-has-shadow fusion-flex-justify-content-flex-start fusion-content-layout-column\"><div class=\"fusion-image-element \" style=\"text-align:center;--awb-caption-title-font-family:var(--h2_typography-font-family);--awb-caption-title-font-weight:var(--h2_typography-font-weight);--awb-caption-title-font-style:var(--h2_typography-font-style);--awb-caption-title-size:var(--h2_typography-font-size);--awb-caption-title-transform:var(--h2_typography-text-transform);--awb-caption-title-line-height:var(--h2_typography-line-height);--awb-caption-title-letter-spacing:var(--h2_typography-letter-spacing);\"><span class=\" fusion-imageframe imageframe-none imageframe-3 hover-type-none\"><img decoding=\"async\" width=\"2000\" height=\"1600\" alt=\"Miembros del equipo de internacionalizaci\u00f3n\" title=\"Miembros del equipo de internacionalizaci\u00f3n\" src=\"https:\/\/www.redttu.edu.co\/es\/wp-content\/uploads\/2021\/10\/Flores-y-Plantas.jpg\" class=\"img-responsive wp-image-5393\" srcset=\"https:\/\/www.redttu.edu.co\/es\/wp-content\/uploads\/2021\/10\/Flores-y-Plantas-200x160.jpg 200w, https:\/\/www.redttu.edu.co\/es\/wp-content\/uploads\/2021\/10\/Flores-y-Plantas-400x320.jpg 400w, https:\/\/www.redttu.edu.co\/es\/wp-content\/uploads\/2021\/10\/Flores-y-Plantas-600x480.jpg 600w, https:\/\/www.redttu.edu.co\/es\/wp-content\/uploads\/2021\/10\/Flores-y-Plantas-800x640.jpg 800w, https:\/\/www.redttu.edu.co\/es\/wp-content\/uploads\/2021\/10\/Flores-y-Plantas-1200x960.jpg 1200w, https:\/\/www.redttu.edu.co\/es\/wp-content\/uploads\/2021\/10\/Flores-y-Plantas.jpg 2000w\" sizes=\"(max-width: 1024px) 100vw, (max-width: 640px) 100vw, 1200px\" \/><\/span><\/div><div class=\"fusion-text fusion-text-4\"><h6 style=\"text-align: center;\"><span style=\"color: #000000;\"><i><span style=\"font-weight: 400;\">De izq. a der.\u00a0<\/span><\/i><i><span style=\"font-weight: 400;\">Yesenia Perea (UNIAJC),\u00a0<\/span><\/i><i><span style=\"font-weight: 400;\">Kelly Berm\u00fadez\u00a0Infotep San Juan del Cesar, <\/span><\/i><i><span style=\"font-weight: 400;\">Juan Guillermo Mazo IU Pascual Bravo, <\/span><\/i><i><span style=\"font-weight: 400;\">Martha Valencia (ENDEPORTE) <\/span><\/i><i><span style=\"font-weight: 400;\">, Milena Mej\u00eda IU Pascual Bravo y <\/span><\/i><i><span style=\"font-weight: 400;\">Doris Hern\u00e1ndez Dukova (ETITC).<\/span><\/i><b><i> Fotograf\u00eda de archivo, propiedad del Departamento de Comunicaciones de la REDTTU.<\/i><\/b><\/span><\/h6>\n<\/div><\/div><\/div><\/div><\/div><div class=\"fusion-fullwidth fullwidth-box fusion-builder-row-7 fusion-flex-container nonhundred-percent-fullwidth non-hundred-percent-height-scrolling\" style=\"--awb-border-radius-top-left:0px;--awb-border-radius-top-right:0px;--awb-border-radius-bottom-right:0px;--awb-border-radius-bottom-left:0px;--awb-flex-wrap:wrap;\" ><div class=\"fusion-builder-row fusion-row fusion-flex-align-items-flex-start fusion-flex-content-wrap\" style=\"max-width:1144px;margin-left: calc(-4% \/ 2 );margin-right: calc(-4% \/ 2 );\"><div class=\"fusion-layout-column fusion_builder_column fusion-builder-column-6 fusion_builder_column_1_1 1_1 fusion-flex-column\" style=\"--awb-bg-size:cover;--awb-width-large:100%;--awb-margin-top-large:0px;--awb-spacing-right-large:1.92%;--awb-margin-bottom-large:20px;--awb-spacing-left-large:1.92%;--awb-width-medium:100%;--awb-order-medium:0;--awb-spacing-right-medium:1.92%;--awb-spacing-left-medium:1.92%;--awb-width-small:100%;--awb-order-small:0;--awb-spacing-right-small:1.92%;--awb-spacing-left-small:1.92%;\"><div class=\"fusion-column-wrapper fusion-column-has-shadow fusion-flex-justify-content-flex-start fusion-content-layout-column\"><div class=\"fusion-text fusion-text-5\"><p style=\"text-align: justify;\"><span style=\"font-weight: 400; color: #000000;\">Al respecto Jennifer Niebles Lubo,\u00a0 jefe de la Oficina de Relaciones Internacionales de la Instituci\u00f3n Universitaria ITSA y miembro del Comit\u00e9 T\u00e9cnico de Internacionalizaci\u00f3n, se refiri\u00f3 afirmando que la reuni\u00f3n deja como saldo un avance significativo en la propuesta que se presentar\u00e1 a ICETEX, adem\u00e1s recalc\u00f3 que\u00a0 el encuentro se concentr\u00f3 en tres puntos: alcance de la propuesta,\u00a0 financiaci\u00f3n\u00a0 e impacto institucional, sobre los cuales se definieron l\u00edneas de acci\u00f3n y de atenci\u00f3n al proyecto.<\/span><\/p>\n<\/div><\/div><\/div><\/div><\/div><div class=\"fusion-fullwidth fullwidth-box fusion-builder-row-8 fusion-flex-container nonhundred-percent-fullwidth non-hundred-percent-height-scrolling\" style=\"--awb-border-radius-top-left:0px;--awb-border-radius-top-right:0px;--awb-border-radius-bottom-right:0px;--awb-border-radius-bottom-left:0px;--awb-flex-wrap:wrap;\" ><div class=\"fusion-builder-row fusion-row fusion-flex-align-items-flex-start fusion-flex-content-wrap\" style=\"max-width:1144px;margin-left: calc(-4% \/ 2 );margin-right: calc(-4% \/ 2 );\"><div class=\"fusion-layout-column fusion_builder_column fusion-builder-column-7 fusion_builder_column_1_4 1_4 fusion-flex-column\" style=\"--awb-bg-size:cover;--awb-width-large:25%;--awb-margin-top-large:0px;--awb-spacing-right-large:7.68%;--awb-margin-bottom-large:20px;--awb-spacing-left-large:7.68%;--awb-width-medium:100%;--awb-order-medium:0;--awb-spacing-right-medium:1.92%;--awb-spacing-left-medium:1.92%;--awb-width-small:100%;--awb-order-small:0;--awb-spacing-right-small:1.92%;--awb-spacing-left-small:1.92%;\"><div class=\"fusion-column-wrapper fusion-column-has-shadow fusion-flex-justify-content-flex-start fusion-content-layout-column\"><\/div><\/div><div class=\"fusion-layout-column fusion_builder_column fusion-builder-column-8 fusion_builder_column_1_4 1_4 fusion-flex-column\" style=\"--awb-bg-size:cover;--awb-width-large:25%;--awb-margin-top-large:0px;--awb-spacing-right-large:7.68%;--awb-margin-bottom-large:20px;--awb-spacing-left-large:7.68%;--awb-width-medium:100%;--awb-order-medium:0;--awb-spacing-right-medium:1.92%;--awb-spacing-left-medium:1.92%;--awb-width-small:100%;--awb-order-small:0;--awb-spacing-right-small:1.92%;--awb-spacing-left-small:1.92%;\"><div class=\"fusion-column-wrapper fusion-column-has-shadow fusion-flex-justify-content-flex-start fusion-content-layout-column\"><\/div><\/div><div class=\"fusion-layout-column fusion_builder_column fusion-builder-column-9 fusion_builder_column_1_4 1_4 fusion-flex-column\" style=\"--awb-bg-size:cover;--awb-width-large:25%;--awb-margin-top-large:0px;--awb-spacing-right-large:7.68%;--awb-margin-bottom-large:20px;--awb-spacing-left-large:7.68%;--awb-width-medium:100%;--awb-order-medium:0;--awb-spacing-right-medium:1.92%;--awb-spacing-left-medium:1.92%;--awb-width-small:100%;--awb-order-small:0;--awb-spacing-right-small:1.92%;--awb-spacing-left-small:1.92%;\"><div class=\"fusion-column-wrapper fusion-column-has-shadow fusion-flex-justify-content-flex-start fusion-content-layout-column\"><\/div><\/div><div class=\"fusion-layout-column fusion_builder_column fusion-builder-column-10 fusion_builder_column_1_4 1_4 fusion-flex-column\" style=\"--awb-bg-size:cover;--awb-width-large:25%;--awb-margin-top-large:0px;--awb-spacing-right-large:7.68%;--awb-margin-bottom-large:20px;--awb-spacing-left-large:7.68%;--awb-width-medium:100%;--awb-order-medium:0;--awb-spacing-right-medium:1.92%;--awb-spacing-left-medium:1.92%;--awb-width-small:100%;--awb-order-small:0;--awb-spacing-right-small:1.92%;--awb-spacing-left-small:1.92%;\"><div class=\"fusion-column-wrapper fusion-column-has-shadow fusion-flex-justify-content-flex-start fusion-content-layout-column\"><div class=\"fusion-image-element \" style=\"--awb-caption-title-font-family:var(--h2_typography-font-family);--awb-caption-title-font-weight:var(--h2_typography-font-weight);--awb-caption-title-font-style:var(--h2_typography-font-style);--awb-caption-title-size:var(--h2_typography-font-size);--awb-caption-title-transform:var(--h2_typography-text-transform);--awb-caption-title-line-height:var(--h2_typography-line-height);--awb-caption-title-letter-spacing:var(--h2_typography-letter-spacing);\"><span class=\" fusion-imageframe imageframe-none imageframe-4 hover-type-none\"><img decoding=\"async\" width=\"173\" height=\"79\" alt=\"Logo REDTTU\" title=\"Logo REDTTU\" src=\"https:\/\/www.redttu.edu.co\/es\/wp-content\/uploads\/2019\/03\/logo_x2.jpg\" class=\"img-responsive wp-image-3289\"\/><\/span><\/div><div class=\"fusion-text fusion-text-6\"><p style=\"text-align: right;\"><span style=\"font-weight: 400; color: #000000;\">Karen Yulieth Forero P\u00e1ez<\/span><\/p>\n<p style=\"text-align: right;\"><span style=\"font-weight: 400; color: #000000;\">Coordinadora de Comunicaciones<\/span><\/p>\n<p style=\"text-align: right;\"><span style=\"color: #000000;\"><a style=\"color: #000000;\" href=\"mailto:comunicaciones@redttu.edu.co\"><span style=\"font-weight: 400;\">comunicaciones@redttu.edu.co<\/span><\/a><\/span><\/p>\n<\/div><\/div><\/div><\/div><\/div><\/p>\n","protected":false},"excerpt":{"rendered":"","protected":false},"author":1,"featured_media":5382,"comment_status":"closed","ping_status":"closed","sticky":false,"template":"","format":"standard","meta":{"footnotes":""},"categories":[78],"tags":[285,283,282,286,196,287,284],"class_list":["post-5381","post","type-post","status-publish","format-standard","has-post-thumbnail","hentry","category-flash","tag-comite-tecnico-de-internacionalizacion","tag-consejor","tag-equipo-de-internacionalizacion","tag-fase-ii-consilidacion","tag-mesa-de-trabajo","tag-oficinas-de-cooperacion-internacional","tag-proyecto-icetex-fase-ii"],"_links":{"self":[{"href":"https:\/\/www.redttu.edu.co\/es\/wp-json\/wp\/v2\/posts\/5381","targetHints":{"allow":["GET"]}}],"collection":[{"href":"https:\/\/www.redttu.edu.co\/es\/wp-json\/wp\/v2\/posts"}],"about":[{"href":"https:\/\/www.redttu.edu.co\/es\/wp-json\/wp\/v2\/types\/post"}],"author":[{"embeddable":true,"href":"https:\/\/www.redttu.edu.co\/es\/wp-json\/wp\/v2\/users\/1"}],"replies":[{"embeddable":true,"href":"https:\/\/www.redttu.edu.co\/es\/wp-json\/wp\/v2\/comments?post=5381"}],"version-history":[{"count":6,"href":"https:\/\/www.redttu.edu.co\/es\/wp-json\/wp\/v2\/posts\/5381\/revisions"}],"predecessor-version":[{"id":5396,"href":"https:\/\/www.redttu.edu.co\/es\/wp-json\/wp\/v2\/posts\/5381\/revisions\/5396"}],"wp:featuredmedia":[{"embeddable":true,"href":"https:\/\/www.redttu.edu.co\/es\/wp-json\/wp\/v2\/media\/5382"}],"wp:attachment":[{"href":"https:\/\/www.redttu.edu.co\/es\/wp-json\/wp\/v2\/media?parent=5381"}],"wp:term":[{"taxonomy":"category","embeddable":true,"href":"https:\/\/www.redttu.edu.co\/es\/wp-json\/wp\/v2\/categories?post=5381"},{"taxonomy":"post_tag","embeddable":true,"href":"https:\/\/www.redttu.edu.co\/es\/wp-json\/wp\/v2\/tags?post=5381"}],"curies":[{"name":"wp","href":"https:\/\/api.w.org\/{rel}","templated":true}]}}