{"id":4669,"date":"2020-07-24T11:55:43","date_gmt":"2020-07-24T16:55:43","guid":{"rendered":"http:\/\/www.redttu.edu.co\/es\/?p=4669"},"modified":"2020-07-24T11:55:43","modified_gmt":"2020-07-24T16:55:43","slug":"declaracion-publica-del-consejo-directivo-de-rectores-y-la-direccion-ejecutiva-a-proposito-del-comunicado-de-prensa-del-itsa-de-barranquilla","status":"publish","type":"post","link":"https:\/\/www.redttu.edu.co\/es\/declaracion-publica-del-consejo-directivo-de-rectores-y-la-direccion-ejecutiva-a-proposito-del-comunicado-de-prensa-del-itsa-de-barranquilla\/","title":{"rendered":"DECLARACI\u00d3N P\u00daBLICA DEL CONSEJO DIRECTIVO DE RECTORES Y LA DIRECCI\u00d3N EJECUTIVA A PROP\u00d3SITO DEL COMUNICADO DE PRENSA DEL  ITSA DE BARRANQUILLA"},"content":{"rendered":"<p><span style=\"color: #000000;\">Bogot\u00e1 D.C., 16 de julio de 2020<\/span><\/p>\n<p>&nbsp;<\/p>\n<p style=\"text-align: justify;\"><span style=\"color: #000000;\">El pasado 14 de julio de 2020, el Rector de la Instituci\u00f3n Universitaria ITSA de Barranquilla, Emilio Armando Zapata, present\u00f3 ante el Concejo de la ciudad el \u201cInforme de gesti\u00f3n y destinaci\u00f3n espec\u00edfica de los recursos de la Estampilla Pro- Desarrollo Cient\u00edfico y Tecnol\u00f3gico\u201d. La argumentaci\u00f3n expuesta por el rector Zapata dividi\u00f3 las opiniones de los Concejales; dado que algunos de ellos se\u00f1alaron posibles inconsistencias entre las cifras presentadas por la Instituci\u00f3n y las de la Secretar\u00eda de Educaci\u00f3n Distrital.<\/span><\/p>\n<p style=\"text-align: justify;\"><span style=\"color: #000000;\">Ante esta situaci\u00f3n, el ITSA emiti\u00f3 un comunicado de prensa en el que expresa, en primer lugar, la importancia de comprender las diferencias existentes entre el car\u00e1cter acad\u00e9mico y legal de las Instituciones Universitarias respecto de las Universidades, de acuerdo con la Ley 30 de 1992.<\/span><\/p>\n<p style=\"text-align: justify;\"><span style=\"color: #000000;\">Mientras las universidades p\u00fablicas reciben del Presupuesto General de la Naci\u00f3n alrededor de 12 millones de pesos por estudiante, una Instituci\u00f3n T\u00e9cnica Profesional, Tecnol\u00f3gica e Instituci\u00f3n Universitaria p\u00fablica recibe en promedio 3 millones de pesos por estudiante, suma que resulta insuficiente para atender los gastos de matr\u00edcula, operaci\u00f3n, recursos humanos y tecnolog\u00eda, en atenci\u00f3n a los criterios de calidad de la educaci\u00f3n superior.<\/span><\/p>\n<p style=\"text-align: justify;\"><span style=\"color: #000000;\">En el caso particular de las Instituciones Universitarias P\u00fablicas, como el ITSA, \u00e9stas deben apoyarse para su funcionamiento en una gesti\u00f3n eficiente y transparente. Su mayor ingreso proviene de las matr\u00edculas, la venta de servicios especializados y los aportes recibidos de los entes territoriales.<\/span><\/p>\n<p style=\"text-align: justify;\"><span style=\"color: #000000;\">El Rector Zapata resalt\u00f3 que el ITSA ha obtenido un recaudo de $11.119.853.854 por concepto de la Estampilla Pro- Desarrollo Cient\u00edfico y Tecnol\u00f3gico, que tiene como destinaci\u00f3n espec\u00edfica la construcci\u00f3n de las sedes o campus universitarios requeridos por la Instituci\u00f3n, y no pueden ser invertidos con otro objetivo. Adicionalmente, las decisiones sobre la inversi\u00f3n de estos recursos son tomadas por el Consejo Directivo, que preside el se\u00f1or Alcalde, quien tiene como delegada a la Secretaria de Educaci\u00f3n, instancia decisoria que brinda las m\u00e1s exigentes garant\u00edas de pulcritud y buen manejo de los recursos p\u00fablicos.<\/span><\/p>\n<p style=\"text-align: justify;\"><span style=\"color: #000000;\">El ITSA como instituci\u00f3n de educaci\u00f3n superior p\u00fablica, no solo es referente en la regi\u00f3n Caribe colombiana, sino que tambi\u00e9n, se ha hecho a un buen nombre en el pa\u00eds en este sector. Cuenta con 30 programas acad\u00e9micos de los cuales 14 tienen acreditaci\u00f3n de alta calidad; adem\u00e1s, un n\u00famero aproximado de 10.000 estudiantes en sus procesos cuatrimestrales y 150 docentes de los cuales un buen porcentaje se encuentra adelantando procesos de actualizaci\u00f3n y acreditaci\u00f3n. El ITSA, tambi\u00e9n, avanza en programas de internacionalizaci\u00f3n, cobertura y fomento a la calidad, de acuerdo con su funci\u00f3n misional.<\/span><\/p>\n<p style=\"text-align: justify;\"><span style=\"color: #000000;\">Es importante se\u00f1alar que estos logros son tambi\u00e9n m\u00e9rito del rector Emilio Zapata, quien se desempe\u00f1\u00f3 durante varios a\u00f1os como vicerrector acad\u00e9mico del ITSA, es experto en temas de calidad de la educaci\u00f3n superior como Consejero del CNA, ocup\u00f3 la Presidencia del Consejo Directivo de Rectores de la REDTTU en el periodo 2016-2018, y goza del reconocimiento de la comunidad acad\u00e9mica nacional.<\/span><\/p>\n<p style=\"text-align: justify;\"><span style=\"color: #000000;\">El Consejo Directivo de Rectores y la Direcci\u00f3n Ejecutiva de la REDTTU expresan la solidaridad al Rector Emilio Armando Zapata, y valoran el desempe\u00f1o institucional del ITSA; as\u00ed mismo, conf\u00edan en que las diferencias de apreciaci\u00f3n presentadas con el Concejo de Barranquilla sean superadas con plena satisfacci\u00f3n para las partes, en beneficio de la comunidad estudiantil de la ciudad y el departamento, siempre en el marco del respeto y la institucionalidad.<\/span><\/p>\n","protected":false},"excerpt":{"rendered":"<p>Bogot\u00e1 D.C., 16 de julio de 2020 &nbsp; El pasado 14 de julio de 2020, el Rector de la Instituci\u00f3n Universitaria ITSA de Barranquilla, Emilio Armando Zapata, present\u00f3 ante el Concejo de la ciudad el \u201cInforme de gesti\u00f3n y destinaci\u00f3n espec\u00edfica de los recursos de la Estampilla Pro- Desarrollo Cient\u00edfico y Tecnol\u00f3gico\u201d. La argumentaci\u00f3n expuesta por el rector Zapata dividi\u00f3 las opiniones de los Concejales; dado que algunos de ellos se\u00f1alaron posibles inconsistencias entre las cifras presentadas por la Instituci\u00f3n y las de la Secretar\u00eda de Educaci\u00f3n Distrital. Ante esta situaci\u00f3n, el ITSA emiti\u00f3 un comunicado de prensa en el [&hellip;]<\/p>\n","protected":false},"author":1,"featured_media":4497,"comment_status":"closed","ping_status":"closed","sticky":false,"template":"","format":"standard","meta":{"footnotes":""},"categories":[20],"tags":[],"class_list":["post-4669","post","type-post","status-publish","format-standard","has-post-thumbnail","hentry","category-noticias"],"_links":{"self":[{"href":"https:\/\/www.redttu.edu.co\/es\/wp-json\/wp\/v2\/posts\/4669","targetHints":{"allow":["GET"]}}],"collection":[{"href":"https:\/\/www.redttu.edu.co\/es\/wp-json\/wp\/v2\/posts"}],"about":[{"href":"https:\/\/www.redttu.edu.co\/es\/wp-json\/wp\/v2\/types\/post"}],"author":[{"embeddable":true,"href":"https:\/\/www.redttu.edu.co\/es\/wp-json\/wp\/v2\/users\/1"}],"replies":[{"embeddable":true,"href":"https:\/\/www.redttu.edu.co\/es\/wp-json\/wp\/v2\/comments?post=4669"}],"version-history":[{"count":2,"href":"https:\/\/www.redttu.edu.co\/es\/wp-json\/wp\/v2\/posts\/4669\/revisions"}],"predecessor-version":[{"id":4671,"href":"https:\/\/www.redttu.edu.co\/es\/wp-json\/wp\/v2\/posts\/4669\/revisions\/4671"}],"wp:featuredmedia":[{"embeddable":true,"href":"https:\/\/www.redttu.edu.co\/es\/wp-json\/wp\/v2\/media\/4497"}],"wp:attachment":[{"href":"https:\/\/www.redttu.edu.co\/es\/wp-json\/wp\/v2\/media?parent=4669"}],"wp:term":[{"taxonomy":"category","embeddable":true,"href":"https:\/\/www.redttu.edu.co\/es\/wp-json\/wp\/v2\/categories?post=4669"},{"taxonomy":"post_tag","embeddable":true,"href":"https:\/\/www.redttu.edu.co\/es\/wp-json\/wp\/v2\/tags?post=4669"}],"curies":[{"name":"wp","href":"https:\/\/api.w.org\/{rel}","templated":true}]}}