{"id":2414,"date":"2018-07-31T20:30:54","date_gmt":"2018-07-31T20:30:54","guid":{"rendered":"http:\/\/www.redttu.edu.co\/es\/?p=2414"},"modified":"2018-12-18T11:36:25","modified_gmt":"2018-12-18T16:36:25","slug":"boletin-informativo-de-la-direccion-ejecutiva-no-19","status":"publish","type":"post","link":"https:\/\/www.redttu.edu.co\/es\/boletin-informativo-de-la-direccion-ejecutiva-no-19\/","title":{"rendered":"BOLET\u00cdN INFORMATIVO DE LA DIRECCI\u00d3N EJECUTIVA No. 19"},"content":{"rendered":"<p><img decoding=\"async\" class=\"wp-image-1344 aligncenter\" src=\"http:\/\/www.redttu.edu.co\/es\/wp-content\/uploads\/2017\/06\/Logo-Red-Noticias-300x184-300x184.png\" alt=\"Logo-Red-Noticias-300x184\" width=\"186\" height=\"114\" \/><\/p>\n<p style=\"text-align: center;\"><span style=\"color: #000000;\"><strong><em>BOLET\u00cdN INFORMATIVO DE LA DIRECCI\u00d3N EJECUTIVA<\/em><\/strong><\/span><\/p>\n<p style=\"text-align: center;\"><span style=\"color: #000000;\"><strong><em>No. 19 &#8211; julio de 2018<\/em><\/strong><\/span><\/p>\n<hr \/>\n<p style=\"text-align: left;\">\n<p style=\"text-align: justify;\"><span style=\"color: #000000;\"><img decoding=\"async\" class=\"alignnone wp-image-238\" src=\"http:\/\/www.redttu.edu.co\/es\/wp-content\/uploads\/2015\/12\/logo_x2-300x137.png\" alt=\"REDTTU\" width=\"195\" height=\"89\" srcset=\"https:\/\/www.redttu.edu.co\/es\/wp-content\/uploads\/2015\/12\/logo_x2-300x137.png 300w, https:\/\/www.redttu.edu.co\/es\/wp-content\/uploads\/2015\/12\/logo_x2.png 481w\" sizes=\"(max-width: 195px) 100vw, 195px\" \/><img decoding=\"async\" class=\"wp-image-2417 alignright\" src=\"http:\/\/www.redttu.edu.co\/es\/wp-content\/uploads\/2018\/07\/Diapositiva4-2-e1533065947385.jpg\" alt=\"Diapositiva4\" width=\"221\" height=\"66\" srcset=\"https:\/\/www.redttu.edu.co\/es\/wp-content\/uploads\/2018\/07\/Diapositiva4-2-e1533065947385-300x90.jpg 300w, https:\/\/www.redttu.edu.co\/es\/wp-content\/uploads\/2018\/07\/Diapositiva4-2-e1533065947385.jpg 619w\" sizes=\"(max-width: 221px) 100vw, 221px\" \/><\/span><\/p>\n<h4 style=\"text-align: center;\"><span style=\"color: #000000;\"><strong>TDEA OBTUVO SOBRESALIENTE CALIFICACI\u00d3N DE LA CONTRALOR\u00cdA GENERAL DE ANTIOQUIA<\/strong><\/span><\/h4>\n<p style=\"text-align: justify;\"><span style=\"color: #000000;\">La Instituci\u00f3n Universitaria Tecnol\u00f3gico de Antioquia-TdeA recibi\u00f3 el informe de auditor\u00eda de la Contralor\u00eda General de Antioquia, all\u00ed se expuso la calificaci\u00f3n de 99.8 puntos sobre 100 que obtuvo en la administraci\u00f3n de recursos y resultados de la gesti\u00f3n, el examen del balance general y el estado de actividad financiera, econ\u00f3mica y social. En el dictamen integral, el ente de control manifest\u00f3 que \u201c<em>Con base en la calificaci\u00f3n total del 99.8 puntos, sobre la evaluaci\u00f3n de la Gesti\u00f3n Fiscal, componentes de control de gesti\u00f3n y control financiero, la Contralor\u00eda General de Antioquia Fenece la cuenta del TdeA por la vigencia fiscal correspondiente al a\u00f1o 2017\u201d.<\/em><\/span><\/p>\n<p style=\"text-align: justify;\"><span style=\"color: #000000;\">El resultado de la auditor\u00eda arroj\u00f3 un concepto del Control de Gesti\u00f3n favorable con una calificaci\u00f3n de 99,71; por su parte, el Control Financiero tambi\u00e9n lo fue, como consecuencia de la calificaci\u00f3n de 100 puntos. De esta manera, el informe se\u00f1al\u00f3 que \u201c<em>De acuerdo con la evaluaci\u00f3n realizada de los Estados Contables, el dictamen es Sin Salvedades o Limpio. Adem\u00e1s, no se tienen hallazgos administrativos, fiscales, disciplinarios o penales\u201d.<\/em><\/span><\/p>\n<p style=\"text-align: justify;\"><span style=\"color: #000000;\"><em><img decoding=\"async\" class=\"wp-image-2418 alignright\" src=\"http:\/\/www.redttu.edu.co\/es\/wp-content\/uploads\/2018\/07\/Diapositiva3-2-e1533066525780.jpg\" alt=\"Diapositiva3\" width=\"319\" height=\"277\" srcset=\"https:\/\/www.redttu.edu.co\/es\/wp-content\/uploads\/2018\/07\/Diapositiva3-2-e1533066525780-300x261.jpg 300w, https:\/\/www.redttu.edu.co\/es\/wp-content\/uploads\/2018\/07\/Diapositiva3-2-e1533066525780.jpg 498w\" sizes=\"(max-width: 319px) 100vw, 319px\" \/><\/em><\/span><\/p>\n<p style=\"text-align: justify;\"><span style=\"color: #000000;\">El rector del TdeA, Lorenzo Portocarrero Sierra, argument\u00f3 que \u201c<em>Los positivos resultados del organismo de control evidencian los\u00a0principios de legalidad y transparencia en\u00a0la gesti\u00f3n p\u00fablica de la Instituci\u00f3n Universitaria, del orden departamental, como pilares fundamentales de la misi\u00f3n institucional, los cuales responden al Plan de Desarrollo Antioquia Piensa en Grande 2016 \u2013 2019, de manera especial en la l\u00ednea estrat\u00e9gica de Gobernanza y Buen Gobierno y el programa de Transparencia y lucha frontal contra la corrupci\u00f3n\u201d.\u00a0<\/em><\/span><\/p>\n<p style=\"text-align: justify;\"><span style=\"color: #000000;\">La instituci\u00f3n Universitaria TdeA ha obtenido resultados positivos que la han llevado a altos est\u00e1ndares de calidad, permiti\u00e9ndole as\u00ed la apertura de nuevas puertas en el sector educativo. <em>\u201cEstos informes son integrados a los procesos de Gobernanza, eficiencia en la gesti\u00f3n p\u00fablica y rendici\u00f3n de cuentas, en el camino de la Reacreditaci\u00f3n Institucional, un nuevo compromiso para responder al Estado y la sociedad, con una educaci\u00f3n superior de alta calidad\u201d<\/em>, destac\u00f3 Lorenzo Portocarrero.<\/span><\/p>\n<p style=\"text-align: justify;\"><span style=\"color: #000000;\">La Red de Instituciones T\u00e9cnicas Profesionales, Tecnol\u00f3gicas y Universitarias P\u00fablicas-REDTTU, le extiende sus felicitaciones a la instituci\u00f3n Universitaria Tecnol\u00f3gico de Antioquia-TdeA, por la magn\u00edfica calificaci\u00f3n que obtuvo de la auditor\u00eda de la Contralor\u00eda General de Antioquia, as\u00ed mismo, congratula a su rector, Lorenzo Portocarrero, por su compromiso con la educaci\u00f3n superior p\u00fablica de calidad.<\/span><\/p>\n<hr \/>\n<p><span style=\"color: #000000;\"><img decoding=\"async\" class=\"wp-image-324 alignright\" src=\"http:\/\/www.redttu.edu.co\/es\/wp-content\/uploads\/2016\/01\/iuend-e1533067299972.png\" alt=\"ENDEPORTE\" width=\"263\" height=\"80\" srcset=\"https:\/\/www.redttu.edu.co\/es\/wp-content\/uploads\/2016\/01\/iuend-e1533067299972-300x92.png 300w, https:\/\/www.redttu.edu.co\/es\/wp-content\/uploads\/2016\/01\/iuend-e1533067299972.png 680w\" sizes=\"(max-width: 263px) 100vw, 263px\" \/><\/span><\/p>\n<p><span style=\"color: #000000;\"><img decoding=\"async\" class=\"alignnone wp-image-238\" src=\"http:\/\/www.redttu.edu.co\/es\/wp-content\/uploads\/2015\/12\/logo_x2-300x137.png\" alt=\"REDTTU\" width=\"203\" height=\"93\" srcset=\"https:\/\/www.redttu.edu.co\/es\/wp-content\/uploads\/2015\/12\/logo_x2-300x137.png 300w, https:\/\/www.redttu.edu.co\/es\/wp-content\/uploads\/2015\/12\/logo_x2.png 481w\" sizes=\"(max-width: 203px) 100vw, 203px\" \/><\/span><\/p>\n<h4 style=\"text-align: center;\"><span style=\"color: #000000;\"><strong>ENDEPORTE RECIBE REGISTRO CALIFICADO EN ESPECIALIZACI\u00d3N POR PARTE DEL MEN Y REALIZA PRESENCIA EN RADIO COMUNITARIA DE BOSSA NAVARRO<\/strong><\/span><\/h4>\n<p style=\"text-align: justify;\"><span style=\"color: #000000;\">El Ministerio de Educaci\u00f3n Nacional-MEN otorg\u00f3 el registro calificado por siete a\u00f1os a la Instituci\u00f3n Universitaria Escuela Nacional del Deporte para ofertar la Especializaci\u00f3n en Periodismo Deportivo, despu\u00e9s que la Sala de Evaluaci\u00f3n de Ciencias Sociales, Periodismo e Informaci\u00f3n de la Comisi\u00f3n Nacional Intersectorial de Aseguramiento de la Calidad de la Educaci\u00f3n Superior\u2013CONACES, recomend\u00f3 al MEN dicho otorgamiento. ENDEPORTE es pionera en Colombia con esta oferta acad\u00e9mica.<\/span><\/p>\n<p style=\"text-align: justify;\"><span style=\"color: #000000;\">El rector de ENDEPORTE, Jos\u00e9 Fernando Arroyo Valencia, afirm\u00f3 que <em>\u201cEl periodismo no escapa a esas tendencias contempor\u00e1neas, no escapa a generar cultura, pero sobre todo hay que entender la responsabilidad que subyace al interior de cada profesional frente a educar a una sociedad en tr\u00e1nsito\u201d. <\/em><\/span><\/p>\n<p style=\"text-align: justify;\"><img decoding=\"async\" class=\"wp-image-2427 aligncenter\" src=\"http:\/\/www.redttu.edu.co\/es\/wp-content\/uploads\/2018\/07\/Diapositiva5-6-e1533068608109.jpg\" alt=\"Diapositiva5\" width=\"372\" height=\"439\" srcset=\"https:\/\/www.redttu.edu.co\/es\/wp-content\/uploads\/2018\/07\/Diapositiva5-6-e1533068608109-254x300.jpg 254w, https:\/\/www.redttu.edu.co\/es\/wp-content\/uploads\/2018\/07\/Diapositiva5-6-e1533068608109.jpg 412w\" sizes=\"(max-width: 372px) 100vw, 372px\" \/><\/p>\n<p style=\"text-align: justify;\"><span style=\"color: #000000;\">El Presidente Mundial de la Federaci\u00f3n de Periodistas Deportivos, Gianni Merlo, se refiri\u00f3 sobre el particular acontecimiento argumentando que <em>\u201cSe trata de una gran idea que en el futuro dar\u00e1 muy buenos frutos; el periodista moderno necesita estudiar nuevas cosas y capacitarse, sobre todo en investigaci\u00f3n y cultura\u201d<\/em>.<\/span><\/p>\n<p style=\"text-align: justify;\"><span style=\"color: #000000;\">La Escuela Nacional del Deporte en un comunicado de prensa se\u00f1al\u00f3 que <em>\u201cEl prop\u00f3sito de la Instituci\u00f3n Universitaria con esta nueva oferta acad\u00e9mica es \u201cformar Especialistas en Periodismo Deportivo como personas que desarrollen mejores contenidos, mensajes y creaciones period\u00edsticas que conlleven a lograr una recepci\u00f3n eficaz del mensaje emitido, contribuyendo a la historia de su entorno cultural y social, a trav\u00e9s de historias coherentes, creativas y fascinantes, en consonancia con su modelo pedag\u00f3gico que se articula en la formaci\u00f3n humanista, integral y flexible\u201d.<\/em><\/span><\/p>\n<p style=\"text-align: justify;\"><span style=\"color: #000000;\">La Especializaci\u00f3n ser\u00e1 impartida en modo presencial en la sede principal de la Escuela Nacional del Deporte en Cali, en compa\u00f1\u00eda de un plan general de estudios representado en 26 cr\u00e9ditos acad\u00e9micos, admisi\u00f3n semestral, dos semestres de duraci\u00f3n estimada y 40 cupos para estudiantes en el primer periodo.<\/span><\/p>\n<p style=\"text-align: justify;\"><span style=\"color: #000000;\">La Escuela Nacional del Deporte y su Facultad de Ciencias de la Educaci\u00f3n y del Deporte, planean ofertar la Especializaci\u00f3n en Periodismo Deportivo a partir de 2019.<\/span><\/p>\n<p style=\"text-align: justify;\"><span style=\"color: #000000;\">De otro lado, ENDEPORTE visit\u00f3 el Cabildo Ind\u00edgena de Bossa Navarro, corregimiento perteneciente al municipio de Sampu\u00e9s, cerca de la capital de Sucre, como parte de la estrategia de difusi\u00f3n y promoci\u00f3n del Centro de Tutor\u00eda Regi\u00f3n Caribe de Sincelejo. All\u00ed los comunicadores de la Instituci\u00f3n dialogaron con el campesino Camilo Romero Clemente, quien de forma autodidacta se capacit\u00f3 para oficiar como Locutor Comunitario del Cabildo.<\/span><\/p>\n<p style=\"text-align: justify;\"><img decoding=\"async\" class=\"wp-image-2428 aligncenter\" src=\"http:\/\/www.redttu.edu.co\/es\/wp-content\/uploads\/2018\/07\/Diapositiva6-3-e1533068676672.jpg\" alt=\"Diapositiva6\" width=\"481\" height=\"343\" srcset=\"https:\/\/www.redttu.edu.co\/es\/wp-content\/uploads\/2018\/07\/Diapositiva6-3-e1533068676672-300x214.jpg 300w, https:\/\/www.redttu.edu.co\/es\/wp-content\/uploads\/2018\/07\/Diapositiva6-3-e1533068676672.jpg 628w\" sizes=\"(max-width: 481px) 100vw, 481px\" \/><\/p>\n<p style=\"text-align: justify;\"><span style=\"color: #000000;\">Sin contar con gran tecnolog\u00eda pero con suficiente ingenio, Camilo Romero reuni\u00f3 los recursos m\u00ednimos para montar una improvisada emisora, la cual cuenta con un amplificador de sonido para difundir avisos publicitarios del comercio local, tambi\u00e9n para narrar eventos deportivos y congregar a los habitantes de Bossa Navarro en temas de inter\u00e9s com\u00fan.<\/span><\/p>\n<p style=\"text-align: justify;\"><span style=\"color: #000000;\">La Red de Instituciones T\u00e9cnicas Profesionales, Tecnol\u00f3gicas y Universitarias P\u00fablicas-REDTTU, felicita a la Instituci\u00f3n Universitaria Escuela Nacional del Deporte-ENDEPORTE, por la obtenci\u00f3n del registro calificado en la Especializaci\u00f3n de Periodismo Deportivo y por el acompa\u00f1amiento al Cabildo Ind\u00edgena de Bossa Navarro y el apoyo a la emisora comunitaria del campesino Camilo Romero, as\u00ed mismo, le extiende sus congratulaciones al rector Jos\u00e9 Fernando Arroyo, por su magn\u00edfico trabajo en pro del fortalecimiento de la educaci\u00f3n superior p\u00fablica con amplio beneficio para la comunidad.<\/span><\/p>\n<hr \/>\n<p style=\"text-align: justify;\"><span style=\"color: #000000;\"><img decoding=\"async\" class=\"alignnone wp-image-238\" src=\"http:\/\/www.redttu.edu.co\/es\/wp-content\/uploads\/2015\/12\/logo_x2-300x137.png\" alt=\"REDTTU\" width=\"208\" height=\"94\" srcset=\"https:\/\/www.redttu.edu.co\/es\/wp-content\/uploads\/2015\/12\/logo_x2-300x137.png 300w, https:\/\/www.redttu.edu.co\/es\/wp-content\/uploads\/2015\/12\/logo_x2.png 481w\" sizes=\"(max-width: 208px) 100vw, 208px\" \/>\u00a0 \u00a0 \u00a0 \u00a0 \u00a0 \u00a0\u00a0<img decoding=\"async\" class=\"wp-image-2429 alignright\" src=\"http:\/\/www.redttu.edu.co\/es\/wp-content\/uploads\/2018\/07\/Diapositiva7-1-e1533068748792.jpg\" alt=\"Diapositiva7\" width=\"148\" height=\"180\" srcset=\"https:\/\/www.redttu.edu.co\/es\/wp-content\/uploads\/2018\/07\/Diapositiva7-1-e1533068748792-247x300.jpg 247w, https:\/\/www.redttu.edu.co\/es\/wp-content\/uploads\/2018\/07\/Diapositiva7-1-e1533068748792.jpg 401w\" sizes=\"(max-width: 148px) 100vw, 148px\" \/><\/span><\/p>\n<h4><\/h4>\n<h4><\/h4>\n<h4 style=\"text-align: center;\"><\/h4>\n<h4 style=\"text-align: center;\"><\/h4>\n<h4 style=\"text-align: center;\"><strong>UNIBAC ADELANTA EXITOSAMENTE DIPLOMADO EN M\u00daSICA<\/strong><\/h4>\n<p style=\"text-align: justify;\"><span style=\"color: #000000;\">En la Instituci\u00f3n Universitaria Bellas Artes y Ciencias de Bol\u00edvar-UNIBAC, participaron m\u00fasicos procedentes de Ach\u00ed, Arena del Sur, El Guamo, Regidor, Santa Rosa de Lima, Barranco de Loba, entre otros municipios de Bol\u00edvar, en un diplomado en M\u00fasica. Los 38 docentes del Conservatorio de M\u00fasica Adolfo Mej\u00eda de UNIBAC que lideran el diplomado, tienen como objetivo cualificar a los estudiantes en competencias espec\u00edficas de interpretaci\u00f3n, transcripci\u00f3n, dominio de la did\u00e1ctica instrumental de las bandas de vientos y la direcci\u00f3n musical, con el fin de mejorar los procesos de formaci\u00f3n en el Departamento, teniendo en cuenta los modelos de calidad y la competencia profesional que se maneja en el \u00e1mbito nacional e internacional.<\/span><\/p>\n<p style=\"text-align: justify;\"><img decoding=\"async\" class=\"wp-image-2430 aligncenter\" src=\"http:\/\/www.redttu.edu.co\/es\/wp-content\/uploads\/2018\/07\/Diapositiva8-e1533068870690.jpg\" alt=\"Diapositiva8\" width=\"484\" height=\"335\" srcset=\"https:\/\/www.redttu.edu.co\/es\/wp-content\/uploads\/2018\/07\/Diapositiva8-e1533068870690-300x208.jpg 300w, https:\/\/www.redttu.edu.co\/es\/wp-content\/uploads\/2018\/07\/Diapositiva8-e1533068870690.jpg 667w\" sizes=\"(max-width: 484px) 100vw, 484px\" \/><\/p>\n<p style=\"text-align: justify;\"><span style=\"color: #000000;\">Los participantes fueron seleccionados a trav\u00e9s de una convocatoria del Instituto de Cultura y Turismo de Bol\u00edvar-ICULTUR, entidad que bec\u00f3 a los estudiantes del diplomado durante su estad\u00eda en Cartagena. Cada m\u00f3dulo curricular fue dise\u00f1ado por UNIBAC, para ser cursados en forma virtual y presencial en las cuatro semanas de trabajo. El plan de estudios del diplomado contiene asignaturas como Nuevos Medios, Direcci\u00f3n, Transcripci\u00f3n y Arreglos, Teor\u00eda de la M\u00fasica, Instrumento Principal, Ensamble y Did\u00e1ctica Instrumental de la Banda de Vientos.<\/span><\/p>\n<p style=\"text-align: justify;\"><span style=\"color: #000000;\">El diplomado cuenta con salones especializados para pr\u00e1ctica musical, software y tecnolog\u00eda de \u00faltima generaci\u00f3n, as\u00ed como docentes altamente calificados que hacen parte de la oferta que UNIBAC brinda a la comunidad, pues uno de los objetivos que tiene la Instituci\u00f3n es obtener la Acreditaci\u00f3n de Alta Calidad.<\/span><\/p>\n<p style=\"text-align: justify;\"><span style=\"color: #000000;\">La Red de Instituciones T\u00e9cnicas Profesionales, Tecnol\u00f3gicas y Universitarias P\u00fablicas-REDTTU, felicita a la Instituci\u00f3n Universitaria Bellas Artes y Ciencias de Bol\u00edvar-UNIBAC, por el diplomado en M\u00fasica que le permite a los m\u00fasicos de diferentes municipios de Bol\u00edvar continuar con su formaci\u00f3n profesional, as\u00ed mismo, congratula a su rectora Sacra N\u00e1der, por su compromiso con la continuidad de la formaci\u00f3n profesional de los m\u00fasicos del Departamento y su contribuci\u00f3n en el fortalecimiento de la educaci\u00f3n superior p\u00fablica de calidad.<\/span><\/p>\n<p style=\"text-align: right;\"><span style=\"color: #000000;\"><strong>\u00c1rea de Comunicaciones REDTTU<\/strong><\/span><\/p>\n<p style=\"text-align: right;\"><span style=\"color: #000000;\">Daniel Grisales<\/span><\/p>\n<p style=\"text-align: right;\"><span style=\"color: #000000;\">Coordinador<\/span><\/p>\n<p style=\"text-align: right;\"><span style=\"color: #000000;\"><a style=\"color: #000000;\" href=\"mailto:comunicaciones@redttu.edu.co\">comunicaciones@redttu.edu.co<\/a><\/span><\/p>\n","protected":false},"excerpt":{"rendered":"<p>BOLET\u00cdN INFORMATIVO DE LA DIRECCI\u00d3N EJECUTIVA No. 19 &#8211; julio de 2018 TDEA OBTUVO SOBRESALIENTE CALIFICACI\u00d3N DE LA CONTRALOR\u00cdA GENERAL DE ANTIOQUIA La Instituci\u00f3n Universitaria Tecnol\u00f3gico de Antioquia-TdeA recibi\u00f3 el informe de auditor\u00eda de la Contralor\u00eda General de Antioquia, all\u00ed se expuso la calificaci\u00f3n de 99.8 puntos sobre 100 que obtuvo en la administraci\u00f3n de recursos y resultados de la gesti\u00f3n, el examen del balance general y el estado de actividad financiera, econ\u00f3mica y social. En el dictamen integral, el ente de control manifest\u00f3 que \u201cCon base en la calificaci\u00f3n total del 99.8 puntos, sobre la evaluaci\u00f3n de la Gesti\u00f3n [&hellip;]<\/p>\n","protected":false},"author":1,"featured_media":0,"comment_status":"open","ping_status":"open","sticky":false,"template":"","format":"standard","meta":{"footnotes":""},"categories":[37,20],"tags":[],"class_list":["post-2414","post","type-post","status-publish","format-standard","hentry","category-boletines","category-noticias"],"_links":{"self":[{"href":"https:\/\/www.redttu.edu.co\/es\/wp-json\/wp\/v2\/posts\/2414","targetHints":{"allow":["GET"]}}],"collection":[{"href":"https:\/\/www.redttu.edu.co\/es\/wp-json\/wp\/v2\/posts"}],"about":[{"href":"https:\/\/www.redttu.edu.co\/es\/wp-json\/wp\/v2\/types\/post"}],"author":[{"embeddable":true,"href":"https:\/\/www.redttu.edu.co\/es\/wp-json\/wp\/v2\/users\/1"}],"replies":[{"embeddable":true,"href":"https:\/\/www.redttu.edu.co\/es\/wp-json\/wp\/v2\/comments?post=2414"}],"version-history":[{"count":6,"href":"https:\/\/www.redttu.edu.co\/es\/wp-json\/wp\/v2\/posts\/2414\/revisions"}],"predecessor-version":[{"id":2437,"href":"https:\/\/www.redttu.edu.co\/es\/wp-json\/wp\/v2\/posts\/2414\/revisions\/2437"}],"wp:attachment":[{"href":"https:\/\/www.redttu.edu.co\/es\/wp-json\/wp\/v2\/media?parent=2414"}],"wp:term":[{"taxonomy":"category","embeddable":true,"href":"https:\/\/www.redttu.edu.co\/es\/wp-json\/wp\/v2\/categories?post=2414"},{"taxonomy":"post_tag","embeddable":true,"href":"https:\/\/www.redttu.edu.co\/es\/wp-json\/wp\/v2\/tags?post=2414"}],"curies":[{"name":"wp","href":"https:\/\/api.w.org\/{rel}","templated":true}]}}