{"id":2382,"date":"2018-07-19T00:02:33","date_gmt":"2018-07-19T05:02:33","guid":{"rendered":"http:\/\/www.redttu.edu.co\/es\/?p=2382"},"modified":"2019-02-20T12:46:12","modified_gmt":"2019-02-20T17:46:12","slug":"flash-red-noticias-el-men-otorgo-registro-calificado-a-programa-de-la-escuela-superior-tecnologica-de-artes-debora-arango","status":"publish","type":"post","link":"https:\/\/www.redttu.edu.co\/es\/flash-red-noticias-el-men-otorgo-registro-calificado-a-programa-de-la-escuela-superior-tecnologica-de-artes-debora-arango\/","title":{"rendered":"EL MEN OTORG\u00d3 REGISTRO CALIFICADO A PROGRAMA DE LA ESCUELA SUPERIOR TECNOL\u00d3GICA DE ARTES D\u00c9BORA ARANGO"},"content":{"rendered":"<p><img decoding=\"async\" class=\"wp-image-291 alignright\" src=\"http:\/\/www.redttu.edu.co\/es\/wp-content\/uploads\/2016\/01\/debora_arango-e1528816239506-300x222.png\" alt=\"D\u00e9bora Arango\" width=\"185\" height=\"137\" srcset=\"https:\/\/www.redttu.edu.co\/es\/wp-content\/uploads\/2016\/01\/debora_arango-e1528816239506-300x222.png 300w, https:\/\/www.redttu.edu.co\/es\/wp-content\/uploads\/2016\/01\/debora_arango-e1528816239506.png 530w\" sizes=\"(max-width: 185px) 100vw, 185px\" \/><\/p>\n<p><img decoding=\"async\" class=\"alignnone wp-image-237\" src=\"http:\/\/www.redttu.edu.co\/es\/wp-content\/uploads\/2015\/12\/logo-1.png\" alt=\"REDTTU\" width=\"196\" height=\"90\" \/><br \/>\n<img decoding=\"async\" class=\"wp-image-1402 aligncenter\" src=\"http:\/\/www.redttu.edu.co\/es\/wp-content\/uploads\/2017\/07\/Logo-Flash-Red-Noticias-300x250.png\" alt=\"Logo Flash Red Noticias\" width=\"146\" height=\"122\" srcset=\"https:\/\/www.redttu.edu.co\/es\/wp-content\/uploads\/2017\/07\/Logo-Flash-Red-Noticias-300x250.png 300w, https:\/\/www.redttu.edu.co\/es\/wp-content\/uploads\/2017\/07\/Logo-Flash-Red-Noticias.png 405w\" sizes=\"(max-width: 146px) 100vw, 146px\" \/><\/p>\n<h3 style=\"text-indent: 10.05pt; line-height: 106%; text-align: center;\">EL MEN OTORG\u00d3 REGISTRO CALIFICADO A PROGRAMA DE LA ESCUELA SUPERIOR TECNOL\u00d3GICA DE ARTES D\u00c9BORA ARANGO<\/h3>\n<p style=\"text-align: justify;\">La Escuela Superior Tecnol\u00f3gica de Artes D\u00e9bora Arango recibi\u00f3 por parte del Ministerio de Educaci\u00f3n Nacional, el otorgamiento del registro calificado por 7 a\u00f1os al programa T\u00e9cnico Profesional en Producci\u00f3n de Objetos para la Interacci\u00f3n Digital. As\u00ed mismo, se autoriz\u00f3 formar profesionales en el programa Tecnolog\u00eda en Gesti\u00f3n de Contenidos para la Interacci\u00f3n Digital, generando una uni\u00f3n a la oferta acad\u00e9mica que ya se encuentra consolidada en pr\u00e1cticas visuales, esc\u00e9nicas, musicales, contenidos audiovisuales y proyectos culturales.<\/p>\n<p style=\"text-align: justify;\"><img decoding=\"async\" class=\"wp-image-2383 aligncenter\" src=\"http:\/\/www.redttu.edu.co\/es\/wp-content\/uploads\/2018\/07\/Diapositiva1-5-e1531958219980.jpg\" alt=\"Diapositiva1\" width=\"625\" height=\"313\" srcset=\"https:\/\/www.redttu.edu.co\/es\/wp-content\/uploads\/2018\/07\/Diapositiva1-5-e1531958219980-300x150.jpg 300w, https:\/\/www.redttu.edu.co\/es\/wp-content\/uploads\/2018\/07\/Diapositiva1-5-e1531958219980-768x385.jpg 768w, https:\/\/www.redttu.edu.co\/es\/wp-content\/uploads\/2018\/07\/Diapositiva1-5-e1531958219980.jpg 854w\" sizes=\"(max-width: 625px) 100vw, 625px\" \/><\/p>\n<p style=\"text-align: justify;\">El perfil laboral del T\u00e9cnico Profesional en Producci\u00f3n de Objetos para la Interacci\u00f3n Digital lo habilita como productor en la concepci\u00f3n de objetos art\u00edsticos para medios digitales, personajes y sus escenarios, objetos y utiler\u00eda, efectos de sonido y voces, audios y foley, musicalizaci\u00f3n y paisajes sonoros; programador y t\u00e9cnico electr\u00f3nico para el montaje de instalaciones y piezas interactivas; operador de software gr\u00e1fico para la creaci\u00f3n de contenidos digitales como juegos, simuladores, modelado, texturizado, iluminaci\u00f3n y renderizado; generador de contenidos digitales para la industria editorial como e-books, libros interactivos e infogr\u00e1ficos animados; asistente t\u00e9cnico de la producci\u00f3n relacionada con los medios digitales y auxiliar para la gesti\u00f3n de proyectos aplicados a la interacci\u00f3n digital.<\/p>\n<p style=\"text-align: justify;\">El Tecn\u00f3logo en Gesti\u00f3n de Contenidos para la Interacci\u00f3n Digital podr\u00e1 desempe\u00f1arse como integrador de distintas tecnolog\u00edas y t\u00e9cnicas como las interfaces e instalaciones, para proyectos digitales de naturaleza diversa, a la medida del usuario; gestor de contenidos digitales o de intervenciones espaciales para ambientes expositivos adecuados a las necesidades del usuario, medio y formato; asistente en operaci\u00f3n y montaje de infraestructuras para instalaciones interactivas; coordinador de equipos interdisciplinarios para la creaci\u00f3n de contenidos en interacci\u00f3n digital; supervisor del discurso audiovisual en proyectos de interacci\u00f3n digital y asistente para la gesti\u00f3n de proyectos aplicados a la interacci\u00f3n digital.<\/p>\n<p style=\"text-align: justify;\">La Escuela Superior Tecnol\u00f3gica de Artes D\u00e9bora Arango, en comunicado de prensa afirma que <em>\u201cEl rector y su equipo de trabajo, agradecen la gesti\u00f3n, compromiso y apoyo de la Administraci\u00f3n Municipal en cabeza del se\u00f1or Alcalde, Doctor Ra\u00fal Eduardo Cardona Gonz\u00e1lez, por creer en \u00e9ste y cada uno de los proyectos que ha emprendido la Instituci\u00f3n. El modelo de desarrollo orientado hacia la econom\u00eda naranja y la consolidaci\u00f3n de las industrias creativas en el \u00e1mbito cultural y art\u00edstico, ser\u00e1 una apuesta para nuestro posicionamiento dentro de las instituciones de Educaci\u00f3n Superior en Colombia\u201d.<\/em><\/p>\n<p style=\"text-align: justify;\"><img decoding=\"async\" class=\"wp-image-2384 aligncenter\" src=\"http:\/\/www.redttu.edu.co\/es\/wp-content\/uploads\/2018\/07\/Diapositiva2-3-e1531958396895.jpg\" alt=\"Diapositiva2\" width=\"660\" height=\"325\" srcset=\"https:\/\/www.redttu.edu.co\/es\/wp-content\/uploads\/2018\/07\/Diapositiva2-3-e1531958396895-300x148.jpg 300w, https:\/\/www.redttu.edu.co\/es\/wp-content\/uploads\/2018\/07\/Diapositiva2-3-e1531958396895-768x378.jpg 768w, https:\/\/www.redttu.edu.co\/es\/wp-content\/uploads\/2018\/07\/Diapositiva2-3-e1531958396895-1024x504.jpg 1024w, https:\/\/www.redttu.edu.co\/es\/wp-content\/uploads\/2018\/07\/Diapositiva2-3-e1531958396895.jpg 1145w\" sizes=\"(max-width: 660px) 100vw, 660px\" \/><\/p>\n<p style=\"text-align: justify;\">La Red de Instituciones T\u00e9cnicas Profesionales, Tecnol\u00f3gicas y Universitarias P\u00fablicas-REDTTU, felicita a la Escuela Superior Tecnol\u00f3gica de Artes D\u00e9bora Arango, por el registro calificado obtenido en el programa T\u00e9cnico Profesional en Producci\u00f3n de Objetos para la Interacci\u00f3n Digital, y as\u00ed mismo, congratula a su rector, Juan Carlos Mej\u00eda Giraldo, por su contribuci\u00f3n a la formaci\u00f3n profesional de los estudiantes y al fortalecimiento de la educaci\u00f3n superior p\u00fablica.<\/p>\n<p style=\"text-align: right;\"><strong>\u00c1rea de Comunicaciones REDTTU<\/strong><\/p>\n<p style=\"text-align: right;\">Daniel Grisales<\/p>\n<p style=\"text-align: right;\">Coordinador<\/p>\n<p style=\"text-align: right;\"><a href=\"mailto:comunicaciones@redttu.edu.co\">comunicaciones@redttu.edu.co<\/a><\/p>\n","protected":false},"excerpt":{"rendered":"<p>EL MEN OTORG\u00d3 REGISTRO CALIFICADO A PROGRAMA DE LA ESCUELA SUPERIOR TECNOL\u00d3GICA DE ARTES D\u00c9BORA ARANGO La Escuela Superior Tecnol\u00f3gica de Artes D\u00e9bora Arango recibi\u00f3 por parte del Ministerio de Educaci\u00f3n Nacional, el otorgamiento del registro calificado por 7 a\u00f1os al programa T\u00e9cnico Profesional en Producci\u00f3n de Objetos para la Interacci\u00f3n Digital. As\u00ed mismo, se autoriz\u00f3 formar profesionales en el programa Tecnolog\u00eda en Gesti\u00f3n de Contenidos para la Interacci\u00f3n Digital, generando una uni\u00f3n a la oferta acad\u00e9mica que ya se encuentra consolidada en pr\u00e1cticas visuales, esc\u00e9nicas, musicales, contenidos audiovisuales y proyectos culturales. El perfil laboral del T\u00e9cnico Profesional en Producci\u00f3n [&hellip;]<\/p>\n","protected":false},"author":1,"featured_media":0,"comment_status":"open","ping_status":"open","sticky":false,"template":"","format":"standard","meta":{"footnotes":""},"categories":[78],"tags":[],"class_list":["post-2382","post","type-post","status-publish","format-standard","hentry","category-flash"],"_links":{"self":[{"href":"https:\/\/www.redttu.edu.co\/es\/wp-json\/wp\/v2\/posts\/2382","targetHints":{"allow":["GET"]}}],"collection":[{"href":"https:\/\/www.redttu.edu.co\/es\/wp-json\/wp\/v2\/posts"}],"about":[{"href":"https:\/\/www.redttu.edu.co\/es\/wp-json\/wp\/v2\/types\/post"}],"author":[{"embeddable":true,"href":"https:\/\/www.redttu.edu.co\/es\/wp-json\/wp\/v2\/users\/1"}],"replies":[{"embeddable":true,"href":"https:\/\/www.redttu.edu.co\/es\/wp-json\/wp\/v2\/comments?post=2382"}],"version-history":[{"count":3,"href":"https:\/\/www.redttu.edu.co\/es\/wp-json\/wp\/v2\/posts\/2382\/revisions"}],"predecessor-version":[{"id":3233,"href":"https:\/\/www.redttu.edu.co\/es\/wp-json\/wp\/v2\/posts\/2382\/revisions\/3233"}],"wp:attachment":[{"href":"https:\/\/www.redttu.edu.co\/es\/wp-json\/wp\/v2\/media?parent=2382"}],"wp:term":[{"taxonomy":"category","embeddable":true,"href":"https:\/\/www.redttu.edu.co\/es\/wp-json\/wp\/v2\/categories?post=2382"},{"taxonomy":"post_tag","embeddable":true,"href":"https:\/\/www.redttu.edu.co\/es\/wp-json\/wp\/v2\/tags?post=2382"}],"curies":[{"name":"wp","href":"https:\/\/api.w.org\/{rel}","templated":true}]}}