{"id":2368,"date":"2018-07-11T21:51:51","date_gmt":"2018-07-11T21:51:51","guid":{"rendered":"http:\/\/www.redttu.edu.co\/es\/?p=2368"},"modified":"2018-12-18T11:36:25","modified_gmt":"2018-12-18T16:36:25","slug":"flash-red-noticias-posesion-del-rector-del-conservatorio-del-tolima-y-exposicion-del-avance-de-obras-al-director-del-departamento-nacional-de-planeacion","status":"publish","type":"post","link":"https:\/\/www.redttu.edu.co\/es\/flash-red-noticias-posesion-del-rector-del-conservatorio-del-tolima-y-exposicion-del-avance-de-obras-al-director-del-departamento-nacional-de-planeacion\/","title":{"rendered":"FLASH RED NOTICIAS &#8211; POSESI\u00d3N DEL RECTOR DEL CONSERVATORIO DEL TOLIMA Y EXPOSICI\u00d3N DEL AVANCE DE OBRAS AL DIRECTOR DEL DEPARTAMENTO NACIONAL DE PLANEACI\u00d3N"},"content":{"rendered":"<p><img decoding=\"async\" class=\"alignnone  wp-image-238\" src=\"http:\/\/www.redttu.edu.co\/es\/wp-content\/uploads\/2015\/12\/logo_x2-300x137.png\" alt=\"REDTTU\" width=\"199\" height=\"91\" srcset=\"https:\/\/www.redttu.edu.co\/es\/wp-content\/uploads\/2015\/12\/logo_x2-300x137.png 300w, https:\/\/www.redttu.edu.co\/es\/wp-content\/uploads\/2015\/12\/logo_x2.png 481w\" sizes=\"(max-width: 199px) 100vw, 199px\" \/>\u00a0 \u00a0\u00a0\u00a0 \u00a0 \u00a0 \u00a0 \u00a0<img decoding=\"async\" class=\"wp-image-2221 alignright\" src=\"http:\/\/www.redttu.edu.co\/es\/wp-content\/uploads\/2018\/06\/CONSERVATORIO-DEL-TOLIMA-LOGO-1.png\" alt=\"CONSERVATORIO DEL TOLIMA LOGO\" width=\"116\" height=\"125\" \/><\/p>\n<p>&nbsp;<\/p>\n<p style=\"text-align: center;\"><img decoding=\"async\" class=\"wp-image-1402 aligncenter\" src=\"http:\/\/www.redttu.edu.co\/es\/wp-content\/uploads\/2017\/07\/Logo-Flash-Red-Noticias-300x250.png\" alt=\"Logo Flash Red Noticias\" width=\"135\" height=\"112\" srcset=\"https:\/\/www.redttu.edu.co\/es\/wp-content\/uploads\/2017\/07\/Logo-Flash-Red-Noticias-300x250.png 300w, https:\/\/www.redttu.edu.co\/es\/wp-content\/uploads\/2017\/07\/Logo-Flash-Red-Noticias.png 405w\" sizes=\"(max-width: 135px) 100vw, 135px\" \/><\/p>\n<h3 style=\"text-align: center;\"><strong>POSESI\u00d3N DEL RECTOR DEL CONSERVATORIO DEL TOLIMA Y EXPOSICI\u00d3N DEL AVANCE DE OBRAS AL DIRECTOR DEL DEPARTAMENTO NACIONAL DE PLANEACI\u00d3N<\/strong><\/h3>\n<p style=\"text-align: justify;\">El viernes 6 de julio de 2018, James Enrique Fern\u00e1ndez, Ab<img decoding=\"async\" class=\"wp-image-2369  alignright\" src=\"http:\/\/www.redttu.edu.co\/es\/wp-content\/uploads\/2018\/07\/Diapositiva1-3-e1531345387335.jpg\" alt=\"Diapositiva1\" width=\"292\" height=\"267\" srcset=\"https:\/\/www.redttu.edu.co\/es\/wp-content\/uploads\/2018\/07\/Diapositiva1-3-e1531345387335-300x275.jpg 300w, https:\/\/www.redttu.edu.co\/es\/wp-content\/uploads\/2018\/07\/Diapositiva1-3-e1531345387335.jpg 720w\" sizes=\"(max-width: 292px) 100vw, 292px\" \/>ogado con Maestr\u00eda en Derecho Penal, Pianista y Concertista de la Universidad Nacional,\u00a0\u00a0 fue posesionado como\u00a0rector del Conservatorio del Tolima para el periodo 2018-2022, por el Gobernador del Tolima, \u00d3scar Barreto.<\/p>\n<p style=\"text-align: center;\">\n<p style=\"text-align: center;\">\n<p style=\"text-align: center;\">\n<p style=\"text-align: center;\">\n<p style=\"text-align: justify;\">El Conservatorio inform\u00f3 que <em>\u201cEl rector Fern\u00e1ndez est\u00e1 dispuesto a afrontar cualquier reto en esta nueva etapa, pues pretende seguir con los procesos de acreditaci\u00f3n de alta calidad y presentar los proyectos que se est\u00e1n llevando a cabo para el aumento de las trasferencias de recursos por parte de la Gobernaci\u00f3n del Tolima a la Instituci\u00f3n\u201d.<\/em><\/p>\n<p style=\"text-align: justify;\">El rector James Enrique Fern\u00e1ndez indic\u00f3 que <em>\u201cEn el periodo pasado aumentamos de dos a cinco programas acreditados, la meta es seguir creciendo, adem\u00e1s tendremos una nueva relaci\u00f3n con los ciudadanos, seremos una Instituci\u00f3n de puertas abiertas para todos\u201d.<\/em><\/p>\n<p style=\"text-align: justify;\">El rector del Conservatorio sostuvo un di\u00e1logo con el Director Nacional de Planeaci\u00f3n-DNP, Luis Fernando Mej\u00eda, entreg\u00e1ndole un balance positivo sobre la ejecuci\u00f3n de las obras que se vienen adelantando con recursos del Sistema General de Regal\u00edas. Entre los proyectos se encuentra la estructuraci\u00f3n f\u00edsica de las aulas para los programas de Tecnolog\u00eda en Audio y Producci\u00f3n Musical, y Tecnolog\u00eda en Construcci\u00f3n y Reparaci\u00f3n de Instrumentos de Cuerdas Frotadas \u2013 Luter\u00eda, junto con la creaci\u00f3n del proyecto \u00a0Latis (Laboratorios Art\u00edsticos y Tecnol\u00f3gicos para la Innovaci\u00f3n Social).<\/p>\n<p style=\"text-align: justify;\">El Conservatorio del Tolima manifest\u00f3 que <em>\u201cEstas iniciativas corresponden a la gesti\u00f3n de la administraci\u00f3n actual de la instituci\u00f3n musical, enfocada principalmente en el fortalecimiento de la educaci\u00f3n de alta calidad para sus estudiantes\u201d<\/em>, adem\u00e1s, el rector se\u00f1al\u00f3 que <em>\u201cVamos a tener una mejor oferta acad\u00e9mica para todos los estudiantes del Tolima y de Ibagu\u00e9, y tambi\u00e9n a nivel de Colombia porque tenemos un programa que va a ser el primero en el pa\u00eds y en Latinoam\u00e9rica, como lo es la Luter\u00eda\u201d.<\/em><\/p>\n<p style=\"text-align: justify;\">El Director del DNP argument\u00f3 que <em>\u201cEsta es una obra realmente importante que est\u00e1 impactando especialmente a los j\u00f3venes de escasos recursos de Ibagu\u00e9. Adem\u00e1s, con un tema important\u00edsimo que es la cultura y la m\u00fasica que muy seguramente va a generar por supuesto bienestar al progreso de los habitantes de este municipio, pues veo unas instalaciones de primer nivel, no tienen que envidiarle absolutamente nada a ning\u00fan otro conservatorio en cualquier otro pa\u00eds desarrollado del mundo. Tienen los est\u00e1ndares tecnol\u00f3gicos de insonorizaci\u00f3n, realmente es extraordinario\u201d.<\/em><\/p>\n<p style=\"text-align: justify;\">La Instituci\u00f3n recibi\u00f3 un aporte de mil cuarenta y siete millones de pesos, presupuesto utilizado especialmente para la reconstrucci\u00f3n y mantenimiento de los instrumentos. Cabe resaltar que a este encuentro asistieron \u00d3scar Barreto Quiroga, Gobernador del Tolima; Olga Luc\u00eda Alfonso, Secretaria de Planeaci\u00f3n y TIC del Departamento; Juan Vicente Espinosa, Secretario de Hacienda de Ibagu\u00e9; Amparo Betancourt, Secretaria Administrativa de Ibagu\u00e9, entre otros funcionarios.<\/p>\n<p style=\"text-align: justify;\"><img decoding=\"async\" class=\"wp-image-2370  aligncenter\" src=\"http:\/\/www.redttu.edu.co\/es\/wp-content\/uploads\/2018\/07\/Diapositiva1-4-e1531345662683.jpg\" alt=\"Diapositiva1\" width=\"624\" height=\"409\" srcset=\"https:\/\/www.redttu.edu.co\/es\/wp-content\/uploads\/2018\/07\/Diapositiva1-4-e1531345662683-300x196.jpg 300w, https:\/\/www.redttu.edu.co\/es\/wp-content\/uploads\/2018\/07\/Diapositiva1-4-e1531345662683-768x503.jpg 768w, https:\/\/www.redttu.edu.co\/es\/wp-content\/uploads\/2018\/07\/Diapositiva1-4-e1531345662683-1024x670.jpg 1024w, https:\/\/www.redttu.edu.co\/es\/wp-content\/uploads\/2018\/07\/Diapositiva1-4-e1531345662683.jpg 1065w\" sizes=\"(max-width: 624px) 100vw, 624px\" \/><\/p>\n<p style=\"text-align: justify;\">El rector del Conservatorio, explic\u00f3 que <em>\u201cEs una revoluci\u00f3n todo el proceso de transformaci\u00f3n de la infraestructura de la Instituci\u00f3n, ya que los estudiantes tendr\u00e1n una mejor calidad en el aprendizaje y contar\u00e1n con una instalaciones que aporten a su proceso formativo y desarrollo como artistas. Todos los ruidos que son perturbadores de la parte externa, ya no estar\u00e1n, se est\u00e1 llevando a cabo unas insonorizaciones que nos permiten a los docentes y a los estudiantes tener unas clases magistrales con un \u00f3ptimo espacio y manejo del sonido, sin tener ning\u00fan tipo de perturbaci\u00f3n\u201d.<\/em><\/p>\n<p style=\"text-align: justify;\">Los estudiantes recibir\u00e1n un contenido de alta calidad que los convertir\u00e1 en seres competitivos y destacados como profesionales en la m\u00fasica. \u00d3scar Barreto, Gobernador del Tolima, expuso que <em>\u201cQueremos decirle al pa\u00eds que aqu\u00ed tenemos la gran universidad de la m\u00fasica para seguir fortaleciendo nuestra cultura, que es la esencia del coraz\u00f3n de los tolimenses, vendi\u00e9ndole ese lenguaje ante Colombia y ante el mundo\u201d.<\/em><\/p>\n<p style=\"text-align: justify;\">La Red de Instituciones T\u00e9cnicas Profesionales, Tecnol\u00f3gicas y Universitarias P\u00fablicas-REDTTU, felicita al Conservatorio del Tolima por los logros alcanzados en pro del fortalecimiento de la Instituci\u00f3n en el campo educativo y estructural, contribuyendo a que los estudiantes se formen como excelentes profesionales, y as\u00ed mismo, le extiende al rector del Conservatorio, James Enrique Fern\u00e1ndez, los mayores \u00e9xitos en su gesti\u00f3n en el nuevo periodo rectoral.<\/p>\n<p style=\"text-align: right;\">\n<p style=\"text-align: right;\">\u00a0<strong>\u00c1rea de Comunicaciones REDTTU<\/strong><\/p>\n<p style=\"text-align: right;\">\u00a0Daniel Grisales<\/p>\n<p style=\"text-align: right;\">Coordinador<\/p>\n<p style=\"text-align: right;\"><a href=\"mailto:comunicaciones@redttu.edu.co\">comunicaciones@redttu.edu.co<\/a><\/p>\n","protected":false},"excerpt":{"rendered":"<p>\u00a0 \u00a0\u00a0\u00a0 \u00a0 \u00a0 \u00a0 \u00a0 &nbsp; POSESI\u00d3N DEL RECTOR DEL CONSERVATORIO DEL TOLIMA Y EXPOSICI\u00d3N DEL AVANCE DE OBRAS AL DIRECTOR DEL DEPARTAMENTO NACIONAL DE PLANEACI\u00d3N El viernes 6 de julio de 2018, James Enrique Fern\u00e1ndez, Abogado con Maestr\u00eda en Derecho Penal, Pianista y Concertista de la Universidad Nacional,\u00a0\u00a0 fue posesionado como\u00a0rector del Conservatorio del Tolima para el periodo 2018-2022, por el Gobernador del Tolima, \u00d3scar Barreto. El Conservatorio inform\u00f3 que \u201cEl rector Fern\u00e1ndez est\u00e1 dispuesto a afrontar cualquier reto en esta nueva etapa, pues pretende seguir con los procesos de acreditaci\u00f3n de alta calidad y presentar los proyectos [&hellip;]<\/p>\n","protected":false},"author":1,"featured_media":0,"comment_status":"open","ping_status":"open","sticky":false,"template":"","format":"standard","meta":{"footnotes":""},"categories":[20],"tags":[],"class_list":["post-2368","post","type-post","status-publish","format-standard","hentry","category-noticias"],"_links":{"self":[{"href":"https:\/\/www.redttu.edu.co\/es\/wp-json\/wp\/v2\/posts\/2368","targetHints":{"allow":["GET"]}}],"collection":[{"href":"https:\/\/www.redttu.edu.co\/es\/wp-json\/wp\/v2\/posts"}],"about":[{"href":"https:\/\/www.redttu.edu.co\/es\/wp-json\/wp\/v2\/types\/post"}],"author":[{"embeddable":true,"href":"https:\/\/www.redttu.edu.co\/es\/wp-json\/wp\/v2\/users\/1"}],"replies":[{"embeddable":true,"href":"https:\/\/www.redttu.edu.co\/es\/wp-json\/wp\/v2\/comments?post=2368"}],"version-history":[{"count":1,"href":"https:\/\/www.redttu.edu.co\/es\/wp-json\/wp\/v2\/posts\/2368\/revisions"}],"predecessor-version":[{"id":2371,"href":"https:\/\/www.redttu.edu.co\/es\/wp-json\/wp\/v2\/posts\/2368\/revisions\/2371"}],"wp:attachment":[{"href":"https:\/\/www.redttu.edu.co\/es\/wp-json\/wp\/v2\/media?parent=2368"}],"wp:term":[{"taxonomy":"category","embeddable":true,"href":"https:\/\/www.redttu.edu.co\/es\/wp-json\/wp\/v2\/categories?post=2368"},{"taxonomy":"post_tag","embeddable":true,"href":"https:\/\/www.redttu.edu.co\/es\/wp-json\/wp\/v2\/tags?post=2368"}],"curies":[{"name":"wp","href":"https:\/\/api.w.org\/{rel}","templated":true}]}}