{"id":2360,"date":"2018-07-10T21:06:17","date_gmt":"2018-07-10T21:06:17","guid":{"rendered":"http:\/\/www.redttu.edu.co\/es\/?p=2360"},"modified":"2018-12-18T11:36:25","modified_gmt":"2018-12-18T16:36:25","slug":"flash-red-noticias-ministra-de-educacion-inauguro-nueva-sede-de-intenalco","status":"publish","type":"post","link":"https:\/\/www.redttu.edu.co\/es\/flash-red-noticias-ministra-de-educacion-inauguro-nueva-sede-de-intenalco\/","title":{"rendered":"FLASH RED NOTICIAS &#8211; MINISTRA DE EDUCACI\u00d3N INAUGUR\u00d3 NUEVA SEDE DE INTENALCO"},"content":{"rendered":"<p><img decoding=\"async\" class=\"alignnone  wp-image-238\" src=\"http:\/\/www.redttu.edu.co\/es\/wp-content\/uploads\/2015\/12\/logo_x2-300x137.png\" alt=\"REDTTU\" width=\"208\" height=\"95\" srcset=\"https:\/\/www.redttu.edu.co\/es\/wp-content\/uploads\/2015\/12\/logo_x2-300x137.png 300w, https:\/\/www.redttu.edu.co\/es\/wp-content\/uploads\/2015\/12\/logo_x2.png 481w\" sizes=\"(max-width: 208px) 100vw, 208px\" \/><img decoding=\"async\" class=\"wp-image-2361  alignright\" src=\"http:\/\/www.redttu.edu.co\/es\/wp-content\/uploads\/2018\/07\/Diapositiva1-2-e1531256311512.jpg\" alt=\"Diapositiva1\" width=\"237\" height=\"94\" srcset=\"https:\/\/www.redttu.edu.co\/es\/wp-content\/uploads\/2018\/07\/Diapositiva1-2-e1531256311512-300x119.jpg 300w, https:\/\/www.redttu.edu.co\/es\/wp-content\/uploads\/2018\/07\/Diapositiva1-2-e1531256311512.jpg 616w\" sizes=\"(max-width: 237px) 100vw, 237px\" \/><\/p>\n<p style=\"text-align: center;\"><img decoding=\"async\" class=\"alignnone  wp-image-1402\" src=\"http:\/\/www.redttu.edu.co\/es\/wp-content\/uploads\/2017\/07\/Logo-Flash-Red-Noticias-300x250.png\" alt=\"Logo Flash Red Noticias\" width=\"144\" height=\"120\" srcset=\"https:\/\/www.redttu.edu.co\/es\/wp-content\/uploads\/2017\/07\/Logo-Flash-Red-Noticias-300x250.png 300w, https:\/\/www.redttu.edu.co\/es\/wp-content\/uploads\/2017\/07\/Logo-Flash-Red-Noticias.png 405w\" sizes=\"(max-width: 144px) 100vw, 144px\" \/><\/p>\n<p style=\"text-align: center;\"><strong>MINISTRA DE EDUCACI\u00d3N INAUGUR\u00d3 NUEVA SEDE DE INTENALCO<\/strong><\/p>\n<p style=\"text-align: center;\"><img decoding=\"async\" class=\"alignnone wp-image-2362 \" src=\"http:\/\/www.redttu.edu.co\/es\/wp-content\/uploads\/2018\/07\/Diapositiva2-2-e1531256527221.jpg\" alt=\"Diapositiva2\" width=\"635\" height=\"327\" srcset=\"https:\/\/www.redttu.edu.co\/es\/wp-content\/uploads\/2018\/07\/Diapositiva2-2-e1531256527221-300x155.jpg 300w, https:\/\/www.redttu.edu.co\/es\/wp-content\/uploads\/2018\/07\/Diapositiva2-2-e1531256527221-768x396.jpg 768w, https:\/\/www.redttu.edu.co\/es\/wp-content\/uploads\/2018\/07\/Diapositiva2-2-e1531256527221.jpg 832w\" sizes=\"(max-width: 635px) 100vw, 635px\" \/><\/p>\n<p style=\"text-align: justify;\">La Ministra de Educaci\u00f3n Nacional, Yaneth Giha Tovar, inaugur\u00f3 la nueva sede del Instituto Nacional de Comercio \u2018Sim\u00f3n Rodr\u00edguez\u2019-INTENALCO en Cali, ubicado en la Avenida 4 norte con Calle 34\u00aa del barrio Prados del Norte. El edificio consta de 5 pisos, 41 salones dotados tecnol\u00f3gicamente, 5 salas de sistemas, un laboratorio de idiomas y un auditorio central para un total 7.434 metros de edificaci\u00f3n.<\/p>\n<p style=\"text-align: justify;\">El rector de INTENALCO, Neyl Grizales Arana, afirm\u00f3 que <em>\u201cesta es una obra que logramos con perseverancia, colaboraci\u00f3n, disciplina y gracias al apoyo decidido del Ministerio de Educaci\u00f3n. Esta sede permitir\u00e1 seguir formando en carreras t\u00e9cnicas profesionales y laborales a j\u00f3venes de bajos y medianos recursos econ\u00f3micos de Cali y municipios aleda\u00f1os; el edificio est\u00e1 dividido en dos bloques estructurales unidos por pasarelas. Tambi\u00e9n se tuvieron en cuenta las rampas de acceso para las personas con movilidad reducida, iluminaci\u00f3n con l\u00e1mparas LED que garantizan bajo consumo de energ\u00eda y dos ascensores, uno de los cuales es panor\u00e1mico\u201d.<\/em><\/p>\n<p style=\"text-align: justify;\">El evento estuvo presidido por miembros del Consejo Directivo de la Instituci\u00f3n, profesores, estudiantes, invitados especiales, entre ellos el Director Ejecutivo de la REDTTU, Felipe Ortiz. INTENALCO anunci\u00f3 que la nueva sede albergar\u00e1 de lunes a s\u00e1bado una poblaci\u00f3n superior a los 1.300 estudiantes por jornada, en ma\u00f1ana, tarde y noche.<\/p>\n<p style=\"text-align: justify;\">La Ministra de Educaci\u00f3n, Yaneth Giha, afirm\u00f3 que <em>\u201ccon la entrega de este nuevo edificio del Instituto T\u00e9cnico Nacional de Comercio \u2018Sim\u00f3n Rodr\u00edguez\u2019 abrimos la posibilidad de que m\u00e1s j\u00f3venes accedan a la Educaci\u00f3n Superior y puedan hacer realidad sus sue\u00f1os. En este proyecto estamos abriendo las puertas de las oportunidades a j\u00f3venes del suroriente de Cali, de los estratos 1, 2 y 3, en las comunas 10, 12, 13 y 19, y a corregimientos como Montebello, Golondrinas y La Paz\u201d.<\/em><\/p>\n<p style=\"text-align: justify;\">La Red de Instituciones T\u00e9cnicas Profesionales, Tecnol\u00f3gicas y Universitarias P\u00fablicas-REDTTU, felicita al Instituto Nacional de Comercio \u2018Sim\u00f3n Rodr\u00edguez\u2019-INTENALCO, por la apertura de la nueva sede que beneficia a la comunidad, as\u00ed mismo, congratula a su rector Neyl Grizales, por su compromiso con la educaci\u00f3n superior p\u00fablica de calidad al brindarle estos nuevos espacios a aquellos interesados en formarse en carreras t\u00e9cnicas profesionales y laborales.<\/p>\n<p style=\"text-align: justify;\">\n<p style=\"text-align: right;\"><strong>\u00c1rea de Comunicaciones REDTTU<\/strong><\/p>\n<p style=\"text-align: right;\">Daniel Grisales<\/p>\n<p style=\"text-align: right;\">Coordinador<\/p>\n<p style=\"text-align: right;\">comunicaciones@redttu.edu.co<\/p>\n","protected":false},"excerpt":{"rendered":"<p>MINISTRA DE EDUCACI\u00d3N INAUGUR\u00d3 NUEVA SEDE DE INTENALCO La Ministra de Educaci\u00f3n Nacional, Yaneth Giha Tovar, inaugur\u00f3 la nueva sede del Instituto Nacional de Comercio \u2018Sim\u00f3n Rodr\u00edguez\u2019-INTENALCO en Cali, ubicado en la Avenida 4 norte con Calle 34\u00aa del barrio Prados del Norte. El edificio consta de 5 pisos, 41 salones dotados tecnol\u00f3gicamente, 5 salas de sistemas, un laboratorio de idiomas y un auditorio central para un total 7.434 metros de edificaci\u00f3n. El rector de INTENALCO, Neyl Grizales Arana, afirm\u00f3 que \u201cesta es una obra que logramos con perseverancia, colaboraci\u00f3n, disciplina y gracias al apoyo decidido del Ministerio de Educaci\u00f3n. [&hellip;]<\/p>\n","protected":false},"author":1,"featured_media":0,"comment_status":"open","ping_status":"open","sticky":false,"template":"","format":"standard","meta":{"footnotes":""},"categories":[20],"tags":[],"class_list":["post-2360","post","type-post","status-publish","format-standard","hentry","category-noticias"],"_links":{"self":[{"href":"https:\/\/www.redttu.edu.co\/es\/wp-json\/wp\/v2\/posts\/2360","targetHints":{"allow":["GET"]}}],"collection":[{"href":"https:\/\/www.redttu.edu.co\/es\/wp-json\/wp\/v2\/posts"}],"about":[{"href":"https:\/\/www.redttu.edu.co\/es\/wp-json\/wp\/v2\/types\/post"}],"author":[{"embeddable":true,"href":"https:\/\/www.redttu.edu.co\/es\/wp-json\/wp\/v2\/users\/1"}],"replies":[{"embeddable":true,"href":"https:\/\/www.redttu.edu.co\/es\/wp-json\/wp\/v2\/comments?post=2360"}],"version-history":[{"count":1,"href":"https:\/\/www.redttu.edu.co\/es\/wp-json\/wp\/v2\/posts\/2360\/revisions"}],"predecessor-version":[{"id":2363,"href":"https:\/\/www.redttu.edu.co\/es\/wp-json\/wp\/v2\/posts\/2360\/revisions\/2363"}],"wp:attachment":[{"href":"https:\/\/www.redttu.edu.co\/es\/wp-json\/wp\/v2\/media?parent=2360"}],"wp:term":[{"taxonomy":"category","embeddable":true,"href":"https:\/\/www.redttu.edu.co\/es\/wp-json\/wp\/v2\/categories?post=2360"},{"taxonomy":"post_tag","embeddable":true,"href":"https:\/\/www.redttu.edu.co\/es\/wp-json\/wp\/v2\/tags?post=2360"}],"curies":[{"name":"wp","href":"https:\/\/api.w.org\/{rel}","templated":true}]}}