{"id":2348,"date":"2018-07-07T15:48:48","date_gmt":"2018-07-07T15:48:48","guid":{"rendered":"http:\/\/www.redttu.edu.co\/es\/?p=2348"},"modified":"2018-12-18T11:36:25","modified_gmt":"2018-12-18T16:36:25","slug":"flash-red-noticias-investigacion-del-banco-mundial-sobre-financiacion-de-la-educacion-superior-en-colombia","status":"publish","type":"post","link":"https:\/\/www.redttu.edu.co\/es\/flash-red-noticias-investigacion-del-banco-mundial-sobre-financiacion-de-la-educacion-superior-en-colombia\/","title":{"rendered":"FLASH RED NOTICIAS &#8211; INVESTIGACI\u00d3N DEL BANCO MUNDIAL SOBRE FINANCIACI\u00d3N DE LA EDUCACI\u00d3N SUPERIOR EN COLOMBIA"},"content":{"rendered":"<p><img decoding=\"async\" class=\"alignnone wp-image-238\" src=\"http:\/\/www.redttu.edu.co\/es\/wp-content\/uploads\/2015\/12\/logo_x2-300x137.png\" alt=\"REDTTU\" width=\"221\" height=\"101\" srcset=\"https:\/\/www.redttu.edu.co\/es\/wp-content\/uploads\/2015\/12\/logo_x2-300x137.png 300w, https:\/\/www.redttu.edu.co\/es\/wp-content\/uploads\/2015\/12\/logo_x2.png 481w\" sizes=\"(max-width: 221px) 100vw, 221px\" \/><img decoding=\"async\" class=\"wp-image-2349 alignright\" src=\"http:\/\/www.redttu.edu.co\/es\/wp-content\/uploads\/2018\/07\/Diapositiva1-1-e1531154343590.jpg\" alt=\"Diapositiva1\" width=\"226\" height=\"117\" srcset=\"https:\/\/www.redttu.edu.co\/es\/wp-content\/uploads\/2018\/07\/Diapositiva1-1-e1531154343590-300x155.jpg 300w, https:\/\/www.redttu.edu.co\/es\/wp-content\/uploads\/2018\/07\/Diapositiva1-1-e1531154343590.jpg 588w\" sizes=\"(max-width: 226px) 100vw, 226px\" \/><\/p>\n<p>&nbsp;<\/p>\n<p><img decoding=\"async\" class=\"wp-image-1402 aligncenter\" src=\"http:\/\/www.redttu.edu.co\/es\/wp-content\/uploads\/2017\/07\/Logo-Flash-Red-Noticias-300x250.png\" alt=\"Logo Flash Red Noticias\" width=\"136\" height=\"113\" srcset=\"https:\/\/www.redttu.edu.co\/es\/wp-content\/uploads\/2017\/07\/Logo-Flash-Red-Noticias-300x250.png 300w, https:\/\/www.redttu.edu.co\/es\/wp-content\/uploads\/2017\/07\/Logo-Flash-Red-Noticias.png 405w\" sizes=\"(max-width: 136px) 100vw, 136px\" \/><\/p>\n<h3 style=\"text-align: center;\"><strong>INVESTIGACI\u00d3N DEL BANCO MUNDIAL SOBRE FINANCIACI\u00d3N DE LA EDUCACI\u00d3N SUPERIOR EN COLOMBIA<\/strong><\/h3>\n<p style=\"text-align: justify;\">El Banco Mundial est\u00e1 realizando una investigaci\u00f3n sobre la situaci\u00f3n financiera de la Educaci\u00f3n Superior en Colombia con el prop\u00f3sito de ofrecer recomendaciones al pr\u00f3ximo Gobierno <img decoding=\"async\" class=\"wp-image-2350 alignright\" src=\"http:\/\/www.redttu.edu.co\/es\/wp-content\/uploads\/2018\/07\/Diapositiva2-1-e1531154520565.jpg\" alt=\"Diapositiva2\" width=\"292\" height=\"175\" srcset=\"https:\/\/www.redttu.edu.co\/es\/wp-content\/uploads\/2018\/07\/Diapositiva2-1-e1531154520565-300x180.jpg 300w, https:\/\/www.redttu.edu.co\/es\/wp-content\/uploads\/2018\/07\/Diapositiva2-1-e1531154520565.jpg 672w\" sizes=\"(max-width: 292px) 100vw, 292px\" \/>Nacional sobre esta materia. El estudio est\u00e1 siendo dirigido por el Exviceministro de Educaci\u00f3n Superior Javier Botero \u00c1lvarez, quien durante su reciente visita al pa\u00eds adelant\u00f3 reuniones en la semana del 5 al 8 de junio de 2018 con el Presidente de la REDTTU rector Emilio Armando Zapata de la Instituci\u00f3n Universitaria-IUITSA, con el rector de la Instituci\u00f3n Universitaria Tecnol\u00f3gico de Antioquia-TDA, Lorenzo Portocarrero Sierra, representante de las Instituciones Universitarias oficiales ante el CESU y con el Director Ejecutivo de la REDTTU, Felipe Ortiz, quienes les hicieron entrega de sus opin<img decoding=\"async\" class=\"wp-image-2351 alignleft\" src=\"http:\/\/www.redttu.edu.co\/es\/wp-content\/uploads\/2018\/07\/Diapositiva3-1-e1531154584708.jpg\" alt=\"Diapositiva3\" width=\"328\" height=\"204\" srcset=\"https:\/\/www.redttu.edu.co\/es\/wp-content\/uploads\/2018\/07\/Diapositiva3-1-e1531154584708-300x187.jpg 300w, https:\/\/www.redttu.edu.co\/es\/wp-content\/uploads\/2018\/07\/Diapositiva3-1-e1531154584708.jpg 694w\" sizes=\"(max-width: 328px) 100vw, 328px\" \/>iones haciendo \u00e9nfasis en la necesidad de establecer mecanismos de distribuci\u00f3n del Presupuesto General de la Naci\u00f3n en los rubros de Inversi\u00f3n y Funcionamiento para las ITTU oficiales, con base en las variables\u00a0e indicadores que le son propias a este tipo de instituciones de educaci\u00f3n superior, con el objetivo de reducir los altos niveles hist\u00f3ricos de inequidad en relaci\u00f3n con las Universidades, y frenar de una vez la reproducci\u00f3n de un perverso sistema de distribuci\u00f3n que solo ha <img decoding=\"async\" class=\"wp-image-2352 alignright\" src=\"http:\/\/www.redttu.edu.co\/es\/wp-content\/uploads\/2018\/07\/Diapositiva4-1-e1531154635918.jpg\" alt=\"Diapositiva4\" width=\"329\" height=\"192\" srcset=\"https:\/\/www.redttu.edu.co\/es\/wp-content\/uploads\/2018\/07\/Diapositiva4-1-e1531154635918-300x175.jpg 300w, https:\/\/www.redttu.edu.co\/es\/wp-content\/uploads\/2018\/07\/Diapositiva4-1-e1531154635918.jpg 652w\" sizes=\"(max-width: 329px) 100vw, 329px\" \/>contribuido a generar desigualdad con respecto a nuestras instituciones, y por derivaci\u00f3n, limitado acceso en igualdad de condiciones \u00a0a las oportunidades que brinda el Estado para hacer de la educaci\u00f3n superior publica de calidad, el fundamento de nuestra misi\u00f3n.<\/p>\n<p style=\"text-align: right;\">\n<p style=\"text-align: right;\">\n<p style=\"text-align: left;\">\n<p style=\"text-align: left;\">\n<p style=\"text-align: left;\"><strong>\u00c1rea de Comunicaciones REDTTU<\/strong><\/p>\n<p style=\"text-align: left;\">Daniel Grisales<\/p>\n<p style=\"text-align: left;\">Coordinador<\/p>\n<p style=\"text-align: left;\">comunicaciones@redttu.edu.co<\/p>\n","protected":false},"excerpt":{"rendered":"<p>&nbsp; INVESTIGACI\u00d3N DEL BANCO MUNDIAL SOBRE FINANCIACI\u00d3N DE LA EDUCACI\u00d3N SUPERIOR EN COLOMBIA El Banco Mundial est\u00e1 realizando una investigaci\u00f3n sobre la situaci\u00f3n financiera de la Educaci\u00f3n Superior en Colombia con el prop\u00f3sito de ofrecer recomendaciones al pr\u00f3ximo Gobierno Nacional sobre esta materia. El estudio est\u00e1 siendo dirigido por el Exviceministro de Educaci\u00f3n Superior Javier Botero \u00c1lvarez, quien durante su reciente visita al pa\u00eds adelant\u00f3 reuniones en la semana del 5 al 8 de junio de 2018 con el Presidente de la REDTTU rector Emilio Armando Zapata de la Instituci\u00f3n Universitaria-IUITSA, con el rector de la Instituci\u00f3n Universitaria Tecnol\u00f3gico de [&hellip;]<\/p>\n","protected":false},"author":1,"featured_media":0,"comment_status":"open","ping_status":"open","sticky":false,"template":"","format":"standard","meta":{"footnotes":""},"categories":[20],"tags":[],"class_list":["post-2348","post","type-post","status-publish","format-standard","hentry","category-noticias"],"_links":{"self":[{"href":"https:\/\/www.redttu.edu.co\/es\/wp-json\/wp\/v2\/posts\/2348","targetHints":{"allow":["GET"]}}],"collection":[{"href":"https:\/\/www.redttu.edu.co\/es\/wp-json\/wp\/v2\/posts"}],"about":[{"href":"https:\/\/www.redttu.edu.co\/es\/wp-json\/wp\/v2\/types\/post"}],"author":[{"embeddable":true,"href":"https:\/\/www.redttu.edu.co\/es\/wp-json\/wp\/v2\/users\/1"}],"replies":[{"embeddable":true,"href":"https:\/\/www.redttu.edu.co\/es\/wp-json\/wp\/v2\/comments?post=2348"}],"version-history":[{"count":7,"href":"https:\/\/www.redttu.edu.co\/es\/wp-json\/wp\/v2\/posts\/2348\/revisions"}],"predecessor-version":[{"id":2359,"href":"https:\/\/www.redttu.edu.co\/es\/wp-json\/wp\/v2\/posts\/2348\/revisions\/2359"}],"wp:attachment":[{"href":"https:\/\/www.redttu.edu.co\/es\/wp-json\/wp\/v2\/media?parent=2348"}],"wp:term":[{"taxonomy":"category","embeddable":true,"href":"https:\/\/www.redttu.edu.co\/es\/wp-json\/wp\/v2\/categories?post=2348"},{"taxonomy":"post_tag","embeddable":true,"href":"https:\/\/www.redttu.edu.co\/es\/wp-json\/wp\/v2\/tags?post=2348"}],"curies":[{"name":"wp","href":"https:\/\/api.w.org\/{rel}","templated":true}]}}