{"id":2165,"date":"2018-05-11T21:14:10","date_gmt":"2018-05-11T21:14:10","guid":{"rendered":"http:\/\/www.redttu.edu.co\/es\/?p=2165"},"modified":"2018-12-18T11:36:26","modified_gmt":"2018-12-18T16:36:26","slug":"flash-red-noticias-la-escuela-superior-tecnologica-de-artes-debora-arango-ocupo-primer-puesto-en-mediciones-de-caracter-tecnologico-en-el-mipg","status":"publish","type":"post","link":"https:\/\/www.redttu.edu.co\/es\/flash-red-noticias-la-escuela-superior-tecnologica-de-artes-debora-arango-ocupo-primer-puesto-en-mediciones-de-caracter-tecnologico-en-el-mipg\/","title":{"rendered":"FLASH RED NOTICIAS &#8211; LA ESCUELA SUPERIOR TECNOL\u00d3GICA DE ARTES D\u00c9BORA ARANGO OCUP\u00d3 PRIMER PUESTO EN MEDICIONES DE CAR\u00c1CTER TECNOL\u00d3GICO EN EL MIPG"},"content":{"rendered":"<p><img decoding=\"async\" class=\"wp-image-1236 alignleft\" src=\"http:\/\/www.redttu.edu.co\/es\/wp-content\/uploads\/2017\/04\/Logo-Red-Noticias-300x184.png\" alt=\"Logo Red Noticias\" width=\"171\" height=\"105\" srcset=\"https:\/\/www.redttu.edu.co\/es\/wp-content\/uploads\/2017\/04\/Logo-Red-Noticias-300x184.png 300w, https:\/\/www.redttu.edu.co\/es\/wp-content\/uploads\/2017\/04\/Logo-Red-Noticias.png 384w\" sizes=\"(max-width: 171px) 100vw, 171px\" \/><img decoding=\"async\" class=\"wp-image-2166  alignright\" src=\"http:\/\/www.redttu.edu.co\/es\/wp-content\/uploads\/2018\/05\/Diapositiva3-3-e1526072541280.jpg\" alt=\"Diapositiva3\" width=\"161\" height=\"126\" srcset=\"https:\/\/www.redttu.edu.co\/es\/wp-content\/uploads\/2018\/05\/Diapositiva3-3-e1526072541280-300x236.jpg 300w, https:\/\/www.redttu.edu.co\/es\/wp-content\/uploads\/2018\/05\/Diapositiva3-3-e1526072541280.jpg 480w\" sizes=\"(max-width: 161px) 100vw, 161px\" \/><\/p>\n<p><img decoding=\"async\" class=\"wp-image-1402 aligncenter\" src=\"http:\/\/www.redttu.edu.co\/es\/wp-content\/uploads\/2017\/07\/Logo-Flash-Red-Noticias-300x250.png\" alt=\"Logo Flash Red Noticias\" width=\"128\" height=\"107\" srcset=\"https:\/\/www.redttu.edu.co\/es\/wp-content\/uploads\/2017\/07\/Logo-Flash-Red-Noticias-300x250.png 300w, https:\/\/www.redttu.edu.co\/es\/wp-content\/uploads\/2017\/07\/Logo-Flash-Red-Noticias.png 405w\" sizes=\"(max-width: 128px) 100vw, 128px\" \/><\/p>\n<h3 style=\"text-align: center;\"><strong>LA ESCUELA SUPERIOR TECNOL\u00d3GICA DE ARTES D\u00c9BORA ARANGO, OCUP\u00d3 PRIMER LUGAR ENTRE INSTITUCIONES DE CAR\u00c1CTER TECNOL\u00d3GICO SEG\u00daN MIPG<\/strong><\/h3>\n<p style=\"text-align: justify;\">El Modelo Integrado de Planeaci\u00f3n y Gesti\u00f3n-MIPG realiz\u00f3 una evaluaci\u00f3n en cuanto a la gesti\u00f3n y desempe\u00f1o institucional, alcanzando la Escuela Superior Tecnol\u00f3gica de Artes D\u00e9bora Arango el primer puesto entre las instituciones de car\u00e1cter tecnol\u00f3gico con un puntaje de 72,53 entre instituciones pares de educaci\u00f3n superior en Colombia.<\/p>\n<p style=\"text-align: justify;\">La presentaci\u00f3n del informe del MIPG estuvo a cargo del Departamento Administrativo de la Funci\u00f3n P\u00fablica, teniendo en cuenta la participaci\u00f3n de m\u00e1s de 3.800 entidades p\u00fablicas del pa\u00eds.<\/p>\n<p style=\"text-align: justify;\"><img decoding=\"async\" class=\"wp-image-2167  alignright\" src=\"http:\/\/www.redttu.edu.co\/es\/wp-content\/uploads\/2018\/05\/Diapositiva4-2-e1526072916301.jpg\" alt=\"Diapositiva4\" width=\"377\" height=\"126\" srcset=\"https:\/\/www.redttu.edu.co\/es\/wp-content\/uploads\/2018\/05\/Diapositiva4-2-e1526072916301-300x100.jpg 300w, https:\/\/www.redttu.edu.co\/es\/wp-content\/uploads\/2018\/05\/Diapositiva4-2-e1526072916301.jpg 697w\" sizes=\"(max-width: 377px) 100vw, 377px\" \/>La base principal de la medici\u00f3n llevada a cabo entre el 17 de octubre y el 26 de noviembre de 2017, es conocer el grado de acercamiento que la entidad tiene con el marco de referencia, as\u00ed mismo, dicha medici\u00f3n tambi\u00e9n identifica las dimensiones, las pol\u00edticas de gesti\u00f3n y el desempe\u00f1o institucional de la entidad seg\u00fan est\u00e1ndares del MIPG. Los resultados obtenidos se basaron en la informaci\u00f3n presentada por la instituci\u00f3n y \u00e9sta a su vez fue validada por el aplicativo FURAG (Formulario \u00danico de Reporte de Avances en la Gesti\u00f3n).<\/p>\n<p style=\"text-align: justify;\">Seg\u00fan el bolet\u00edn de prensa emitido por el \u00e1rea de comunicaciones de la Escuela Superior Tecnol\u00f3gica de Artes D\u00e9bora Arango, la instituci\u00f3n avanza en la implementaci\u00f3n del Sistema de Gesti\u00f3n Integral de la Calidad, en programas educativos y servicios.<\/p>\n<p style=\"text-align: justify;\">La Red de Instituciones T\u00e9cnicas Profesionales, Tecnol\u00f3gicas y Universitarias P\u00fablicas-REDTTU, congratula a la Escuela Superior Tecnol\u00f3gica de Artes D\u00e9bora Arango por su excelente puntaje en la evaluaci\u00f3n del MIPG.<\/p>\n<p style=\"text-align: justify;\">\n<p style=\"text-align: right;\">\n<p style=\"text-align: right;\"><strong>\u00a0<\/strong><strong>\u00c1rea de Comunicaciones REDTTU<\/strong><\/p>\n<p style=\"text-align: right;\">Daniel Grisales<\/p>\n<p style=\"text-align: right;\">Coordinador<\/p>\n<p style=\"text-align: right;\"><a href=\"mailto:comunicaciones@redttu.edu.co\">comunicaciones@redttu.edu.co<\/a><\/p>\n","protected":false},"excerpt":{"rendered":"<p>LA ESCUELA SUPERIOR TECNOL\u00d3GICA DE ARTES D\u00c9BORA ARANGO, OCUP\u00d3 PRIMER LUGAR ENTRE INSTITUCIONES DE CAR\u00c1CTER TECNOL\u00d3GICO SEG\u00daN MIPG El Modelo Integrado de Planeaci\u00f3n y Gesti\u00f3n-MIPG realiz\u00f3 una evaluaci\u00f3n en cuanto a la gesti\u00f3n y desempe\u00f1o institucional, alcanzando la Escuela Superior Tecnol\u00f3gica de Artes D\u00e9bora Arango el primer puesto entre las instituciones de car\u00e1cter tecnol\u00f3gico con un puntaje de 72,53 entre instituciones pares de educaci\u00f3n superior en Colombia. La presentaci\u00f3n del informe del MIPG estuvo a cargo del Departamento Administrativo de la Funci\u00f3n P\u00fablica, teniendo en cuenta la participaci\u00f3n de m\u00e1s de 3.800 entidades p\u00fablicas del pa\u00eds. La base principal de [&hellip;]<\/p>\n","protected":false},"author":1,"featured_media":0,"comment_status":"open","ping_status":"open","sticky":false,"template":"","format":"standard","meta":{"footnotes":""},"categories":[20],"tags":[],"class_list":["post-2165","post","type-post","status-publish","format-standard","hentry","category-noticias"],"_links":{"self":[{"href":"https:\/\/www.redttu.edu.co\/es\/wp-json\/wp\/v2\/posts\/2165","targetHints":{"allow":["GET"]}}],"collection":[{"href":"https:\/\/www.redttu.edu.co\/es\/wp-json\/wp\/v2\/posts"}],"about":[{"href":"https:\/\/www.redttu.edu.co\/es\/wp-json\/wp\/v2\/types\/post"}],"author":[{"embeddable":true,"href":"https:\/\/www.redttu.edu.co\/es\/wp-json\/wp\/v2\/users\/1"}],"replies":[{"embeddable":true,"href":"https:\/\/www.redttu.edu.co\/es\/wp-json\/wp\/v2\/comments?post=2165"}],"version-history":[{"count":1,"href":"https:\/\/www.redttu.edu.co\/es\/wp-json\/wp\/v2\/posts\/2165\/revisions"}],"predecessor-version":[{"id":2168,"href":"https:\/\/www.redttu.edu.co\/es\/wp-json\/wp\/v2\/posts\/2165\/revisions\/2168"}],"wp:attachment":[{"href":"https:\/\/www.redttu.edu.co\/es\/wp-json\/wp\/v2\/media?parent=2165"}],"wp:term":[{"taxonomy":"category","embeddable":true,"href":"https:\/\/www.redttu.edu.co\/es\/wp-json\/wp\/v2\/categories?post=2165"},{"taxonomy":"post_tag","embeddable":true,"href":"https:\/\/www.redttu.edu.co\/es\/wp-json\/wp\/v2\/tags?post=2165"}],"curies":[{"name":"wp","href":"https:\/\/api.w.org\/{rel}","templated":true}]}}