{"id":2160,"date":"2018-05-11T20:55:54","date_gmt":"2018-05-11T20:55:54","guid":{"rendered":"http:\/\/www.redttu.edu.co\/es\/?p=2160"},"modified":"2018-12-18T11:36:26","modified_gmt":"2018-12-18T16:36:26","slug":"flash-red-noticias-posesion-de-la-rectora-de-la-universidad-nacional-dolly-montoya","status":"publish","type":"post","link":"https:\/\/www.redttu.edu.co\/es\/flash-red-noticias-posesion-de-la-rectora-de-la-universidad-nacional-dolly-montoya\/","title":{"rendered":"FLASH RED NOTICIAS &#8211; POSESI\u00d3N DE LA RECTORA DE LA UNIVERSIDAD NACIONAL DOLLY MONTOYA"},"content":{"rendered":"<p><img decoding=\"async\" class=\"alignnone  wp-image-1236\" src=\"http:\/\/www.redttu.edu.co\/es\/wp-content\/uploads\/2017\/04\/Logo-Red-Noticias-300x184.png\" alt=\"Logo Red Noticias\" width=\"173\" height=\"106\" srcset=\"https:\/\/www.redttu.edu.co\/es\/wp-content\/uploads\/2017\/04\/Logo-Red-Noticias-300x184.png 300w, https:\/\/www.redttu.edu.co\/es\/wp-content\/uploads\/2017\/04\/Logo-Red-Noticias.png 384w\" sizes=\"(max-width: 173px) 100vw, 173px\" \/><img decoding=\"async\" class=\"wp-image-2161  alignright\" src=\"http:\/\/www.redttu.edu.co\/es\/wp-content\/uploads\/2018\/05\/Diapositiva1-4-e1526071810827.jpg\" alt=\"Diapositiva1\" width=\"192\" height=\"104\" srcset=\"https:\/\/www.redttu.edu.co\/es\/wp-content\/uploads\/2018\/05\/Diapositiva1-4-e1526071810827-300x162.jpg 300w, https:\/\/www.redttu.edu.co\/es\/wp-content\/uploads\/2018\/05\/Diapositiva1-4-e1526071810827.jpg 659w\" sizes=\"(max-width: 192px) 100vw, 192px\" \/><\/p>\n<p style=\"text-align: center;\"><img decoding=\"async\" class=\"alignnone  wp-image-1402\" src=\"http:\/\/www.redttu.edu.co\/es\/wp-content\/uploads\/2017\/07\/Logo-Flash-Red-Noticias-300x250.png\" alt=\"Logo Flash Red Noticias\" width=\"141\" height=\"118\" srcset=\"https:\/\/www.redttu.edu.co\/es\/wp-content\/uploads\/2017\/07\/Logo-Flash-Red-Noticias-300x250.png 300w, https:\/\/www.redttu.edu.co\/es\/wp-content\/uploads\/2017\/07\/Logo-Flash-Red-Noticias.png 405w\" sizes=\"(max-width: 141px) 100vw, 141px\" \/><\/p>\n<h3 style=\"text-align: center;\"><strong>MENSAJE DE FELICITACI\u00d3N DE LA REDTTU A LA RECTORA DE LA UNIVERSIDAD NACIONAL DOLLY MONTOYA<\/strong><\/h3>\n<p style=\"text-align: justify;\">\u201cCon\u00a0ocasi\u00f3n de su reciente\u00a0elecci\u00f3n como Rectora de la Universidad Nacional de Colombia, perm\u00edtame hacerle llegar a nombre del Consejo Directivo de Rectores de la \u201c<em>Red de Instituciones T\u00e9cnicas Profesionales, Tecnol\u00f3gicas y Universitarias P\u00fablicas-REDTTU\u201d<\/em> y en el\u00a0m\u00edo propio, un cordial saludo de felicitaciones y nuestros mejores deseos por el\u00a0\u00e9xito de su\u00a0gesti\u00f3n rectoral.<\/p>\n<p style=\"text-align: justify;\"><img decoding=\"async\" class=\"wp-image-2162  aligncenter\" src=\"http:\/\/www.redttu.edu.co\/es\/wp-content\/uploads\/2018\/05\/Diapositiva2-4-e1526072050628.jpg\" alt=\"Diapositiva2\" width=\"462\" height=\"304\" srcset=\"https:\/\/www.redttu.edu.co\/es\/wp-content\/uploads\/2018\/05\/Diapositiva2-4-e1526072050628-300x198.jpg 300w, https:\/\/www.redttu.edu.co\/es\/wp-content\/uploads\/2018\/05\/Diapositiva2-4-e1526072050628-768x506.jpg 768w, https:\/\/www.redttu.edu.co\/es\/wp-content\/uploads\/2018\/05\/Diapositiva2-4-e1526072050628.jpg 819w\" sizes=\"(max-width: 462px) 100vw, 462px\" \/><\/p>\n<p style=\"text-align: justify;\">Compartimos su llamado a construir una pol\u00edtica de Estado que privilegie la educaci\u00f3n, la ciencia, la tecnolog\u00eda e innovaci\u00f3n como la principal estrategia de desarrollo y crecimiento del pa\u00eds. De igual modo le expresamos nuestra solidaridad con su afirmaci\u00f3n sobre que el Estado no tiene mejor estrategia para generar desarrollo, innovaci\u00f3n y educaci\u00f3n de calidad que financiar y fortalecer a las universidades p\u00fablicas, agregando nosotros que dicha financiaci\u00f3n debe extenderse \u00a0al conjunto del sistema de educaci\u00f3n superior p\u00fablica, que comprende a las 29 instituciones t\u00e9cnicas profesionales, tecnol\u00f3gicas y universitarias p\u00fablicas representadas en la REDTTU.<\/p>\n<p style=\"text-align: justify;\">Desde la RED le renovamos nuestro compromiso de acompa\u00f1arla se\u00f1ora rectora, en aquellas tareas que se proponga adelantar en\u00a0 beneficio de la educaci\u00f3n superior p\u00fablica de calidad\u201d.<\/p>\n<p style=\"text-align: justify;\">\n<p style=\"text-align: right;\">\n<p style=\"text-align: right;\">\n<p style=\"text-align: right;\"><strong>\u00c1rea de Comunicaciones REDTTU<\/strong><\/p>\n<p style=\"text-align: right;\">Daniel Grisales<\/p>\n<p style=\"text-align: right;\">Coordinador<\/p>\n<p style=\"text-align: right;\"><a href=\"mailto:comunicaciones@redttu.edu.co\">comunicaciones@redttu.edu.co<\/a><\/p>\n<p>&nbsp;<\/p>\n","protected":false},"excerpt":{"rendered":"<p>MENSAJE DE FELICITACI\u00d3N DE LA REDTTU A LA RECTORA DE LA UNIVERSIDAD NACIONAL DOLLY MONTOYA \u201cCon\u00a0ocasi\u00f3n de su reciente\u00a0elecci\u00f3n como Rectora de la Universidad Nacional de Colombia, perm\u00edtame hacerle llegar a nombre del Consejo Directivo de Rectores de la \u201cRed de Instituciones T\u00e9cnicas Profesionales, Tecnol\u00f3gicas y Universitarias P\u00fablicas-REDTTU\u201d y en el\u00a0m\u00edo propio, un cordial saludo de felicitaciones y nuestros mejores deseos por el\u00a0\u00e9xito de su\u00a0gesti\u00f3n rectoral. Compartimos su llamado a construir una pol\u00edtica de Estado que privilegie la educaci\u00f3n, la ciencia, la tecnolog\u00eda e innovaci\u00f3n como la principal estrategia de desarrollo y crecimiento del pa\u00eds. De igual modo le expresamos [&hellip;]<\/p>\n","protected":false},"author":1,"featured_media":0,"comment_status":"open","ping_status":"open","sticky":false,"template":"","format":"standard","meta":{"footnotes":""},"categories":[20],"tags":[],"class_list":["post-2160","post","type-post","status-publish","format-standard","hentry","category-noticias"],"_links":{"self":[{"href":"https:\/\/www.redttu.edu.co\/es\/wp-json\/wp\/v2\/posts\/2160","targetHints":{"allow":["GET"]}}],"collection":[{"href":"https:\/\/www.redttu.edu.co\/es\/wp-json\/wp\/v2\/posts"}],"about":[{"href":"https:\/\/www.redttu.edu.co\/es\/wp-json\/wp\/v2\/types\/post"}],"author":[{"embeddable":true,"href":"https:\/\/www.redttu.edu.co\/es\/wp-json\/wp\/v2\/users\/1"}],"replies":[{"embeddable":true,"href":"https:\/\/www.redttu.edu.co\/es\/wp-json\/wp\/v2\/comments?post=2160"}],"version-history":[{"count":1,"href":"https:\/\/www.redttu.edu.co\/es\/wp-json\/wp\/v2\/posts\/2160\/revisions"}],"predecessor-version":[{"id":2163,"href":"https:\/\/www.redttu.edu.co\/es\/wp-json\/wp\/v2\/posts\/2160\/revisions\/2163"}],"wp:attachment":[{"href":"https:\/\/www.redttu.edu.co\/es\/wp-json\/wp\/v2\/media?parent=2160"}],"wp:term":[{"taxonomy":"category","embeddable":true,"href":"https:\/\/www.redttu.edu.co\/es\/wp-json\/wp\/v2\/categories?post=2160"},{"taxonomy":"post_tag","embeddable":true,"href":"https:\/\/www.redttu.edu.co\/es\/wp-json\/wp\/v2\/tags?post=2160"}],"curies":[{"name":"wp","href":"https:\/\/api.w.org\/{rel}","templated":true}]}}