{"id":2145,"date":"2018-05-10T21:20:26","date_gmt":"2018-05-10T21:20:26","guid":{"rendered":"http:\/\/www.redttu.edu.co\/es\/?p=2145"},"modified":"2018-12-18T11:36:26","modified_gmt":"2018-12-18T16:36:26","slug":"flash-red-noticias","status":"publish","type":"post","link":"https:\/\/www.redttu.edu.co\/es\/flash-red-noticias\/","title":{"rendered":"FLASH RED NOTICIAS &#8211; POLIT\u00c9CNICO COLOMBIANO JAIME ISAZA CADAVID, APOY\u00d3 \u2018GREEN PLUS\u2019"},"content":{"rendered":"<p><img decoding=\"async\" class=\"alignnone wp-image-1344 alignleft\" src=\"http:\/\/www.redttu.edu.co\/es\/wp-content\/uploads\/2017\/06\/Logo-Red-Noticias-300x184-300x184.png\" alt=\"Logo-Red-Noticias-300x184\" width=\"188\" height=\"115\" \/>\u00a0 \u00a0 \u00a0 \u00a0 \u00a0 \u00a0 \u00a0 \u00a0 \u00a0 \u00a0 \u00a0 \u00a0 \u00a0 \u00a0 \u00a0 \u00a0 \u00a0 \u00a0 \u00a0 \u00a0 \u00a0 \u00a0 \u00a0 \u00a0 \u00a0 \u00a0 \u00a0 \u00a0 \u00a0 \u00a0 \u00a0 \u00a0 \u00a0 \u00a0 \u00a0 \u00a0 \u00a0 \u00a0 \u00a0 \u00a0 \u00a0 \u00a0 \u00a0 \u00a0 \u00a0<img decoding=\"async\" class=\"wp-image-2146 alignright\" src=\"http:\/\/www.redttu.edu.co\/es\/wp-content\/uploads\/2018\/05\/Diapositiva1-3-e1525975152738.jpg\" alt=\"Diapositiva1\" width=\"273\" height=\"108\" srcset=\"https:\/\/www.redttu.edu.co\/es\/wp-content\/uploads\/2018\/05\/Diapositiva1-3-e1525975152738-300x119.jpg 300w, https:\/\/www.redttu.edu.co\/es\/wp-content\/uploads\/2018\/05\/Diapositiva1-3-e1525975152738.jpg 588w\" sizes=\"(max-width: 273px) 100vw, 273px\" \/><\/p>\n<p>&nbsp;<\/p>\n<p>&nbsp;<\/p>\n<p>&nbsp;<\/p>\n<p style=\"text-align: center;\"><img decoding=\"async\" class=\"alignnone wp-image-1402\" src=\"http:\/\/www.redttu.edu.co\/es\/wp-content\/uploads\/2017\/07\/Logo-Flash-Red-Noticias-300x250.png\" alt=\"Logo Flash Red Noticias\" width=\"136\" height=\"114\" srcset=\"https:\/\/www.redttu.edu.co\/es\/wp-content\/uploads\/2017\/07\/Logo-Flash-Red-Noticias-300x250.png 300w, https:\/\/www.redttu.edu.co\/es\/wp-content\/uploads\/2017\/07\/Logo-Flash-Red-Noticias.png 405w\" sizes=\"(max-width: 136px) 100vw, 136px\" \/><\/p>\n<h3 style=\"text-align: center;\"><strong>POLIT\u00c9CNICO COLOMBIANO JAIME ISAZA CADAVID, PART\u00cdCIPE EN LA NANOTECNOLOG\u00cdA \u2018GREEN PLUS\u2019<\/strong><\/h3>\n<p style=\"text-align: justify;\">Este producto \u2018Green Plus\u2019 fue desarrollado por una empresa mexicana llamada HOREB Y COMBUSTIBLES ECOL\u00d3GICOS, fue un proyecto aprobado con la participaci\u00f3n de j\u00f3venes estudiantes e investigadores de la Universidad de Antioquia y la Universidad Nacional, adem\u00e1s cont\u00f3 con la presencia de empresarios del sector de transporte y fue aceptado por la Agencia Ambiental de los Estados Unidos, EPA.<\/p>\n<p style=\"text-align: justify;\">Con el fin de cuidar y mejorar la calidad del aire en la ciudad de Medell\u00edn, GHYGAM del Polit\u00e9cnico Colombiano Jaime Isaza Cadavid, hizo presencia y particip\u00f3 en la investigaci\u00f3n \u2018Green Plus\u2019, es un combustible Biodiesel que no altera las propiedades del aire y cumple con las normas pertinentes, aspecto por el cual la ciudadan\u00eda se encuentra agradecida debido a la protecci\u00f3n hacia la salud que posee. Esta tecnolog\u00eda fue liderada por el Jaime Isaza Cadavid y actualmente se encuentra a la venta en la capital de Antioquia.<\/p>\n<p style=\"text-align: justify;\">El rector Libardo \u00c1lvarez del Polit\u00e9cnico Colombiano Jaime Isaza Cadavid manifest\u00f3 que \u201c<em>yo me siento muy complacido de este tipo de eventos, porque quiero que todo el mundo sepa que el Polit\u00e9cnico Colombiano Jaime Isaza Cadavid, es una instituci\u00f3n de conocimientos, y me llena de satisfacci\u00f3n el hecho de que seamos reconocidos en el mundo gracias a esta nanotecnolog\u00eda \u2018Green Plus\u2019\u201d<\/em>.<\/p>\n<p style=\"text-align: justify;\"><img decoding=\"async\" class=\"wp-image-2151 aligncenter\" src=\"http:\/\/www.redttu.edu.co\/es\/wp-content\/uploads\/2018\/05\/Diapositiva2-3-e1525987158749.jpg\" alt=\"Diapositiva2\" width=\"513\" height=\"329\" srcset=\"https:\/\/www.redttu.edu.co\/es\/wp-content\/uploads\/2018\/05\/Diapositiva2-3-e1525987158749-300x192.jpg 300w, https:\/\/www.redttu.edu.co\/es\/wp-content\/uploads\/2018\/05\/Diapositiva2-3-e1525987158749-460x295.jpg 460w, https:\/\/www.redttu.edu.co\/es\/wp-content\/uploads\/2018\/05\/Diapositiva2-3-e1525987158749.jpg 742w\" sizes=\"(max-width: 513px) 100vw, 513px\" \/><\/p>\n<p style=\"text-align: justify;\"><img decoding=\"async\" class=\"alignright wp-image-2148 \" src=\"http:\/\/www.redttu.edu.co\/es\/wp-content\/uploads\/2018\/05\/Diapositiva3-2-e1525981871589.jpg\" alt=\"Diapositiva3\" width=\"276\" height=\"394\" srcset=\"https:\/\/www.redttu.edu.co\/es\/wp-content\/uploads\/2018\/05\/Diapositiva3-2-e1525981871589-210x300.jpg 210w, https:\/\/www.redttu.edu.co\/es\/wp-content\/uploads\/2018\/05\/Diapositiva3-2-e1525981871589.jpg 505w\" sizes=\"(max-width: 276px) 100vw, 276px\" \/>Por otro lado, Myriam G\u00f3mez, Investigadora del grupo GHYGAM, argument\u00f3 que <em>\u201cla nueva tecnolog\u00eda \u2018Green Plus\u2019\u00a0<\/em><em>permite el 7% de ahorro de combustibles (\u2026), necesitamos\u00a0<\/em><em>que el aire que respiramos pierda el color negro y debemos\u00a0<\/em><em>evitar esas 10 mil muertes de personas que se producen <\/em><em>cada a\u00f1o debido a la contaminaci\u00f3n que respiran\u201d<\/em>, de esta manera la ciudad ha reducido la probabilidad de la muerte temprana, a su vez se apoy\u00f3 y aval\u00f3 el proyecto desde grandes instancias.<\/p>\n<p><img decoding=\"async\" class=\"wp-image-2149 aligncenter\" src=\"http:\/\/www.redttu.edu.co\/es\/wp-content\/uploads\/2018\/05\/Diapositiva4-1-e1525982161899.jpg\" alt=\"Diapositiva4\" width=\"374\" height=\"291\" srcset=\"https:\/\/www.redttu.edu.co\/es\/wp-content\/uploads\/2018\/05\/Diapositiva4-1-e1525982161899-300x233.jpg 300w, https:\/\/www.redttu.edu.co\/es\/wp-content\/uploads\/2018\/05\/Diapositiva4-1-e1525982161899.jpg 617w\" sizes=\"(max-width: 374px) 100vw, 374px\" \/><\/p>\n<p style=\"text-align: center;\">Video del Polit\u00e9cnico Colombiano Jaime Isaza Cadavid: \u201cGrupo GHYGAM apoy\u00f3 investigaci\u00f3n del Green Plus que se lanz\u00f3 en Medell\u00edn\u201d<\/p>\n<p>Link: <a href=\"https:\/\/www.youtube.com\/watch?v=uYKPl9dEjbw\">https:\/\/www.youtube.com\/watch?v=uYKPl9dEjbw<\/a><\/p>\n<p style=\"text-align: justify;\">La Red de Instituciones T\u00e9cnicas Profesionales, Tecnol\u00f3gicas y Universitarias P\u00fablicas-REDTTU, se enorgullece del proyecto del cual el Polit\u00e9cnico Colombiano Jaime Isaza Cadavid fue part\u00edcipe exaltando su formaci\u00f3n acad\u00e9mica y conocimientos, as\u00ed mismo felicita a los estudiantes e investigadores por su contribuci\u00f3n al bienestar de la comunidad.<\/p>\n<p style=\"text-align: right;\"><strong>\u00c1rea de Comunicaciones REDTTU<\/strong><\/p>\n<p style=\"text-align: right;\">Daniel Grisales<\/p>\n<p style=\"text-align: right;\">Coordinador<\/p>\n<p style=\"text-align: right;\"><a href=\"mailto:comunicaciones@redttu.edu.co\">comunicaciones@redttu.edu.co<\/a><\/p>\n","protected":false},"excerpt":{"rendered":"<p>\u00a0 \u00a0 \u00a0 \u00a0 \u00a0 \u00a0 \u00a0 \u00a0 \u00a0 \u00a0 \u00a0 \u00a0 \u00a0 \u00a0 \u00a0 \u00a0 \u00a0 \u00a0 \u00a0 \u00a0 \u00a0 \u00a0 \u00a0 \u00a0 \u00a0 \u00a0 \u00a0 \u00a0 \u00a0 \u00a0 \u00a0 \u00a0 \u00a0 \u00a0 \u00a0 \u00a0 \u00a0 \u00a0 \u00a0 \u00a0 \u00a0 \u00a0 \u00a0 \u00a0 \u00a0 &nbsp; &nbsp; &nbsp; POLIT\u00c9CNICO COLOMBIANO JAIME ISAZA CADAVID, PART\u00cdCIPE EN LA NANOTECNOLOG\u00cdA \u2018GREEN PLUS\u2019 Este producto \u2018Green Plus\u2019 fue desarrollado por una empresa mexicana llamada HOREB Y COMBUSTIBLES ECOL\u00d3GICOS, fue un proyecto aprobado con la participaci\u00f3n de j\u00f3venes estudiantes e investigadores de la Universidad de Antioquia y la Universidad Nacional, adem\u00e1s cont\u00f3 con la presencia [&hellip;]<\/p>\n","protected":false},"author":1,"featured_media":0,"comment_status":"open","ping_status":"open","sticky":false,"template":"","format":"standard","meta":{"footnotes":""},"categories":[20],"tags":[],"class_list":["post-2145","post","type-post","status-publish","format-standard","hentry","category-noticias"],"_links":{"self":[{"href":"https:\/\/www.redttu.edu.co\/es\/wp-json\/wp\/v2\/posts\/2145","targetHints":{"allow":["GET"]}}],"collection":[{"href":"https:\/\/www.redttu.edu.co\/es\/wp-json\/wp\/v2\/posts"}],"about":[{"href":"https:\/\/www.redttu.edu.co\/es\/wp-json\/wp\/v2\/types\/post"}],"author":[{"embeddable":true,"href":"https:\/\/www.redttu.edu.co\/es\/wp-json\/wp\/v2\/users\/1"}],"replies":[{"embeddable":true,"href":"https:\/\/www.redttu.edu.co\/es\/wp-json\/wp\/v2\/comments?post=2145"}],"version-history":[{"count":8,"href":"https:\/\/www.redttu.edu.co\/es\/wp-json\/wp\/v2\/posts\/2145\/revisions"}],"predecessor-version":[{"id":2158,"href":"https:\/\/www.redttu.edu.co\/es\/wp-json\/wp\/v2\/posts\/2145\/revisions\/2158"}],"wp:attachment":[{"href":"https:\/\/www.redttu.edu.co\/es\/wp-json\/wp\/v2\/media?parent=2145"}],"wp:term":[{"taxonomy":"category","embeddable":true,"href":"https:\/\/www.redttu.edu.co\/es\/wp-json\/wp\/v2\/categories?post=2145"},{"taxonomy":"post_tag","embeddable":true,"href":"https:\/\/www.redttu.edu.co\/es\/wp-json\/wp\/v2\/tags?post=2145"}],"curies":[{"name":"wp","href":"https:\/\/api.w.org\/{rel}","templated":true}]}}