{"id":1401,"date":"2017-07-13T21:02:34","date_gmt":"2017-07-13T21:02:34","guid":{"rendered":"http:\/\/www.redttu.edu.co\/es\/?p=1401"},"modified":"2018-12-18T11:36:29","modified_gmt":"2018-12-18T16:36:29","slug":"elegido-nuevo-rector-del-itfip-el-doctor-mario-fernando-diaz-pava","status":"publish","type":"post","link":"https:\/\/www.redttu.edu.co\/es\/elegido-nuevo-rector-del-itfip-el-doctor-mario-fernando-diaz-pava\/","title":{"rendered":"ELEGIDO NUEVO RECTOR DEL ITFIP EL DOCTOR MARIO FERNANDO D\u00cdAZ PAVA"},"content":{"rendered":"<p><img decoding=\"async\" class=\"wp-image-1402 aligncenter\" src=\"http:\/\/www.redttu.edu.co\/es\/wp-content\/uploads\/2017\/07\/Logo-Flash-Red-Noticias-300x250.png\" alt=\"Logo Flash Red Noticias\" width=\"140\" height=\"117\" srcset=\"https:\/\/www.redttu.edu.co\/es\/wp-content\/uploads\/2017\/07\/Logo-Flash-Red-Noticias-300x250.png 300w, https:\/\/www.redttu.edu.co\/es\/wp-content\/uploads\/2017\/07\/Logo-Flash-Red-Noticias.png 405w\" sizes=\"(max-width: 140px) 100vw, 140px\" \/><\/p>\n<h2 style=\"text-align: center;\"><strong>ELEGIDO NUEVO RECTOR DEL ITFIP EL DOCTOR MARIO FERNANDO D\u00cdAZ PAVA<\/strong><\/h2>\n<p><em>Bogot\u00e1 12 de julio de 2017<\/em><\/p>\n<p>&nbsp;<\/p>\n<p style=\"text-align: justify;\"><img decoding=\"async\" class=\"wp-image-1403 aligncenter\" src=\"http:\/\/www.redttu.edu.co\/es\/wp-content\/uploads\/2017\/07\/12.png\" alt=\"12\" width=\"470\" height=\"347\" srcset=\"https:\/\/www.redttu.edu.co\/es\/wp-content\/uploads\/2017\/07\/12-220x161.png 220w, https:\/\/www.redttu.edu.co\/es\/wp-content\/uploads\/2017\/07\/12.png 267w\" sizes=\"(max-width: 470px) 100vw, 470px\" \/><\/p>\n<p style=\"text-align: justify;\">El Consejo Superior del Instituto Tolimense de Formaci\u00f3n T\u00e9cnica Profesional &#8211; ITFIP en su sesi\u00f3n del pasado 16 de junio eligi\u00f3 al abogado Mario Fernando D\u00edaz Pava como nuevo rector de la instituci\u00f3n para el periodo 2017 &#8211; 2020.<\/p>\n<p style=\"text-align: justify;\">\u00a0El nuevo rector se desempe\u00f1\u00f3 como Vicerrector Administrativo y Asesor Jur\u00eddico del ITFIP durante los a\u00f1os 2007 \u2013 2012.<\/p>\n<p style=\"text-align: justify;\">\u00a0El Doctor Mario Fernando D\u00edaz Pava se posesion\u00f3 ya en la instituci\u00f3n, y se encuentra en el periodo de empalme recibiendo toda informaci\u00f3n e integraci\u00f3n para empezar sus funciones como rector del ITFIP.<\/p>\n<p style=\"text-align: justify;\">\u00a0La REDTTU le ofrece la m\u00e1s cordial felicitaci\u00f3n al doctor Mario Fernando D\u00edaz Pava por su nombramiento como Rector del Instituto Tolimense de Formaci\u00f3n T\u00e9cnica Profesional \u2013 ITFIP y le extiende sus agradecimientos a la Vicerrectora Acad\u00e9mica Isabel Ortiz quien ofici\u00f3 como rectora encargada de la instituci\u00f3n.<\/p>\n<p style=\"text-align: right;\"><strong>\u00c1rea de Comunicaciones REDTTU<\/strong><\/p>\n<p style=\"text-align: right;\">Jonathan Parra<\/p>\n<p style=\"text-align: right;\">Coordinador<\/p>\n<p style=\"text-align: right;\"><a href=\"mailto:comunicaciones@redttu.edu.co\">comunicaciones@redttu.edu.co<\/a><\/p>\n<p style=\"text-align: right;\"><a href=\"http:\/\/www.redttu.edu.co\">www.redttu.edu.co<\/a><\/p>\n<div class=\"fusion-fullwidth fullwidth-box fusion-builder-row-1 hundred-percent-fullwidth non-hundred-percent-height-scrolling\" style=\"--awb-border-radius-top-left:0px;--awb-border-radius-top-right:0px;--awb-border-radius-bottom-right:0px;--awb-border-radius-bottom-left:0px;--awb-overflow:visible;--awb-flex-wrap:wrap;\" ><div class=\"fusion-builder-row fusion-row\">[\/fusion_text]<\/div><\/div>\n","protected":false},"excerpt":{"rendered":"<p>ELEGIDO NUEVO RECTOR DEL ITFIP EL DOCTOR MARIO FERNANDO D\u00cdAZ PAVA Bogot\u00e1 12 de julio de 2017 &nbsp; El Consejo Superior del Instituto Tolimense de Formaci\u00f3n T\u00e9cnica Profesional &#8211; ITFIP en su sesi\u00f3n del pasado 16 de junio eligi\u00f3 al abogado Mario Fernando D\u00edaz Pava como nuevo rector de la instituci\u00f3n para el periodo 2017 &#8211; 2020. \u00a0El nuevo rector se desempe\u00f1\u00f3 como Vicerrector Administrativo y Asesor Jur\u00eddico del ITFIP durante los a\u00f1os 2007 \u2013 2012. \u00a0El Doctor Mario Fernando D\u00edaz Pava se posesion\u00f3 ya en la instituci\u00f3n, y se encuentra en el periodo de empalme recibiendo toda informaci\u00f3n e [&hellip;]<\/p>\n","protected":false},"author":1,"featured_media":1403,"comment_status":"open","ping_status":"open","sticky":false,"template":"","format":"standard","meta":{"footnotes":""},"categories":[20],"tags":[],"class_list":["post-1401","post","type-post","status-publish","format-standard","has-post-thumbnail","hentry","category-noticias"],"_links":{"self":[{"href":"https:\/\/www.redttu.edu.co\/es\/wp-json\/wp\/v2\/posts\/1401","targetHints":{"allow":["GET"]}}],"collection":[{"href":"https:\/\/www.redttu.edu.co\/es\/wp-json\/wp\/v2\/posts"}],"about":[{"href":"https:\/\/www.redttu.edu.co\/es\/wp-json\/wp\/v2\/types\/post"}],"author":[{"embeddable":true,"href":"https:\/\/www.redttu.edu.co\/es\/wp-json\/wp\/v2\/users\/1"}],"replies":[{"embeddable":true,"href":"https:\/\/www.redttu.edu.co\/es\/wp-json\/wp\/v2\/comments?post=1401"}],"version-history":[{"count":4,"href":"https:\/\/www.redttu.edu.co\/es\/wp-json\/wp\/v2\/posts\/1401\/revisions"}],"predecessor-version":[{"id":3077,"href":"https:\/\/www.redttu.edu.co\/es\/wp-json\/wp\/v2\/posts\/1401\/revisions\/3077"}],"wp:featuredmedia":[{"embeddable":true,"href":"https:\/\/www.redttu.edu.co\/es\/wp-json\/wp\/v2\/media\/1403"}],"wp:attachment":[{"href":"https:\/\/www.redttu.edu.co\/es\/wp-json\/wp\/v2\/media?parent=1401"}],"wp:term":[{"taxonomy":"category","embeddable":true,"href":"https:\/\/www.redttu.edu.co\/es\/wp-json\/wp\/v2\/categories?post=1401"},{"taxonomy":"post_tag","embeddable":true,"href":"https:\/\/www.redttu.edu.co\/es\/wp-json\/wp\/v2\/tags?post=1401"}],"curies":[{"name":"wp","href":"https:\/\/api.w.org\/{rel}","templated":true}]}}