{"id":1379,"date":"2017-06-21T17:50:39","date_gmt":"2017-06-21T17:50:39","guid":{"rendered":"http:\/\/www.redttu.edu.co\/es\/?p=1379"},"modified":"2018-12-18T11:36:29","modified_gmt":"2018-12-18T16:36:29","slug":"nueva-fecha-de-inscripcion-para-convocatoria-ecosistema-cientifico-alianzas-para-resolver-retos-nacionales-con-miradas-regionales","status":"publish","type":"post","link":"https:\/\/www.redttu.edu.co\/es\/nueva-fecha-de-inscripcion-para-convocatoria-ecosistema-cientifico-alianzas-para-resolver-retos-nacionales-con-miradas-regionales\/","title":{"rendered":"NUEVA FECHA DE INSCRIPCI\u00d3N PARA CONVOCATORIA ECOSISTEMA CIENT\u00cdFICO \u00a1ALIANZAS PARA RESOLVER RETOS NACIONALES CON MIRADAS REGIONALES"},"content":{"rendered":"<div class=\"fusion-fullwidth fullwidth-box fusion-builder-row-1 hundred-percent-fullwidth non-hundred-percent-height-scrolling\" style=\"--awb-border-radius-top-left:0px;--awb-border-radius-top-right:0px;--awb-border-radius-bottom-right:0px;--awb-border-radius-bottom-left:0px;--awb-overflow:visible;--awb-flex-wrap:wrap;\" ><div class=\"fusion-builder-row fusion-row\"><div class=\"fusion-layout-column fusion_builder_column fusion-builder-column-0 fusion_builder_column_1_1 1_1 fusion-one-full fusion-column-first fusion-column-last fusion-column-no-min-height\" style=\"--awb-bg-size:cover;--awb-margin-bottom:0px;\"><div class=\"fusion-column-wrapper fusion-flex-column-wrapper-legacy\"><div class=\"fusion-text fusion-text-1\"><p><img decoding=\"async\" class=\" wp-image-1344 aligncenter\" src=\"http:\/\/www.redttu.edu.co\/es\/wp-content\/uploads\/2017\/06\/Logo-Red-Noticias-300x184-300x184.png\" alt=\"Logo-Red-Noticias-300x184\" width=\"147\" height=\"90\" \/><\/p>\n<h3 style=\"text-align: center;\"><strong>NUEVA FECHA DE INSCRIPCI\u00d3N PARA CONVOCATORIA ECOSISTEMA CIENT\u00cdFICO\u00a0<\/strong><strong>\u00a1ALIANZAS PARA RESOLVER RETOS NACIONALES CON MIRADAS REGIONALES!<\/strong><\/h3>\n<p><img decoding=\"async\" class=\" wp-image-1380 aligncenter\" src=\"http:\/\/www.redttu.edu.co\/es\/wp-content\/uploads\/2017\/06\/banner-ecosistemacietifica-300x173.png\" alt=\"banner-ecosistemacietifica\" width=\"588\" height=\"339\" srcset=\"https:\/\/www.redttu.edu.co\/es\/wp-content\/uploads\/2017\/06\/banner-ecosistemacietifica-300x173.png 300w, https:\/\/www.redttu.edu.co\/es\/wp-content\/uploads\/2017\/06\/banner-ecosistemacietifica.png 664w\" sizes=\"(max-width: 588px) 100vw, 588px\" \/><\/p>\n<p style=\"text-align: justify;\"><strong>\u00a0<\/strong>Con el objetivo de contribuir al mejoramiento de la calidad de las IES colombianas, el programa Colombia Cient\u00edfica ha extendido el plazo de inscripci\u00f3n para participar en el proyecto Ecosistema Cient\u00edfico hasta el d\u00eda <strong>viernes 30 de junio del presente a\u00f1o<\/strong>, cuyo objeto es conformar alianzas \u00a0que impulsen el desarrollo regional y respondan a los retos del desarrollo social y productivo del pa\u00eds, mediante la conformaci\u00f3n de un banco de programas de I+D+i elegibles, en los focos estrat\u00e9gicos establecidos, con resultados perdurables y sostenibles en el tiempo.<\/p>\n<p style=\"text-align: justify;\"><a href=\"http:\/\/www.colciencias.gov.co\/sites\/default\/files\/upload\/convocatoria\/anexo2-definiciones-conceptos.pdf\">Definici\u00f3n de conceptos aqu\u00ed<\/a>.<\/p>\n<p style=\"text-align: justify;\">La invitaci\u00f3n a las \u00a0IES afiliadas a la <strong>REDTTU<\/strong>, para que en aras de contribuir al fortalecimiento de las redes de conocimiento entre las alianzas que se encuentran formulando las propuestas del programa Colciencias, aprovechen esta gran oportunidad y exploren la posibilidad de vincularse en alguna de las alianzas en proceso de integraci\u00f3n.<\/p>\n<p style=\"text-align: justify;\">En este documento reposa informaci\u00f3n de 37 propuestas autorizadas para la publicaci\u00f3n. <a href=\"http:\/\/www.colciencias.gov.co\/sites\/default\/files\/upload\/convocatoria\/informacion-fichas-tecnicas-convocatoria-778-ecosistema-cientifico.pdf\">Ver documento de alianzas aqu\u00ed.<\/a><\/p>\n<p style=\"text-align: justify;\">Las alianzas estrat\u00e9gicas est\u00e1n conformadas as\u00ed:\u00a0 por al menos dos IES nacionales con acreditaci\u00f3n institucional de alta calidad (una de ellas con una vigencia de seis a\u00f1os o m\u00e1s); al menos una IES nacional no acreditada, al menos una instituci\u00f3n o centro de investigaci\u00f3n y\/o desarrollo tecnol\u00f3gico y\/o innovaci\u00f3n internacional, y al menos una entidad del sector productivo nacional.<\/p>\n<p style=\"text-align: justify;\">Mayor informaci\u00f3n en <a href=\"http:\/\/bit.ly\/2orApBJ\">http:\/\/bit.ly\/2orApBJ<\/a><\/p>\n<p style=\"text-align: right;\"><strong>\u00c1rea de Comunicaciones REDTTU<\/strong><\/p>\n<p style=\"text-align: right;\">Jonathan Parra<\/p>\n<p style=\"text-align: right;\">Coordinador<\/p>\n<p style=\"text-align: right;\"><a href=\"mailto:comunicaciones@redttu.edu.co\">comunicaciones@redttu.edu.co<\/a><\/p>\n<p style=\"text-align: right;\"><a href=\"http:\/\/www.redttu.edu.co\">www.redttu.edu.co<\/a><\/p>\n<\/div><div class=\"fusion-clearfix\"><\/div><\/div><\/div><\/div><\/div>\n","protected":false},"excerpt":{"rendered":"","protected":false},"author":1,"featured_media":1380,"comment_status":"open","ping_status":"open","sticky":false,"template":"","format":"standard","meta":{"footnotes":""},"categories":[20],"tags":[],"class_list":["post-1379","post","type-post","status-publish","format-standard","has-post-thumbnail","hentry","category-noticias"],"_links":{"self":[{"href":"https:\/\/www.redttu.edu.co\/es\/wp-json\/wp\/v2\/posts\/1379","targetHints":{"allow":["GET"]}}],"collection":[{"href":"https:\/\/www.redttu.edu.co\/es\/wp-json\/wp\/v2\/posts"}],"about":[{"href":"https:\/\/www.redttu.edu.co\/es\/wp-json\/wp\/v2\/types\/post"}],"author":[{"embeddable":true,"href":"https:\/\/www.redttu.edu.co\/es\/wp-json\/wp\/v2\/users\/1"}],"replies":[{"embeddable":true,"href":"https:\/\/www.redttu.edu.co\/es\/wp-json\/wp\/v2\/comments?post=1379"}],"version-history":[{"count":2,"href":"https:\/\/www.redttu.edu.co\/es\/wp-json\/wp\/v2\/posts\/1379\/revisions"}],"predecessor-version":[{"id":3082,"href":"https:\/\/www.redttu.edu.co\/es\/wp-json\/wp\/v2\/posts\/1379\/revisions\/3082"}],"wp:featuredmedia":[{"embeddable":true,"href":"https:\/\/www.redttu.edu.co\/es\/wp-json\/wp\/v2\/media\/1380"}],"wp:attachment":[{"href":"https:\/\/www.redttu.edu.co\/es\/wp-json\/wp\/v2\/media?parent=1379"}],"wp:term":[{"taxonomy":"category","embeddable":true,"href":"https:\/\/www.redttu.edu.co\/es\/wp-json\/wp\/v2\/categories?post=1379"},{"taxonomy":"post_tag","embeddable":true,"href":"https:\/\/www.redttu.edu.co\/es\/wp-json\/wp\/v2\/tags?post=1379"}],"curies":[{"name":"wp","href":"https:\/\/api.w.org\/{rel}","templated":true}]}}