{"id":1370,"date":"2017-06-15T22:49:18","date_gmt":"2017-06-15T22:49:18","guid":{"rendered":"http:\/\/www.redttu.edu.co\/es\/?p=1370"},"modified":"2018-12-18T11:36:29","modified_gmt":"2018-12-18T16:36:29","slug":"xviii-encuentro-internacional-virtual-educa-colombia-2017","status":"publish","type":"post","link":"https:\/\/www.redttu.edu.co\/es\/xviii-encuentro-internacional-virtual-educa-colombia-2017\/","title":{"rendered":"XVIII Encuentro internacional Virtual Educa Colombia 2017"},"content":{"rendered":"<div class=\"fusion-fullwidth fullwidth-box fusion-builder-row-1 hundred-percent-fullwidth non-hundred-percent-height-scrolling\" style=\"--awb-border-radius-top-left:0px;--awb-border-radius-top-right:0px;--awb-border-radius-bottom-right:0px;--awb-border-radius-bottom-left:0px;--awb-overflow:visible;--awb-flex-wrap:wrap;\" ><div class=\"fusion-builder-row fusion-row\"><div class=\"fusion-layout-column fusion_builder_column fusion-builder-column-0 fusion_builder_column_1_1 1_1 fusion-one-full fusion-column-first fusion-column-last fusion-column-no-min-height\" style=\"--awb-bg-size:cover;--awb-margin-bottom:0px;\"><div class=\"fusion-column-wrapper fusion-flex-column-wrapper-legacy\"><div class=\"fusion-text fusion-text-1\"><p style=\"text-align: center;\"><img decoding=\"async\" class=\"alignnone wp-image-1372\" src=\"http:\/\/www.redttu.edu.co\/es\/wp-content\/uploads\/2017\/06\/20170615_120101-300x169.jpg\" alt=\"20170615_120101\" width=\"491\" height=\"276\" srcset=\"https:\/\/www.redttu.edu.co\/es\/wp-content\/uploads\/2017\/06\/20170615_120101-300x169.jpg 300w, https:\/\/www.redttu.edu.co\/es\/wp-content\/uploads\/2017\/06\/20170615_120101-768x432.jpg 768w, https:\/\/www.redttu.edu.co\/es\/wp-content\/uploads\/2017\/06\/20170615_120101-1024x576.jpg 1024w, https:\/\/www.redttu.edu.co\/es\/wp-content\/uploads\/2017\/06\/20170615_120101.jpg 1090w\" sizes=\"(max-width: 491px) 100vw, 491px\" \/><\/p>\n<h3 style=\"text-align: center;\">Disfruta de:<\/h3>\n<p style=\"text-align: justify;\"><strong>1. UNA COMPLETA AGENDA ACAD\u00c9MICA.<\/strong> El programa acad\u00e9mico incluye foros, seminarios y talleres para temas de educaci\u00f3n b\u00e1sica, superior, formaci\u00f3n continua, I+D+I, modelos de calidad e indicadores de impacto.<\/p>\n<p style=\"text-align: justify;\"><strong>2. FORO MULTILATERAL (Polo\u00edticas P\u00fablicas).<\/strong> Reuni\u00f3n de decisores de pol\u00edtica p\u00fablica nacional y organismos multilaterales expertos en educaci\u00f3n e innovaci\u00f3n donde se plantear\u00e1n los temas estrat\u00e9gicos sobre c\u00f3mo la innovaci\u00f3n educativa puede contribuir a la transformaci\u00f3n social.<\/p>\n<p style=\"text-align: justify;\"><strong>3. ESPACIOS DE CONVERGENCIA.<\/strong> No se pierda 1- El Aula 2030 donde se presentar\u00e1n propuestas de intervenci\u00f3n educativa. 2- La Arena, un espacio I+D+I, en el que se experimentar\u00e1 con modelos innovadores y La exposici\u00f3n internacional de productos y servicios asociada al Encuentro.<\/p>\n<p style=\"text-align: justify;\"><strong>4. INTERCAMBIO DE EXPERIENCIAS.<\/strong> Modelos de buenas pr\u00e1cticas asociados a la muestra &#8216;La innovaci\u00f3n en educaci\u00f3n, modelos de buenas pr\u00e1cticas en Am\u00e9rica Latina y el Caribe.<\/p>\n<p style=\"text-align: justify;\">Conoce los detalles del Encuentro:<\/p>\n<h2 style=\"text-align: center;\"><a href=\"https:\/\/drive.google.com\/file\/d\/0B6aRf8qNAiEOc1NwckdHdDJfRzQ\/view\">&#8212;&#8212;&#8212; Programa completo &#8212;&#8212;&#8211;<\/a><br \/>\n<a href=\"http:\/\/virtualeduca.org\/encuentros\/colombia2017\/academico-y-talleres.php\">&#8212;&#8212;&#8212; Agenda acad\u00e9mica &#8212;&#8212;&#8212;<\/a><\/h2>\n<\/div><div class=\"fusion-clearfix\"><\/div><\/div><\/div><\/div><\/div>\n","protected":false},"excerpt":{"rendered":"","protected":false},"author":1,"featured_media":1371,"comment_status":"open","ping_status":"open","sticky":false,"template":"","format":"standard","meta":{"footnotes":""},"categories":[20],"tags":[],"class_list":["post-1370","post","type-post","status-publish","format-standard","has-post-thumbnail","hentry","category-noticias"],"_links":{"self":[{"href":"https:\/\/www.redttu.edu.co\/es\/wp-json\/wp\/v2\/posts\/1370","targetHints":{"allow":["GET"]}}],"collection":[{"href":"https:\/\/www.redttu.edu.co\/es\/wp-json\/wp\/v2\/posts"}],"about":[{"href":"https:\/\/www.redttu.edu.co\/es\/wp-json\/wp\/v2\/types\/post"}],"author":[{"embeddable":true,"href":"https:\/\/www.redttu.edu.co\/es\/wp-json\/wp\/v2\/users\/1"}],"replies":[{"embeddable":true,"href":"https:\/\/www.redttu.edu.co\/es\/wp-json\/wp\/v2\/comments?post=1370"}],"version-history":[{"count":2,"href":"https:\/\/www.redttu.edu.co\/es\/wp-json\/wp\/v2\/posts\/1370\/revisions"}],"predecessor-version":[{"id":3083,"href":"https:\/\/www.redttu.edu.co\/es\/wp-json\/wp\/v2\/posts\/1370\/revisions\/3083"}],"wp:featuredmedia":[{"embeddable":true,"href":"https:\/\/www.redttu.edu.co\/es\/wp-json\/wp\/v2\/media\/1371"}],"wp:attachment":[{"href":"https:\/\/www.redttu.edu.co\/es\/wp-json\/wp\/v2\/media?parent=1370"}],"wp:term":[{"taxonomy":"category","embeddable":true,"href":"https:\/\/www.redttu.edu.co\/es\/wp-json\/wp\/v2\/categories?post=1370"},{"taxonomy":"post_tag","embeddable":true,"href":"https:\/\/www.redttu.edu.co\/es\/wp-json\/wp\/v2\/tags?post=1370"}],"curies":[{"name":"wp","href":"https:\/\/api.w.org\/{rel}","templated":true}]}}