{"id":1365,"date":"2017-06-06T01:38:06","date_gmt":"2017-06-06T01:38:06","guid":{"rendered":"http:\/\/www.redttu.edu.co\/es\/?p=1365"},"modified":"2018-12-18T11:36:29","modified_gmt":"2018-12-18T16:36:29","slug":"invitacion-audiencia-comision-sexta-sobre-pnde","status":"publish","type":"post","link":"https:\/\/www.redttu.edu.co\/es\/invitacion-audiencia-comision-sexta-sobre-pnde\/","title":{"rendered":"INVITACI\u00d3N AUDIENCIA COMISI\u00d3N SEXTA SOBRE PNDE"},"content":{"rendered":"<div class=\"fusion-fullwidth fullwidth-box fusion-builder-row-1 hundred-percent-fullwidth non-hundred-percent-height-scrolling\" style=\"--awb-border-radius-top-left:0px;--awb-border-radius-top-right:0px;--awb-border-radius-bottom-right:0px;--awb-border-radius-bottom-left:0px;--awb-overflow:visible;--awb-flex-wrap:wrap;\" ><div class=\"fusion-builder-row fusion-row\"><div class=\"fusion-layout-column fusion_builder_column fusion-builder-column-0 fusion_builder_column_1_1 1_1 fusion-one-full fusion-column-first fusion-column-last fusion-column-no-min-height\" style=\"--awb-bg-size:cover;--awb-margin-bottom:0px;\"><div class=\"fusion-column-wrapper fusion-flex-column-wrapper-legacy\"><div class=\"fusion-text fusion-text-1\"><p><img decoding=\"async\" class=\" wp-image-1344 aligncenter\" src=\"http:\/\/www.redttu.edu.co\/es\/wp-content\/uploads\/2017\/06\/Logo-Red-Noticias-300x184-300x184.png\" alt=\"Logo-Red-Noticias-300x184\" width=\"129\" height=\"79\" \/><\/p>\n<p><img decoding=\"async\" class=\" wp-image-1366 aligncenter\" src=\"http:\/\/www.redttu.edu.co\/es\/wp-content\/uploads\/2017\/06\/Camara-300x89.png\" alt=\"Camara\" width=\"189\" height=\"56\" srcset=\"https:\/\/www.redttu.edu.co\/es\/wp-content\/uploads\/2017\/06\/Camara-300x89.png 300w, https:\/\/www.redttu.edu.co\/es\/wp-content\/uploads\/2017\/06\/Camara-768x228.png 768w, https:\/\/www.redttu.edu.co\/es\/wp-content\/uploads\/2017\/06\/Camara-1024x303.png 1024w, https:\/\/www.redttu.edu.co\/es\/wp-content\/uploads\/2017\/06\/Camara.png 1600w\" sizes=\"(max-width: 189px) 100vw, 189px\" \/><\/p>\n<h4 style=\"text-align: center;\"><strong>INVITACI\u00d3N AUDIENCIA P\u00daBLICA<\/strong><\/h4>\n<p style=\"text-align: justify;\">La Comisi\u00f3n Sexta Constitucional Permanente de la C\u00e1mara de Representantes, se permite invitarle a la Audiencia P\u00fablica \u201c<strong><em>Propuestas para la construcci\u00f3n del Plan Nacional Decenal de Educaci\u00f3n &#8211; PNDE 2016 &#8211; 2026<\/em><\/strong>\u201d, a realizarse el d\u00eda <strong>jueves 8 de junio de 2017, a partir de las 8:00 A.M., en el Sal\u00f3n Boyac\u00e1 del Capitolio Nacional &#8211; carrera 7\u00aa calle 8\u00aa.<\/strong><\/p>\n<p style=\"text-align: justify;\">El evento que ser\u00e1 moderado por el Presidente de la Comisi\u00f3n, Honorable Representante <strong>IV\u00c1N DAR\u00cdO AGUDELO ZAPATA,<\/strong> tendr\u00e1 como objetivo evaluar, formular y sugerir propuestas para la construcci\u00f3n del Plan Nacional Decenal de Educaci\u00f3n \u2013 PNDE 2016 \u2013 2026 -.<\/p>\n<p style=\"text-align: justify;\">Su aporte y participaci\u00f3n ser\u00e1n de especial importancia para contribuir en la construcci\u00f3n colectiva de las pol\u00edticas p\u00fablicas para la orientaci\u00f3n de la educaci\u00f3n en los pr\u00f3ximos diez a\u00f1os, con mayor inclusi\u00f3n, calidad, equidad y mayores y mejores oportunidades de acceso para los diferentes sectores de la poblaci\u00f3n nacional.<\/p>\n<p style=\"text-align: justify;\">Estaremos atentos a resolver sus inquietudes o recibir confirmaci\u00f3n de asistencia en los correos electr\u00f3nicos:<\/p>\n<table width=\"652\">\n<tbody>\n<tr>\n<td width=\"208\"><a href=\"mailto:comisi\u00f3n.sexta@camara.gov.co\">comisi\u00f3n.sexta@camara.gov.co<\/a><\/td>\n<td width=\"246\"><a href=\"mailto:comisionsextadecamara@outlook.com\">comisionsextadecamara@outlook.com<\/a><\/td>\n<td width=\"198\"><u>Juntosconivan14@gmail.com<\/u><\/td>\n<\/tr>\n<tr>\n<td width=\"208\"><a href=\"mailto:jair.ebratt@hotmail.com\">jair.ebratt@hotmail.com<\/a><\/td>\n<td width=\"246\"><a href=\"mailto:gloriaamparo2010@hotmail.com\">gloriaamparo2010@hotmail.com<\/a><\/td>\n<td width=\"198\"><a href=\"mailto:kristymichelli61@hotmail.com\">kristymichelli61@hotmail.com<\/a><\/td>\n<\/tr>\n<\/tbody>\n<\/table>\n<p style=\"text-align: justify;\">Y \u00a0en los tel\u00e9fonos: 4325100 \u2013 4325101 Extensiones 4117 \u2013 4067.<\/p>\n<p style=\"text-align: justify;\">\u00a0Para efectos de autorizaci\u00f3n de ingreso a las instalaciones del Capitolio Nacional, agradezco confirmar con anterioridad al correo electr\u00f3nico <a href=\"mailto:claunuhe@yahoo.com\">claunuhe@yahoo.com<\/a>, indicando nombre completo y n\u00famero de c\u00e9dula.<\/p>\n<p style=\"text-align: justify;\">Cordialmente<\/p>\n<p style=\"text-align: justify;\"><img decoding=\"async\" class=\"alignnone wp-image-1367\" src=\"http:\/\/www.redttu.edu.co\/es\/wp-content\/uploads\/2017\/06\/comi-300x173.jpg\" alt=\"comi\" width=\"203\" height=\"117\" srcset=\"https:\/\/www.redttu.edu.co\/es\/wp-content\/uploads\/2017\/06\/comi-300x173.jpg 300w, https:\/\/www.redttu.edu.co\/es\/wp-content\/uploads\/2017\/06\/comi.jpg 367w\" sizes=\"(max-width: 203px) 100vw, 203px\" \/><\/p>\n<p><strong><em>JAIR JOS\u00c9 EBRATT D\u00cdAZ<\/em><\/strong><\/p>\n<p><strong><em>Secretario General<\/em><\/strong><\/p>\n<p><strong><em>Comisi\u00f3n Sexta Constitucional Permanente<\/em><\/strong><\/p>\n<\/div><div class=\"fusion-clearfix\"><\/div><\/div><\/div><\/div><\/div>\n","protected":false},"excerpt":{"rendered":"","protected":false},"author":1,"featured_media":1366,"comment_status":"open","ping_status":"open","sticky":false,"template":"","format":"standard","meta":{"footnotes":""},"categories":[20],"tags":[],"class_list":["post-1365","post","type-post","status-publish","format-standard","has-post-thumbnail","hentry","category-noticias"],"_links":{"self":[{"href":"https:\/\/www.redttu.edu.co\/es\/wp-json\/wp\/v2\/posts\/1365","targetHints":{"allow":["GET"]}}],"collection":[{"href":"https:\/\/www.redttu.edu.co\/es\/wp-json\/wp\/v2\/posts"}],"about":[{"href":"https:\/\/www.redttu.edu.co\/es\/wp-json\/wp\/v2\/types\/post"}],"author":[{"embeddable":true,"href":"https:\/\/www.redttu.edu.co\/es\/wp-json\/wp\/v2\/users\/1"}],"replies":[{"embeddable":true,"href":"https:\/\/www.redttu.edu.co\/es\/wp-json\/wp\/v2\/comments?post=1365"}],"version-history":[{"count":2,"href":"https:\/\/www.redttu.edu.co\/es\/wp-json\/wp\/v2\/posts\/1365\/revisions"}],"predecessor-version":[{"id":3084,"href":"https:\/\/www.redttu.edu.co\/es\/wp-json\/wp\/v2\/posts\/1365\/revisions\/3084"}],"wp:featuredmedia":[{"embeddable":true,"href":"https:\/\/www.redttu.edu.co\/es\/wp-json\/wp\/v2\/media\/1366"}],"wp:attachment":[{"href":"https:\/\/www.redttu.edu.co\/es\/wp-json\/wp\/v2\/media?parent=1365"}],"wp:term":[{"taxonomy":"category","embeddable":true,"href":"https:\/\/www.redttu.edu.co\/es\/wp-json\/wp\/v2\/categories?post=1365"},{"taxonomy":"post_tag","embeddable":true,"href":"https:\/\/www.redttu.edu.co\/es\/wp-json\/wp\/v2\/tags?post=1365"}],"curies":[{"name":"wp","href":"https:\/\/api.w.org\/{rel}","templated":true}]}}