{"id":1128,"date":"2017-03-23T21:24:45","date_gmt":"2017-03-23T21:24:45","guid":{"rendered":"http:\/\/www.redttu.edu.co\/es\/?p=1128"},"modified":"2018-12-18T11:36:31","modified_gmt":"2018-12-18T16:36:31","slug":"oletin-informativo-de-la-direccion-ejecutiva-no-3-febrero-25-marzo-22-2017","status":"publish","type":"post","link":"https:\/\/www.redttu.edu.co\/es\/oletin-informativo-de-la-direccion-ejecutiva-no-3-febrero-25-marzo-22-2017\/","title":{"rendered":"BOLET\u00cdN INFORMATIVO DE LA DIRECCI\u00d3N EJECUTIVA No. 3 febrero 25 \u2013 marzo 22, 2017"},"content":{"rendered":"<div class=\"fusion-fullwidth fullwidth-box fusion-builder-row-1 hundred-percent-fullwidth non-hundred-percent-height-scrolling\" style=\"--awb-border-radius-top-left:0px;--awb-border-radius-top-right:0px;--awb-border-radius-bottom-right:0px;--awb-border-radius-bottom-left:0px;--awb-overflow:visible;--awb-flex-wrap:wrap;\" ><div class=\"fusion-builder-row fusion-row\"><div class=\"fusion-layout-column fusion_builder_column fusion-builder-column-0 fusion_builder_column_1_1 1_1 fusion-one-full fusion-column-first fusion-column-last fusion-column-no-min-height\" style=\"--awb-bg-size:cover;--awb-margin-bottom:0px;\"><div class=\"fusion-column-wrapper fusion-flex-column-wrapper-legacy\"><div class=\"fusion-text fusion-text-1\"><p style=\"text-align: center;\"><img decoding=\"async\" class=\"wp-image-1023\" src=\"http:\/\/www.redttu.edu.co\/es\/wp-content\/uploads\/2017\/02\/Logo-Red-Noticias-1-300x180.png\" alt=\"Logo Red Noticias\" width=\"244\" height=\"147\" srcset=\"https:\/\/www.redttu.edu.co\/es\/wp-content\/uploads\/2017\/02\/Logo-Red-Noticias-1-300x180.png 300w, https:\/\/www.redttu.edu.co\/es\/wp-content\/uploads\/2017\/02\/Logo-Red-Noticias-1.png 348w\" sizes=\"(max-width: 244px) 100vw, 244px\" \/><\/p>\n<p style=\"text-align: center;\"><strong><em>BOLET\u00cdN INFORMATIVO<br \/>\nDE LA DIRECCI\u00d3N EJECUTIVA<\/em><\/strong><\/p>\n<p style=\"text-align: center;\"><strong><em>No. 3 febrero 25\u00a0\u2013 marzo 22, 2017<\/em><\/strong><\/p>\n<p style=\"text-align: center;\"><strong>\u00a0ASAMBLEA GENERAL DE RECTORES<\/strong><\/p>\n<p style=\"text-align: center;\"><img decoding=\"async\" class=\"wp-image-1129 aligncenter\" src=\"http:\/\/www.redttu.edu.co\/es\/wp-content\/uploads\/2017\/03\/Diapositiva5-compressor-300x169.jpg\" alt=\"Diapositiva5-compressor\" width=\"479\" height=\"270\" srcset=\"https:\/\/www.redttu.edu.co\/es\/wp-content\/uploads\/2017\/03\/Diapositiva5-compressor-300x169.jpg 300w, https:\/\/www.redttu.edu.co\/es\/wp-content\/uploads\/2017\/03\/Diapositiva5-compressor-768x432.jpg 768w, https:\/\/www.redttu.edu.co\/es\/wp-content\/uploads\/2017\/03\/Diapositiva5-compressor-1024x576.jpg 1024w, https:\/\/www.redttu.edu.co\/es\/wp-content\/uploads\/2017\/03\/Diapositiva5-compressor.jpg 1280w\" sizes=\"(max-width: 479px) 100vw, 479px\" \/><\/p>\n<p style=\"text-align: justify;\">La Asamblea General de Rectores de la REDTTU se realiz\u00f3 el 03 de marzo de 2017 en la sede de UNIBAC en Cartagena, y cont\u00f3 con la presencia de la Viceministra de Educaci\u00f3n Superior Natalia Ruiz Rodgers.<\/p>\n<p style=\"text-align: justify;\"><img decoding=\"async\" class=\"wp-image-1130 alignright\" src=\"http:\/\/www.redttu.edu.co\/es\/wp-content\/uploads\/2017\/03\/Diapositiva4-300x169.jpg\" alt=\"Diapositiva4\" width=\"503\" height=\"283\" srcset=\"https:\/\/www.redttu.edu.co\/es\/wp-content\/uploads\/2017\/03\/Diapositiva4-300x169.jpg 300w, https:\/\/www.redttu.edu.co\/es\/wp-content\/uploads\/2017\/03\/Diapositiva4-768x432.jpg 768w, https:\/\/www.redttu.edu.co\/es\/wp-content\/uploads\/2017\/03\/Diapositiva4-1024x576.jpg 1024w, https:\/\/www.redttu.edu.co\/es\/wp-content\/uploads\/2017\/03\/Diapositiva4.jpg 1280w\" sizes=\"(max-width: 503px) 100vw, 503px\" \/><\/p>\n<p style=\"text-align: justify;\">La Orquesta Sinf\u00f3nica de Bol\u00edvar dirigida por el Maestro Germ\u00e1n Alberto C\u00e9spedes interpret\u00f3 la\u00a0Danza del Trigo y Danza Final (Malambo) del maestro Alberto Ginasterra y Preludio a la tercera salida de Don Quijote del Maestro Adolfo Mej\u00eda en homenaje a los asistentes a la Asamblea.<\/p>\n<p style=\"text-align: justify;\"><span style=\"color: #ffffff;\">k<\/span><\/p>\n<p style=\"text-align: justify;\"><span style=\"color: #ffffff;\">k<\/span><\/p>\n<p style=\"text-align: justify;\"><span style=\"color: #ffffff;\">k<\/span><\/p>\n<p style=\"text-align: justify;\"><img decoding=\"async\" class=\" wp-image-1132 alignleft\" src=\"http:\/\/www.redttu.edu.co\/es\/wp-content\/uploads\/2017\/03\/Diapositiva3-compressor-300x169.jpg\" alt=\"Diapositiva3-compressor\" width=\"492\" height=\"277\" srcset=\"https:\/\/www.redttu.edu.co\/es\/wp-content\/uploads\/2017\/03\/Diapositiva3-compressor-300x169.jpg 300w, https:\/\/www.redttu.edu.co\/es\/wp-content\/uploads\/2017\/03\/Diapositiva3-compressor-768x432.jpg 768w, https:\/\/www.redttu.edu.co\/es\/wp-content\/uploads\/2017\/03\/Diapositiva3-compressor-1024x576.jpg 1024w, https:\/\/www.redttu.edu.co\/es\/wp-content\/uploads\/2017\/03\/Diapositiva3-compressor.jpg 1280w\" sizes=\"(max-width: 492px) 100vw, 492px\" \/><\/p>\n<p style=\"text-align: justify;\">El Director Ejecutivo\u00a0se dirigi\u00f3 a los asistentes resaltando el sublime acto cultural que la Instituci\u00f3n Universitaria Bellas Artes y Ciencias de Bol\u00edvar ofreci\u00f3, antesala de lo que ser\u00e1 el Encuentro Art\u00edstico y Cultural de la REDTTU que se celebrar\u00e1 este a\u00f1o con el apoyo de <strong>UNIBAC, D\u00e9bora Arango, Bellas Artes y el Conservatorio<\/strong>, como el m\u00e1ximo evento anual de integraci\u00f3n de las IES afiliadas a la REDTTU.\u00a0 Agradeci\u00f3 de manera especial la presencia de la Viceministra de Educaci\u00f3n Superior Natalia Ruiz, que simboliza el esp\u00edritu de cooperaci\u00f3n y respeto que siempre deben distinguir las relaciones entre el MEN y la REDTTU.<\/p>\n<p style=\"text-align: justify;\"><img decoding=\"async\" class=\" wp-image-1133 alignright\" src=\"http:\/\/www.redttu.edu.co\/es\/wp-content\/uploads\/2017\/03\/Diapositiva2-300x169.jpg\" alt=\"Diapositiva2\" width=\"560\" height=\"315\" srcset=\"https:\/\/www.redttu.edu.co\/es\/wp-content\/uploads\/2017\/03\/Diapositiva2-300x169.jpg 300w, https:\/\/www.redttu.edu.co\/es\/wp-content\/uploads\/2017\/03\/Diapositiva2-768x432.jpg 768w, https:\/\/www.redttu.edu.co\/es\/wp-content\/uploads\/2017\/03\/Diapositiva2-1024x576.jpg 1024w, https:\/\/www.redttu.edu.co\/es\/wp-content\/uploads\/2017\/03\/Diapositiva2.jpg 1280w\" sizes=\"(max-width: 560px) 100vw, 560px\" \/>Se anunciaron los avances obtenidos a partir de los acuerdos logrados por el Consejo Directivo y la Administraci\u00f3n en la audiencia sostenida recientemente con la Ministra de Educaci\u00f3n Yaneth Giha y la Viceministra de Educaci\u00f3n Superior, estos fueron;\u00a0 la reactivaci\u00f3n de\u00a0 las tres (3) mesas de trabajo que se hab\u00edan constituido de tiempo atr\u00e1s entre el MEN y la Red correspondientes a Financiaci\u00f3n,\u00a0 Registros Calificados y Acreditaci\u00f3n Institucional y\u00a0 el SNET;\u00a0 sobre este \u00faltimo punto la REDTTU ha asistido durante los dos (2) a\u00f1os anteriores a diversas convocatorias del MEN y ha manifestado sus opiniones sobre la propuesta del SNET, pero \u00e9stas no han sido consideradas en las diferentes versiones hasta ahora conocidas.<\/p>\n<p style=\"text-align: justify;\">A ra\u00edz de la reciente pretensi\u00f3n de Mintrabajo y el Sena de hacer aprobar el SNET por medio de la \u201cv\u00eda r\u00e1pida\u201d, se destac\u00f3 la firmeza y decisi\u00f3n de la Ministra de Educaci\u00f3n de apartarse de esta maniobra y convocar a la comunidad acad\u00e9mica a buscar el consenso necesario para la implementaci\u00f3n del SNET. Su nombramiento Viceministra, tal y como tuvimos oportunidad de expresarlo personalmente a la Ministra, representa tambi\u00e9n el regreso del fortalecimiento de las pol\u00edticas p\u00fablicas de fomento para las IES.<\/p>\n<p style=\"text-align: justify;\"><img decoding=\"async\" class=\" wp-image-1134 alignleft\" src=\"http:\/\/www.redttu.edu.co\/es\/wp-content\/uploads\/2017\/03\/Diapositiva1-300x169.jpg\" alt=\"Diapositiva1\" width=\"430\" height=\"242\" srcset=\"https:\/\/www.redttu.edu.co\/es\/wp-content\/uploads\/2017\/03\/Diapositiva1-300x169.jpg 300w, https:\/\/www.redttu.edu.co\/es\/wp-content\/uploads\/2017\/03\/Diapositiva1-768x432.jpg 768w, https:\/\/www.redttu.edu.co\/es\/wp-content\/uploads\/2017\/03\/Diapositiva1-1024x576.jpg 1024w, https:\/\/www.redttu.edu.co\/es\/wp-content\/uploads\/2017\/03\/Diapositiva1.jpg 1280w\" sizes=\"(max-width: 430px) 100vw, 430px\" \/><\/p>\n<p style=\"text-align: justify;\">La Viceministra Natalia Ruiz agradeci\u00f3 la invitaci\u00f3n a participar en la Asamblea de la REDTTU, la presentaci\u00f3n del acto cultural y la labor que desarrolla UNIBAC en recuperar el patrimonio nacional.\u00a0 Mencion\u00f3 que esta es la segunda reuni\u00f3n que sostiene con la REDTTU y que desea tratar seis (6) temas principales:<\/p>\n<p style=\"text-align: justify;\"><span style=\"color: #ffffff;\">k<\/span><\/p>\n<ol style=\"text-align: justify;\">\n<li>La elaboraci\u00f3n de un proyecto de la Ministra de Educaci\u00f3n con el prop\u00f3sito de no cerrar las licenciaturas que no han cumplido con el registro calificado del programa, y ofrecerles una alternativa para la obtenci\u00f3n del mismo.<\/li>\n<li>El dise\u00f1o de un modelo de financiamiento y de distribuci\u00f3n para las universidades y las ITTU p\u00fablicas; en reciente reuni\u00f3n con el SUE les manifest\u00f3 reunirse con la REDTTU y preparar una propuesta conjunta.<\/li>\n<li>Las pol\u00edticas p\u00fablicas de Fomento para la Educaci\u00f3n Superior volver\u00e1n a ser objeto de especial atenci\u00f3n por parte de este Viceministerio.<\/li>\n<li>Reactivar la Cooperaci\u00f3n Internacional, ya se han trabajado planes de cooperaci\u00f3n con Francia, Espa\u00f1a, Brasil y Alemania con la idea de recoger toda esta cooperaci\u00f3n en un proyecto que pr\u00f3ximamente ser\u00e1 presentado a la comunidad acad\u00e9mica, y en donde el componente de participaci\u00f3n de las ITTU p\u00fablicas es considerado fundamental.<\/li>\n<li>En cuanto a la educaci\u00f3n en el sector rural, es necesario pensar en las personas afectadas por el conflicto y en c\u00f3mo llegar a ellas de forma oportuna con programas de formaci\u00f3n de caracter\u00edsticas especiales de acuerdo al censo que se est\u00e1 realizando en 82 municipios del pa\u00eds, y donde pa\u00edses como Australia y Nueva Zelanda quieren apoyar este programa. Acompa\u00f1ar las actividades de la Cruzada Colombia-Francia son tambi\u00e9n un factor importante a destacar.<\/li>\n<li>La convocatoria de investigaci\u00f3n que ha lanzado el Ministerio de Educaci\u00f3n Nacional, Colombia Cient\u00edfica, es muy importante. El objetivo no es hacer bancos de proyectos, es estudiar un sistema que, apelando a la creatividad e innovaci\u00f3n de las instituciones, impulse todo el sistema de educaci\u00f3n colombiano, sus diversas variables a trav\u00e9s de alianzas estrat\u00e9gicas de caracter\u00edsticas regionales a las que invita a las ITTU p\u00fablicas a constituir y aplicar a las condiciones del programa.<\/li>\n<\/ol>\n<p style=\"text-align: center;\"><strong>REUNI\u00d3N PARA DISE\u00d1O DE UN MODELO DE FINANCIAMIENTO Y DISTRIBUCI\u00d3N DE RECURSOS PARA LAS UNIVERSIDADES E ITTU P\u00daBLICAS<\/strong><\/p>\n<p style=\"text-align: justify;\">El 15 de <img decoding=\"async\" class=\" wp-image-1109 alignleft\" src=\"http:\/\/www.redttu.edu.co\/es\/wp-content\/uploads\/2017\/03\/R1-300x169.png\" alt=\"R1\" width=\"408\" height=\"230\" srcset=\"https:\/\/www.redttu.edu.co\/es\/wp-content\/uploads\/2017\/03\/R1-300x169.png 300w, https:\/\/www.redttu.edu.co\/es\/wp-content\/uploads\/2017\/03\/R1-768x433.png 768w, https:\/\/www.redttu.edu.co\/es\/wp-content\/uploads\/2017\/03\/R1-1024x577.png 1024w, https:\/\/www.redttu.edu.co\/es\/wp-content\/uploads\/2017\/03\/R1.png 1195w\" sizes=\"(max-width: 408px) 100vw, 408px\" \/>marzo en la sede de la REDTTU, se reunieron los delegados del <strong>MEN<\/strong>, Alexis P\u00e9rez \u2013 Jaime Chaparro, representantes del <strong>SUE<\/strong>, Fernando Nore\u00f1a\u00a0y Tatiana Rinc\u00f3n y por la <strong>REDTTU<\/strong>, el Consejo Consultivo, Diana M. P\u00e9rez y el Director Ejecutivo Felipe Ortiz, con el fin de abordar la primera discusi\u00f3n sobre el dise\u00f1o de un modelo de financiamiento y distribuci\u00f3n de recursos para las universidades p\u00fablicas y para las ITTU p\u00fablicas en torno a los recursos provenientes de la ley 1819 de la reforma tributaria.<\/p>\n<p style=\"text-align: justify;\">Esta reuni\u00f3n se llev\u00f3 a cabo bajo la inspiraci\u00f3n de la Viceministra de Educaci\u00f3n Superior, Doctora Natalia Ru\u00edz Rodgers quien invit\u00f3 al SUE y a la REDTTU a trabajar conjuntamente en el dise\u00f1o de este modelo, y bajo la exhortaci\u00f3n que la Viceministra hizo a los rectores de la REDTTU durante su intervenci\u00f3n en la reciente Asamblea de Rectores el pasado de 3 de marzo en la sede de UNIBAC.<\/p>\n<p style=\"text-align: justify;\">Uno de los compromisos adquiridos durante la reuni\u00f3n ha sido la de trabajar intensamente durante los pr\u00f3ximos 8 d\u00edas en la recopilaci\u00f3n de la informaci\u00f3n espec\u00edfica que ser\u00e1 solicitada a las ITTU, tanto por el MEN como por la REDTTU, lo anterior mencionado con el prop\u00f3sito de reunir en Bogot\u00e1 el pr\u00f3ximo viernes 24 de marzo a los equipos de trabajo del MEN \u2013 SUE y REDTTU para abordar el primer documento, un escrito base de una propuesta conjunta que ser\u00e1 planteada por las 2 asociaciones a la Viceministra de Educaci\u00f3n Superior en la semana siguiente.<\/p>\n<p style=\"text-align: justify;\">La reuni\u00f3n se desarroll\u00f3 bajo un ambiente de fraternidad y camarader\u00eda que har\u00e1 posible, por vez primera, desarrollar acuerdos en aspectos tan cruciales como el de la financiaci\u00f3n de la Educaci\u00f3n Superior P\u00fablica<strong>\u00a0<\/strong><\/p>\n<p style=\"text-align: justify;\"><strong>\u00a0<\/strong><\/p>\n<p style=\"text-align: center;\"><strong>POR SUS SERVICIOS A LA EDUCACI\u00d3N SUPERIOR, EL<\/strong><\/p>\n<p style=\"text-align: center;\"><strong>CONGRESO CONDECORA AL RECTOR LORENZO PORTOCARRERO SIERRA DEL TDEA<\/strong><\/p>\n<p style=\"text-align: justify;\"><strong>\u00a0<img decoding=\"async\" class=\" wp-image-1135 alignleft\" src=\"http:\/\/www.redttu.edu.co\/es\/wp-content\/uploads\/2017\/03\/55576474-4e63-4652-8574-544ad54a1596-200x300.jpg\" alt=\"55576474-4e63-4652-8574-544ad54a1596\" width=\"288\" height=\"432\" srcset=\"https:\/\/www.redttu.edu.co\/es\/wp-content\/uploads\/2017\/03\/55576474-4e63-4652-8574-544ad54a1596-200x300.jpg 200w, https:\/\/www.redttu.edu.co\/es\/wp-content\/uploads\/2017\/03\/55576474-4e63-4652-8574-544ad54a1596.jpg 441w\" sizes=\"(max-width: 288px) 100vw, 288px\" \/><\/strong><\/p>\n<p style=\"text-align: justify;\">\u00a0\u201cEl Senado de la Rep\u00fablica, le confiri\u00f3 la Orden del Congreso de Colombia en el Grado de Caballero, al rector del Tecnol\u00f3gico de Antioquia, Lorenzo Portocarrero Sierra, en acto que tuvo lugar este 15 de marzo, en el Sal\u00f3n de la Constituci\u00f3n del Capitolio Nacional.<\/p>\n<p style=\"text-align: justify;\">La corporaci\u00f3n legislativa consider\u00f3 que, Portocarrero Sierra: \u201cHa sido gestor de innovaci\u00f3n desde procesos acad\u00e9micos como profesor titular e investigador de la educaci\u00f3n superior por m\u00e1s de 34 a\u00f1os en programas de pregrado y posgrado, vinculado a instituciones como la Universidad EAFIT, la Universidad de Antioquia, La Universidad Pontificia Bolivariana, la Universidad Cooperativa de Colombia, la Universidad Tecnol\u00f3gica del Choc\u00f3 y el Tecnol\u00f3gico de Antioquia\u201d.<\/p>\n<p style=\"text-align: justify;\">Igualmente, el Congreso tuvo en cuenta su significativa contribuci\u00f3n con visi\u00f3n humanista para el desarrollo de la educaci\u00f3n superior en Colombia, y representa a las Instituciones Universitarias o Escuelas Tecnol\u00f3gicas estatales u oficiales del pa\u00eds ante el Consejo Nacional de Educaci\u00f3n Superior \u2014CESU\u2014, donde coordina la Mesa de Sostenibilidad Financiera en la que se ha destacado como gran defensor de la equidad en la distribuci\u00f3n de los recursos a todas las instituciones p\u00fablicas del sistema de educaci\u00f3n superior.<\/p>\n<p style=\"text-align: justify;\">En su intervenci\u00f3n, el rector, agradeci\u00f3 al Congreso de la Rep\u00fablica en general y al senador Juan Carlos Restrepo Escobar en particular, la honrosa distinci\u00f3n, lo mismo que: \u201c<em>A Dios por haberme dado el ser, el saber hacer y aprender a vivir en comunidad; a mis padres, Miguel Segundo y Rosa Basilia, por el amor, est\u00edmulo constante, ejemplo de conducta y sacrificio personal que me guiaron para afrontar los avatares de la vida. A mi esposa e hijos por el afecto y cari\u00f1o que me entregan a cada instante, la comprensi\u00f3n y el apoyo incondicionales que se constituyen en el motor de mi vida<\/em>\u201d. Agradecimientos que hizo extensivos a sus colegas, amigos y a quienes han forjado la historia del TdeA: rectores, personal administrativo, miembros de los consejos Directivo y Acad\u00e9mico, profesores, estudiantes, egresados y, en general, a toda la comunidad universitaria.<\/p>\n<p style=\"text-align: center;\"><strong>RENUNCIA EL RECTOR AQUILEO MEDINA AL ITFIP<\/strong><\/p>\n<p style=\"text-align: justify;\"><img decoding=\"async\" class=\" wp-image-1136 alignleft\" src=\"http:\/\/www.redttu.edu.co\/es\/wp-content\/uploads\/2017\/03\/Rector-202x300.jpg\" alt=\"Rector\" width=\"223\" height=\"330\" srcset=\"https:\/\/www.redttu.edu.co\/es\/wp-content\/uploads\/2017\/03\/Rector-202x300.jpg 202w, https:\/\/www.redttu.edu.co\/es\/wp-content\/uploads\/2017\/03\/Rector.jpg 338w\" sizes=\"(max-width: 223px) 100vw, 223px\" \/><\/p>\n<p style=\"text-align: justify;\">El rector de la Instituci\u00f3n Tolimense de Formaci\u00f3n T\u00e9cnica Profesional \u2013 ITFIP, <strong>AQUILEO MEDINA ARTEAGA<\/strong> present\u00f3 renuncia al cargo el pasado 7 de marzo. Para la REDTTU, es una sensible p\u00e9rdida su alejamiento de la rector\u00eda por cuanto conviene recordar que ha sido uno de los fundadores de la Red y miembro de su Consejo Directivo hasta el a\u00f1o 2015, donde se distingui\u00f3 siempre por sus virtudes humanas, acad\u00e9micas y profesionales en pro del fortalecimiento y desarrollo de la educaci\u00f3n t\u00e9cnica y tecnol\u00f3gica del pa\u00eds.<\/p>\n<p style=\"text-align: justify;\">Le deseamos al rector Aquileo Medina el mayor de los \u00e9xitos en la carrera que emprende, en procura de obtener el respaldo ciudadano en el departamento del Tolima en su aspiraci\u00f3n al Congreso de la Rep\u00fablica.<\/p>\n<p style=\"text-align: justify;\"><span style=\"color: #ffffff;\">k<\/span><\/p>\n<p style=\"text-align: justify;\"><span style=\"color: #ffffff;\">k<\/span><\/p>\n<p style=\"text-align: justify;\"><span style=\"color: #ffffff;\">k<\/span><\/p>\n<p style=\"text-align: center;\"><strong>CUMPLEA\u00d1OS 70 DEL COLEGIO MAYOR DE BOL\u00cdVAR<\/strong><\/p>\n<p style=\"text-align: center;\"><strong>\u00a0<img decoding=\"async\" class=\"alignnone wp-image-1137\" src=\"http:\/\/www.redttu.edu.co\/es\/wp-content\/uploads\/2017\/03\/70-300x99.png\" alt=\"70\" width=\"813\" height=\"268\" srcset=\"https:\/\/www.redttu.edu.co\/es\/wp-content\/uploads\/2017\/03\/70-300x99.png 300w, https:\/\/www.redttu.edu.co\/es\/wp-content\/uploads\/2017\/03\/70-768x253.png 768w, https:\/\/www.redttu.edu.co\/es\/wp-content\/uploads\/2017\/03\/70.png 954w\" sizes=\"(max-width: 813px) 100vw, 813px\" \/><\/strong><\/p>\n<p style=\"text-align: justify;\">Con 70 a\u00f1os de vida educativa, el Colegio Mayor de Bol\u00edvar, celebra su cumplea\u00f1os en medio de un fuerte compromiso social y acad\u00e9mico. En la actualidad, la instituci\u00f3n se posiciona como s\u00edmbolo de oportunidad y transformaci\u00f3n social en la sociedad cartagenera, ofreciendo a la comunidad carreras de formaci\u00f3n superior de calidad humana y profesional.<\/p>\n<p style=\"text-align: justify;\"><em>\u00a0<\/em>La REDTTU celebra con el Colegio Mayor de Bol\u00edvar este grato hecho hist\u00f3rico y felicita a la rectora Carmen\u00a0Alvarado Utria quien bajo su direcci\u00f3n el Colmayor Bol\u00edvar ha alcanzado altos niveles de excelencia educativa e institucional.<\/p>\n<p style=\"text-align: justify;\">M\u00e1s informaci\u00f3n de las actividades en la celebraci\u00f3n del cumplea\u00f1os 70 en la p\u00e1gina web de la instituci\u00f3n: <a href=\"http:\/\/www.colmayorbolivar.edu.co\/\">http:\/\/www.colmayorbolivar.edu.co\/<\/a><\/p>\n<p style=\"text-align: center;\"><strong>OPINI\u00d3N<\/strong><\/p>\n<div class=\"video-shortcode\"><iframe width=\"1100\" height=\"619\" src=\"https:\/\/www.youtube.com\/embed\/mU9bvBjN-bQ?feature=oembed\" frameborder=\"0\" allow=\"accelerometer; autoplay; encrypted-media; gyroscope; picture-in-picture\" allowfullscreen><\/iframe><\/div>\n<p style=\"text-align: justify;\"><strong>\u00a0<\/strong><\/p>\n<p style=\"text-align: justify;\"><strong>\u00a0<\/strong><\/p>\n<p style=\"text-align: justify;\"><strong>\u00a0<\/strong><\/p>\n<p style=\"text-align: justify;\"><strong>\u00a0<\/strong><\/p>\n<p style=\"text-align: right;\"><strong>\u00a0<\/strong><\/p>\n<p style=\"text-align: right;\"><strong>\u00c1rea de Comunicaciones REDTTU<\/strong><\/p>\n<p style=\"text-align: right;\">Jonathan Parra<\/p>\n<p style=\"text-align: right;\">Coordinador<\/p>\n<p style=\"text-align: right;\"><a href=\"mailto:comunicaciones@redttu.edu.co\">comunicaciones@redttu.edu.co<\/a><\/p>\n<p style=\"text-align: right;\"><a href=\"http:\/\/www.redttu.edu.co\">www.redttu.edu.co<\/a><\/p>\n<p>&nbsp;<\/p>\n<p>&nbsp;<\/p>\n<p><em>\u00a0<\/em><\/p>\n<\/div><div class=\"fusion-clearfix\"><\/div><\/div><\/div><\/div><\/div>\n","protected":false},"excerpt":{"rendered":"","protected":false},"author":1,"featured_media":1129,"comment_status":"open","ping_status":"open","sticky":false,"template":"","format":"standard","meta":{"footnotes":""},"categories":[37,19,20],"tags":[],"class_list":["post-1128","post","type-post","status-publish","format-standard","has-post-thumbnail","hentry","category-boletines","category-editorial","category-noticias"],"_links":{"self":[{"href":"https:\/\/www.redttu.edu.co\/es\/wp-json\/wp\/v2\/posts\/1128","targetHints":{"allow":["GET"]}}],"collection":[{"href":"https:\/\/www.redttu.edu.co\/es\/wp-json\/wp\/v2\/posts"}],"about":[{"href":"https:\/\/www.redttu.edu.co\/es\/wp-json\/wp\/v2\/types\/post"}],"author":[{"embeddable":true,"href":"https:\/\/www.redttu.edu.co\/es\/wp-json\/wp\/v2\/users\/1"}],"replies":[{"embeddable":true,"href":"https:\/\/www.redttu.edu.co\/es\/wp-json\/wp\/v2\/comments?post=1128"}],"version-history":[{"count":13,"href":"https:\/\/www.redttu.edu.co\/es\/wp-json\/wp\/v2\/posts\/1128\/revisions"}],"predecessor-version":[{"id":3103,"href":"https:\/\/www.redttu.edu.co\/es\/wp-json\/wp\/v2\/posts\/1128\/revisions\/3103"}],"wp:featuredmedia":[{"embeddable":true,"href":"https:\/\/www.redttu.edu.co\/es\/wp-json\/wp\/v2\/media\/1129"}],"wp:attachment":[{"href":"https:\/\/www.redttu.edu.co\/es\/wp-json\/wp\/v2\/media?parent=1128"}],"wp:term":[{"taxonomy":"category","embeddable":true,"href":"https:\/\/www.redttu.edu.co\/es\/wp-json\/wp\/v2\/categories?post=1128"},{"taxonomy":"post_tag","embeddable":true,"href":"https:\/\/www.redttu.edu.co\/es\/wp-json\/wp\/v2\/tags?post=1128"}],"curies":[{"name":"wp","href":"https:\/\/api.w.org\/{rel}","templated":true}]}}